{"id":467657,"date":"2025-10-16T14:59:12","date_gmt":"2025-10-16T14:59:12","guid":{"rendered":"https:\/\/www.europesays.com\/fr\/467657\/"},"modified":"2025-10-16T14:59:12","modified_gmt":"2025-10-16T14:59:12","slug":"marseille-bus-devies-circulation-a-larret-ce-carrefour-geant-bloque-ce-quil-se-passe","status":"publish","type":"post","link":"https:\/\/www.europesays.com\/fr\/467657\/","title":{"rendered":"Marseille. Bus d\u00e9vi\u00e9s, circulation \u00e0 l&rsquo;arr\u00eat, ce carrefour g\u00e9ant bloqu\u00e9 : ce qu&rsquo;il se passe"},"content":{"rendered":"<p>            Par<br \/>\n        <strong><br \/>\n            <a href=\"https:\/\/actu.fr\/auteur\/fabien-binacchi\" title=\"Consulter tous les articles de Fabien Binacchi\" target=\"_blank\" rel=\"noopener\">Fabien Binacchi<\/a><br \/>\n        <\/strong><\/p>\n<p>        Publi\u00e9 le<\/p>\n<p>            16 oct. 2025 \u00e0 16h52        <\/p>\n<p>Ils sont arriv\u00e9s pour tout bloquer. Depuis environ 15h ce jeudi 16\u00a0octobre, <strong>des forains<\/strong> sont positionn\u00e9s, \u00e0 l\u2019arr\u00eat, sur le rond-point du <a href=\"https:\/\/actu.fr\/tag\/prado\" target=\"_blank\" rel=\"noopener\">Prado<\/a> pour exprimer leurs revendications\u2009: \u00ab\u2009Tous les march\u00e9s de <a href=\"https:\/\/actu.fr\/marseille\/\" target=\"_blank\" rel=\"noopener\">Marseille<\/a> sont en danger\u2009\u00bb, d\u00e9noncent-ils. <strong>La circulation est \u00e0 l\u2019arr\u00eat dans le secteur.<\/strong> De nombreuses lignes de bus sont d\u00e9vi\u00e9es.<\/p>\n<p>Une question d\u2019autorisation d\u2019emplacement<\/p>\n<p class=\" wall-content\">Ils ont vis\u00e9 un des points n\u00e9vralgiques du sud de Marseille. Les forains ont gar\u00e9 <strong>une trentaine de fourgons<\/strong> tout autour du rond-point du Prado, dans le 8e arrondissement.<\/p>\n<p>    <a href=\"https:\/\/www.google.com\/maps\/embed?pb=!1m18!1m12!1m3!1d2689.3846878615664!2d5.388968811280506!3d43.27259677684421!2m3!1f0!2f0!3f0!3m2!1i1024!2i768!4f13.1!3m3!1m2!1s0x12c9c757007bbfc5%3A0x1e71b0a39afe743d!2sRdpt%20du%20Prado%2C%2013008%20Marseille!5e1!3m2!1sfr!2sfr!4v1760625527124!5m2!1sfr!2sfr\" title=\"Ouvrie le lien\" target=\"_blank\" rel=\"noopener\">Cliquez ici pour visualiser le contenu<\/a><\/p>\n<p class=\" wall-content\">Ils sont l\u00e0 pour faire entendre leurs voix. Plusieurs inscriptions sur des draps blancs sont visibles\u2009: \u00ab\u2009Nos march\u00e9s m\u00e9ritent la justice, pas le chaos\u2009\u00bb, \u00ab\u2009travaux finis, droits bafou\u00e9s\u2009\u00bb.<\/p>\n<p class=\" wall-content\">Un <strong>rassemblement \u00ab\u2009programm\u00e9\u2009\u00bb,<\/strong> selon Michel Marin, le repr\u00e9sentant du syndicat des March\u00e9s de France dans les Bouches-du-Rh\u00f4ne. actu Marseille l\u2019a rencontr\u00e9.<\/p>\n<blockquote class=\"ac-article-quote wall-content\">\n<p>La municipalit\u00e9 veut mettre en place de nouvelles autorisations d\u2019emplacement [AOT] valables trois ans, renouvelable une fois. \u00c7a ne correspond pas \u00e0 tous nos adh\u00e9rents. On ne peut pas avoir une activit\u00e9 de commerces non s\u00e9dentaire et savoir que, dans six ans, notre emplacement sera transmis \u00e0 d\u2019autres commer\u00e7ants. Nous voulons une AOT renouvelable tacitement.<\/p>\n<p>    <strong>Michel Marin<\/strong>\n            <\/p><\/blockquote>\n<p class=\" wall-content\">Sur place, la situation est plut\u00f4t calme et encadr\u00e9e par des policiers.<\/p>\n<p>Votre r\u00e9gion, votre actu !<\/p>\n<p>Recevez chaque jour les infos qui comptent pour vous.<\/p>\n<p>\t<a href=\"https:\/\/actu.fr\/newsletter\" class=\"ac-btn ac-btn--corner ac-btn--medium ac-btn--blue800\" target=\"_blank\" rel=\"noopener\">S&rsquo;incrire<\/a><\/p>\n<p>    <img   decoding=\"async\" loading=\"lazy\" src=\"https:\/\/www.europesays.com\/fr\/wp-content\/uploads\/2025\/10\/whatsapp-image-2025-10-16-at-164154-1-960x640.jpeg\" alt=\"manifestation forains marseille\" width=\"960\" height=\"640\"\/><br \/>\n    Une trentaine de fourgons sont positionn\u00e9s autour du rond-point. (\u00a9TN \/ actu Marseille)Jusqu\u2019\u00e0 19h, au maximum<\/p>\n<p class=\" wall-content\">Le responsable explique\u2009: \u00ab\u2009D\u2019autres manifestations sont pr\u00e9vues. Si nous ne sommes pas entendus, \u00e7a va prendre <strong>des proportions beaucoup plus importantes<\/strong> et \u00e7a ne se limitera pas au Prado. La ville de Marseille sera dans une mauvaise posture. \u00c7a durera autant qu\u2019il le faudra.\u2009\u00bb Pour ce jeudi, les forains ont pr\u00e9vu de lib\u00e9rer les lieux avant 19h.<\/p>\n<p class=\" wall-content\">En attendant, la circulation est bloqu\u00e9e entre Perier et le rond-point du Prado, <strong>essentiellement dans le sens Castellane-Prado.<\/strong><\/p>\n<p class=\" wall-content\">\n<p class=\" wall-content\">Sur son site, la RTM invite \u00e0 \u00ab\u2009privil\u00e9gier le m\u00e9tro\u2009\u00bb dans le secteur. Les lignes de bus <strong>B1, 19, 22, 22S, 23, 41, 44, 45, 72 et 83<\/strong> sont impact\u00e9es. Le d\u00e9tail est \u00e0 retrouver sur <a href=\"https:\/\/www.rtm.fr\/infos-trafic\/8409704042954543390\" target=\"_blank\" rel=\"noopener\">cette page.<\/a><\/p>\n<p class=\" wall-content\"><strong>Avec Thibault Nadal<\/strong><\/p>\n<p class=\" wall-content\">Personnalisez votre actualit\u00e9 en ajoutant vos villes et m\u00e9dias en favori avec <a href=\"https:\/\/moncompte.actu.fr\" title=\"D\u00e9couvez Mon Actu\" rel=\"nofollow noopener\" data-trk=\"{&quot;cta&quot;:{&quot;action&quot;:&quot;https:\\\/\\\/moncompte.actu.fr&quot;,&quot;category&quot;:&quot;mon compte&quot;,&quot;from&quot;:&quot;article footer&quot;,&quot;name&quot;:&quot;Mon actu&quot;,&quot;type&quot;:&quot;cta&quot;}}\" target=\"_blank\">Mon Actu<\/a>.<\/p>\n","protected":false},"excerpt":{"rendered":"Par Fabien Binacchi Publi\u00e9 le 16 oct. 2025 \u00e0 16h52 Ils sont arriv\u00e9s pour tout bloquer. Depuis environ&hellip;\n","protected":false},"author":2,"featured_media":467658,"comment_status":"","ping_status":"","sticky":false,"template":"","format":"standard","meta":{"footnotes":""},"categories":[2814],"tags":[1111,11,59174,1777,674,118,1011,27,1272,2089,884,12,882,25],"class_list":{"0":"post-467657","1":"post","2":"type-post","3":"status-publish","4":"format-standard","5":"has-post-thumbnail","7":"category-marseille","8":"tag-actu","9":"tag-actualites","10":"tag-boulevard-du-prado","11":"tag-eu","12":"tag-europe","13":"tag-faits-divers","14":"tag-fr","15":"tag-france","16":"tag-manifestations","17":"tag-marche","18":"tag-marseille","19":"tag-news","20":"tag-provence-alpes-cote-dazur","21":"tag-republique-francaise"},"share_on_mastodon":{"url":"https:\/\/pubeurope.com\/@fr\/115384442812577116","error":""},"_links":{"self":[{"href":"https:\/\/www.europesays.com\/fr\/wp-json\/wp\/v2\/posts\/467657","targetHints":{"allow":["GET"]}}],"collection":[{"href":"https:\/\/www.europesays.com\/fr\/wp-json\/wp\/v2\/posts"}],"about":[{"href":"https:\/\/www.europesays.com\/fr\/wp-json\/wp\/v2\/types\/post"}],"author":[{"embeddable":true,"href":"https:\/\/www.europesays.com\/fr\/wp-json\/wp\/v2\/users\/2"}],"replies":[{"embeddable":true,"href":"https:\/\/www.europesays.com\/fr\/wp-json\/wp\/v2\/comments?post=467657"}],"version-history":[{"count":0,"href":"https:\/\/www.europesays.com\/fr\/wp-json\/wp\/v2\/posts\/467657\/revisions"}],"wp:featuredmedia":[{"embeddable":true,"href":"https:\/\/www.europesays.com\/fr\/wp-json\/wp\/v2\/media\/467658"}],"wp:attachment":[{"href":"https:\/\/www.europesays.com\/fr\/wp-json\/wp\/v2\/media?parent=467657"}],"wp:term":[{"taxonomy":"category","embeddable":true,"href":"https:\/\/www.europesays.com\/fr\/wp-json\/wp\/v2\/categories?post=467657"},{"taxonomy":"post_tag","embeddable":true,"href":"https:\/\/www.europesays.com\/fr\/wp-json\/wp\/v2\/tags?post=467657"}],"curies":[{"name":"wp","href":"https:\/\/api.w.org\/{rel}","templated":true}]}}