{"id":467661,"date":"2025-10-16T15:01:12","date_gmt":"2025-10-16T15:01:12","guid":{"rendered":"https:\/\/www.europesays.com\/fr\/467661\/"},"modified":"2025-10-16T15:01:12","modified_gmt":"2025-10-16T15:01:12","slug":"cinq-personnes-en-garde-a-vue-liberation","status":"publish","type":"post","link":"https:\/\/www.europesays.com\/fr\/467661\/","title":{"rendered":"cinq personnes en garde \u00e0 vue \u2013 Lib\u00e9ration"},"content":{"rendered":"<p class=\"sc-cPiKLX AiZTS text-element\">Cinq personnes ont \u00e9t\u00e9 interpell\u00e9es ce jeudi 16 octobre \u00e0 Lyon pour avoir \u00e9t\u00e9 en contact avec l\u2019homme soup\u00e7onn\u00e9 <a href=\"https:\/\/www.liberation.fr\/societe\/police-justice\/lyon-un-homme-en-fauteuil-roulant-tue-a-larme-blanche-20250911_HEPGFDULUZCXZMBOHGGY76GTIY\/\" target=\"_blank\" rel=\"noopener\" title=\"https:\/\/www.liberation.fr\/societe\/police-justice\/lyon-un-homme-en-fauteuil-roulant-tue-a-larme-blanche-20250911_HEPGFDULUZCXZMBOHGGY76GTIY\/\">d\u2019avoir \u00e9gorg\u00e9 un homme en situation de handicap le 10 septembre<\/a> dans le IXe arrondissement de la ville. Les gardes \u00e0 vue sont prises en charge par la Sous-direction antiterroriste (Sdat) : l\u2019enqu\u00eate, initialement ouverte pour assassinat, <a href=\"https:\/\/www.liberation.fr\/societe\/police-justice\/meurtre-dun-chretien-irakien-en-fauteuil-roulant-a-lyon-lenquete-confiee-au-pole-antiterroriste-20251013_NYXJ252SE5GHFKCEGKY6UBAYME\/?redirected=1\" target=\"_blank\" rel=\"noopener\" title=\"https:\/\/www.liberation.fr\/societe\/police-justice\/meurtre-dun-chretien-irakien-en-fauteuil-roulant-a-lyon-lenquete-confiee-au-pole-antiterroriste-20251013_NYXJ252SE5GHFKCEGKY6UBAYME\/?redirected=1\">a \u00e9t\u00e9 \u00e9tendue le 9 octobre<\/a>, \u00abau regard des derni\u00e8res avanc\u00e9es de l\u2019enqu\u00eate\u00bb, aux infractions d\u2019\u00abassassinat en relation avec une entreprise terroriste\u00bb et \u00abassociation de malfaiteurs terroriste criminelle\u00bb, avaient annonc\u00e9 le procureur de Lyon, Thierry Dran, et le procureur antiterroriste, Olivier Christen. <\/p>\n<p class=\"sc-cPiKLX AiZTS text-element\">Vis\u00e9 par un mandat d\u2019arr\u00eat europ\u00e9en, le suspect du meurtre, un Alg\u00e9rien entr\u00e9 en Italie le 12 septembre, <a href=\"https:\/\/www.liberation.fr\/societe\/police-justice\/meurtre-dun-chretien-irakien-en-fauteuil-roulant-a-lyon-un-suspect-arrete-en-italie-20251003_HBKQVLPSTRFY5PMMPHP4ZJVH6M\/\" target=\"_blank\" rel=\"noopener\" title=\"https:\/\/www.liberation.fr\/societe\/police-justice\/meurtre-dun-chretien-irakien-en-fauteuil-roulant-a-lyon-un-suspect-arrete-en-italie-20251003_HBKQVLPSTRFY5PMMPHP4ZJVH6M\/\">a \u00e9t\u00e9 arr\u00eat\u00e9 le 2 octobre dans le sud du pays<\/a>. Un immense couteau a \u00e9t\u00e9 saisi lors de son interpellation, a pr\u00e9cis\u00e9 la police italienne. Et selon une source polici\u00e8re fran\u00e7aise, des \u00abinvestigations techniques tr\u00e8s pouss\u00e9es\u00bb ont situ\u00e9 ce suspect pr\u00e8s de la sc\u00e8ne de crime au moment des faits. <\/p>\n<p class=\"sc-cPiKLX AiZTS text-element\">La victime, Ashur Sarnaya, un chr\u00e9tien d\u2019Irak de 45 ans, a \u00e9t\u00e9 frapp\u00e9e au cou \u00e0 l\u2019arme blanche le soir du 10 septembre au pied de son immeuble, \u00e0 Lyon, par un homme qui l\u2019attendait et qui avait pris la fuite \u00e0 pied. Au moment de l\u2019attaque, cet homme en situation de handicap \u00e9tait en train de faire un live vid\u00e9o consacr\u00e9 \u00e0 la religion chr\u00e9tienne, comme il en avait l\u2019habitude. Les pompiers n\u2019avaient pas pu le ranimer. <\/p>\n<p class=\"sc-cPiKLX AiZTS text-element\">La victime vivait \u00e0 Lyon avec sa s\u0153ur depuis au moins dix ans. Sur ses comptes en ligne, cet homme s\u2019exprimait en arabe et postait des vid\u00e9os souvent consacr\u00e9es \u00e0 la religion chr\u00e9tienne. Sur l\u2019une d\u2019elles, visible sur TikTok, il affirmait que ses contenus \u00e9taient r\u00e9guli\u00e8rement bloqu\u00e9s et ses comptes suspendus en raison, selon lui, de signalements faits par des utilisateurs musulmans. <\/p>\n<p class=\"sc-cPiKLX AiZTS text-element\"><b>Mise \u00e0 jour <\/b>\u00e0 16 heures avec davantage d\u2019\u00e9l\u00e9ments. <\/p>\n","protected":false},"excerpt":{"rendered":"Cinq personnes ont \u00e9t\u00e9 interpell\u00e9es ce jeudi 16 octobre \u00e0 Lyon pour avoir \u00e9t\u00e9 en contact avec l\u2019homme&hellip;\n","protected":false},"author":2,"featured_media":467662,"comment_status":"","ping_status":"","sticky":false,"template":"","format":"standard","meta":{"footnotes":""},"categories":[1889],"tags":[1111,11,2430,1777,674,1011,27,2428,12,25,1254],"class_list":{"0":"post-467661","1":"post","2":"type-post","3":"status-publish","4":"format-standard","5":"has-post-thumbnail","7":"category-lyon","8":"tag-actu","9":"tag-actualites","10":"tag-auvergne-rhone-alpes","11":"tag-eu","12":"tag-europe","13":"tag-fr","14":"tag-france","15":"tag-lyon","16":"tag-news","17":"tag-republique-francaise","18":"tag-terrorisme"},"share_on_mastodon":{"url":"https:\/\/pubeurope.com\/@fr\/115384450054357146","error":""},"_links":{"self":[{"href":"https:\/\/www.europesays.com\/fr\/wp-json\/wp\/v2\/posts\/467661","targetHints":{"allow":["GET"]}}],"collection":[{"href":"https:\/\/www.europesays.com\/fr\/wp-json\/wp\/v2\/posts"}],"about":[{"href":"https:\/\/www.europesays.com\/fr\/wp-json\/wp\/v2\/types\/post"}],"author":[{"embeddable":true,"href":"https:\/\/www.europesays.com\/fr\/wp-json\/wp\/v2\/users\/2"}],"replies":[{"embeddable":true,"href":"https:\/\/www.europesays.com\/fr\/wp-json\/wp\/v2\/comments?post=467661"}],"version-history":[{"count":0,"href":"https:\/\/www.europesays.com\/fr\/wp-json\/wp\/v2\/posts\/467661\/revisions"}],"wp:featuredmedia":[{"embeddable":true,"href":"https:\/\/www.europesays.com\/fr\/wp-json\/wp\/v2\/media\/467662"}],"wp:attachment":[{"href":"https:\/\/www.europesays.com\/fr\/wp-json\/wp\/v2\/media?parent=467661"}],"wp:term":[{"taxonomy":"category","embeddable":true,"href":"https:\/\/www.europesays.com\/fr\/wp-json\/wp\/v2\/categories?post=467661"},{"taxonomy":"post_tag","embeddable":true,"href":"https:\/\/www.europesays.com\/fr\/wp-json\/wp\/v2\/tags?post=467661"}],"curies":[{"name":"wp","href":"https:\/\/api.w.org\/{rel}","templated":true}]}}