{"id":467704,"date":"2025-10-16T15:24:12","date_gmt":"2025-10-16T15:24:12","guid":{"rendered":"https:\/\/www.europesays.com\/fr\/467704\/"},"modified":"2025-10-16T15:24:12","modified_gmt":"2025-10-16T15:24:12","slug":"livree-speciale-pour-la-haas-desteban-ocon-au-gp-des-etats-unis-decouvrez-la-en-images","status":"publish","type":"post","link":"https:\/\/www.europesays.com\/fr\/467704\/","title":{"rendered":"Livr\u00e9e sp\u00e9ciale pour la Haas d\u2019Esteban Ocon au GP des \u00c9tats-Unis, d\u00e9couvrez-la en images"},"content":{"rendered":"<p>L&rsquo;\u00e9curie Haas dispute ce week-end sur le Circuit des Am\u00e9riques (COTA) sa deuxi\u00e8me course \u00e0 domicile apr\u00e8s Miami. Et pour l&rsquo;occasion, Esteban Ocon conduira une livr\u00e9e sp\u00e9ciale que nous vous proposons de d\u00e9couvrir en photos.<\/p>\n<p>C&rsquo;est un hommage \u00e0 la banni\u00e8re \u00e9toil\u00e9e que Haas nous propose pour ce GP des \u00c9tats-Unis de F1 cette ann\u00e9e. La voiture d&rsquo;Esteban Ocon et d&rsquo;Oliver Bearman arborera \u00e0 plusieurs endroits des \u00e9toiles ainsi que des bandes rouge et bleus. Petit plus, cette livr\u00e9e est disponible dans le jeu F1 2025.<\/p>\n<blockquote class=\"instagram-media\" style=\"background-color:#FFF;border-radius:3px;border-width:0;box-shadow:0 0 1px 0 rgba(0,0,0,0.5),0 1px 10px 0 rgba(0,0,0,0.15);margin:1px;max-width:540px;min-width:326px;padding:0;width:calc(100% - 2px);\" data-instgrm-captioned=\"\" data-instgrm-permalink=\"https:\/\/www.instagram.com\/reel\/DPy1cxGjDB8\/?utm_source=ig_embed&amp;utm_campaign=loading\" data-instgrm-version=\"14\"><\/blockquote>\n<p>En plus de cette livr\u00e9e, Haas arrive au GP des \u00c9tats-Unis de F1 avec des \u00e9volutions. L&rsquo;\u00e9curie esp\u00e8re marquer des points et tenter de d\u00e9passer sa meilleure performance en course obtenue en 2024. C&rsquo;\u00e9tait une 8e place obtenue par Nico Hulkenberg.<\/p>\n<blockquote class=\"instagram-media\" style=\"background-color:#FFF;border-radius:3px;border-width:0;box-shadow:0 0 1px 0 rgba(0,0,0,0.5),0 1px 10px 0 rgba(0,0,0,0.15);margin:1px;max-width:540px;min-width:326px;padding:0;width:calc(100% - 2px);\" data-instgrm-captioned=\"\" data-instgrm-permalink=\"https:\/\/www.instagram.com\/p\/DPwQu0PDHCs\/?utm_source=ig_embed&amp;utm_campaign=loading\" data-instgrm-version=\"14\"><\/blockquote>\n<p>Au classement du championnat du monde des constructeurs, Haas est 9e avec 46 points. L&rsquo;\u00e9curie affiche un retard de 9 points sur Sauber.<\/p>\n<p>Programme, cha\u00eene TV et horaires du GP des \u00c9tats-Unis de F1<\/p>\n<tr>\nSESSION<br \/>\nCHA\u00ceNE TV<br \/>\nDATE<br \/>\nHORAIRE<br \/>\n<\/tr>\n<tr>\n<td style=\"border:1px solid hsl(0, 0%, 90%);text-align:center;\">Essais Libres 1<\/td>\n<td style=\"border:1px solid hsl(0, 0%, 90%);text-align:center;\">Canal+ Sport<\/td>\n<td style=\"border:1px solid hsl(0, 0%, 90%);text-align:center;\">Vendredi 17 octobre<\/td>\n<td style=\"border:1px solid hsl(0, 0%, 90%);text-align:center;\">\u00c0 partir de 19h20<\/td>\n<\/tr>\n<tr>\n<td style=\"background-color:hsl(0, 0%, 90%);border:1px solid hsl(0, 0%, 90%);text-align:center;\">Qualifications sprint<\/td>\n<td style=\"background-color:hsl(0, 0%, 90%);border:1px solid hsl(0, 0%, 90%);text-align:center;\">Canal+ Sport<\/td>\n<td style=\"background-color:hsl(0, 0%, 90%);border:1px solid hsl(0, 0%, 90%);text-align:center;\">Vendredi 17 octobre<\/td>\n<td style=\"background-color:hsl(0, 0%, 90%);border:1px solid hsl(0, 0%, 90%);text-align:center;\">\u00c0 partir de 23h18<\/td>\n<\/tr>\n<tr>\n<td style=\"border:1px solid hsl(0, 0%, 90%);text-align:center;\">Course sprint<\/td>\n<td style=\"border:1px solid hsl(0, 0%, 90%);text-align:center;\">Canal+ Sport<\/td>\n<td style=\"border:1px solid hsl(0, 0%, 90%);text-align:center;\">Samedi 18 octobre<\/td>\n<td style=\"border:1px solid hsl(0, 0%, 90%);text-align:center;\">\u00c0 partir de 18h45<\/td>\n<\/tr>\n<tr>\n<td style=\"background-color:hsl(0, 0%, 90%);border:1px solid hsl(0, 0%, 90%);text-align:center;\">Qualifications<\/td>\n<td style=\"background-color:hsl(0, 0%, 90%);border:1px solid hsl(0, 0%, 90%);text-align:center;\">Canal+ Sport<\/td>\n<td style=\"background-color:hsl(0, 0%, 90%);border:1px solid hsl(0, 0%, 90%);text-align:center;\">Samedi 18 octobre<\/td>\n<td style=\"background-color:hsl(0, 0%, 90%);text-align:center;\">\u00c0 partir de 22h40<\/td>\n<\/tr>\n<tr>\n<td style=\"border:1px solid hsl(0, 0%, 90%);text-align:center;\">Course<\/td>\n<td style=\"border:1px solid hsl(0, 0%, 90%);text-align:center;\">Canal+ Sport 360<\/td>\n<td style=\"border:1px solid hsl(0, 0%, 90%);text-align:center;\">Dimanche 18 octobre<\/td>\n<td style=\"text-align:center;\">\u00c0 partir de 21h<\/td>\n<\/tr>\n<p>Cr\u00e9dit photo : Haas F1 Team.<\/p>\n<p>      <script async src=\"\/\/www.instagram.com\/embed.js\"><\/script><\/p>\n","protected":false},"excerpt":{"rendered":"L&rsquo;\u00e9curie Haas dispute ce week-end sur le Circuit des Am\u00e9riques (COTA) sa deuxi\u00e8me course \u00e0 domicile apr\u00e8s Miami.&hellip;\n","protected":false},"author":2,"featured_media":467705,"comment_status":"","ping_status":"","sticky":false,"template":"","format":"standard","meta":{"footnotes":""},"categories":[1412],"tags":[1451,1452,1453,1454,1455,1011,27,60],"class_list":{"0":"post-467704","1":"post","2":"type-post","3":"status-publish","4":"format-standard","5":"has-post-thumbnail","7":"category-f1","8":"tag-f1","9":"tag-formula-1","10":"tag-formula1","11":"tag-formule-1","12":"tag-formule1","13":"tag-fr","14":"tag-france","15":"tag-sports"},"share_on_mastodon":{"url":"https:\/\/pubeurope.com\/@fr\/115384540517171433","error":""},"_links":{"self":[{"href":"https:\/\/www.europesays.com\/fr\/wp-json\/wp\/v2\/posts\/467704","targetHints":{"allow":["GET"]}}],"collection":[{"href":"https:\/\/www.europesays.com\/fr\/wp-json\/wp\/v2\/posts"}],"about":[{"href":"https:\/\/www.europesays.com\/fr\/wp-json\/wp\/v2\/types\/post"}],"author":[{"embeddable":true,"href":"https:\/\/www.europesays.com\/fr\/wp-json\/wp\/v2\/users\/2"}],"replies":[{"embeddable":true,"href":"https:\/\/www.europesays.com\/fr\/wp-json\/wp\/v2\/comments?post=467704"}],"version-history":[{"count":0,"href":"https:\/\/www.europesays.com\/fr\/wp-json\/wp\/v2\/posts\/467704\/revisions"}],"wp:featuredmedia":[{"embeddable":true,"href":"https:\/\/www.europesays.com\/fr\/wp-json\/wp\/v2\/media\/467705"}],"wp:attachment":[{"href":"https:\/\/www.europesays.com\/fr\/wp-json\/wp\/v2\/media?parent=467704"}],"wp:term":[{"taxonomy":"category","embeddable":true,"href":"https:\/\/www.europesays.com\/fr\/wp-json\/wp\/v2\/categories?post=467704"},{"taxonomy":"post_tag","embeddable":true,"href":"https:\/\/www.europesays.com\/fr\/wp-json\/wp\/v2\/tags?post=467704"}],"curies":[{"name":"wp","href":"https:\/\/api.w.org\/{rel}","templated":true}]}}