{"id":467711,"date":"2025-10-16T15:28:10","date_gmt":"2025-10-16T15:28:10","guid":{"rendered":"https:\/\/www.europesays.com\/fr\/467711\/"},"modified":"2025-10-16T15:28:10","modified_gmt":"2025-10-16T15:28:10","slug":"un-dessin-de-picasso-estime-a-600-000-euros-disparait-lors-dun-transfert-de-madrid-a-grenade","status":"publish","type":"post","link":"https:\/\/www.europesays.com\/fr\/467711\/","title":{"rendered":"Un dessin de Picasso estim\u00e9 \u00e0 600\u00a0000 euros dispara\u00eet lors d\u2019un transfert de Madrid \u00e0 Grenade"},"content":{"rendered":"<p>\n    La peinture du XXe si\u00e8cle, baptis\u00e9e Nature morte \u00e0 la guitare, devait \u00eatre expos\u00e9e au public depuis la semaine derni\u00e8re \u00e0 la Fondation Caja Granada.<\/p>\n<p class=\"fig-paragraph\">La police espagnole a ouvert une enqu\u00eate apr\u00e8s la disparition d&rsquo;un tableau de\u00a0<a href=\"http:\/\/www.lefigaro.fr\/voyages\/dossier\/le-tour-d-espagne-de-pablo-picasso\" data-fig-type=\"Topic\" rel=\"sponsored noopener\" data-gtm-custom-categorie=\"navigation\" data-gtm-custom-action=\"crossclick\" data-gtm-custom-label=\"Contextuel\" data-gtm-event=\"customEventSPE\" data-fig-domain=\"LEFIGARO\" target=\"_blank\">Pablo Picasso<\/a>\u00a0lors de son transfert de\u00a0<a href=\"http:\/\/www.lefigaro.fr\/voyages\/dossier\/madrid\" data-fig-type=\"Topic\" data-gtm-custom-categorie=\"navigation\" data-gtm-custom-action=\"crossclick\" data-gtm-custom-label=\"Contextuel\" data-gtm-event=\"customEventSPE\" data-fig-domain=\"LEFIGARO\" target=\"_blank\" rel=\"noopener\">Madrid<\/a>\u00a0\u00e0 Grenade le 2 octobre, o\u00f9 il devait \u00eatre expos\u00e9, a-t-on appris jeudi de sources polici\u00e8res. Ces sources n\u2019ont toutefois pas pu fournir \u00e0 l\u2019AFP plus de d\u00e9tails sur cette affaire rocambolesque.<\/p>\n<p class=\"fig-paragraph\">Selon la presse locale \u00e0 Grenade, dans le sud de l&rsquo;Espagne, le tableau Nature morte \u00e0 la guitare, peint en 1919 par Picasso, devait \u00eatre expos\u00e9e \u00e0 partir de la semaine derni\u00e8re \u00e0 la Fondation Caja Granada. Cette huile sur toile est estim\u00e9e \u00e0 environ 600\u00a0000 euros.<\/p>\n<p>                                    <a class=\"fig-a11y-skip a11y-hidden\" href=\"#fig-a11y-skip-main-inarticle\"><br \/>\n        Passer la publicit\u00e9<br \/>\n    <\/a><\/p>\n<p>100 tableaux de Picasso vol\u00e9s en 1976<\/p>\n<p class=\"fig-paragraph\">Toutes les \u0153uvres pr\u00e9sent\u00e9es dans la ville andalouse proviennent de collections priv\u00e9es, selon un communiqu\u00e9 des organisateurs. La valeur inestimable des \u0153uvres de Picasso en fait des cibles privil\u00e9gi\u00e9es pour les voleurs.<\/p>\n<p class=\"fig-body-link\">\n            \u00c0 lire aussi<br \/>\n        <a class=\"fig-body-link__link fig-premium-mark\" href=\"http:\/\/www.lefigaro.fr\/arts-expositions\/le-musee-picasso-lance-sa-sobre-renovation-avec-le-projet-picasso-2030-20250928\" target=\"_blank\" data-fig-type=\"Article\" rel=\"noopener\" data-gtm-custom-categorie=\"navigation\" data-gtm-custom-action=\"crossclick\" data-gtm-custom-label=\"Contextuel\" data-gtm-event=\"customEventSPE\" data-fig-domain=\"LEFIGARO\">Le Mus\u00e9e Picasso lance sa sobre r\u00e9novation avec le projet Picasso 2030<br \/>\n    <\/a>\n<\/p>\n<p class=\"fig-paragraph\">En 1976, plus de 100 tableaux de l&rsquo;artiste espagnol avaient \u00e9t\u00e9 vol\u00e9s \u00e0 Avignon, dans le sud-est de la France. L&rsquo;ensemble des toiles avait toutefois fini par \u00eatre retrouv\u00e9. Pablo Picasso, n\u00e9 en 1881 \u00e0 Malaga, dans le sud de l&rsquo;Espagne, et mort en 1973 \u00e0 Mougins, dans le sud-est de la France, est consid\u00e9r\u00e9 comme l&rsquo;un des plus grands peintres de l&rsquo;histoire.<\/p>\n","protected":false},"excerpt":{"rendered":"La peinture du XXe si\u00e8cle, baptis\u00e9e Nature morte \u00e0 la guitare, devait \u00eatre expos\u00e9e au public depuis la&hellip;\n","protected":false},"author":2,"featured_media":467712,"comment_status":"","ping_status":"","sticky":false,"template":"","format":"standard","meta":{"footnotes":""},"categories":[1358],"tags":[1348,1384,1385,1386,58,59,1011,27,15974,9471,33952],"class_list":{"0":"post-467711","1":"post","2":"type-post","3":"status-publish","4":"format-standard","5":"has-post-thumbnail","7":"category-arts-et-design","8":"tag-arts","9":"tag-arts-and-design","10":"tag-arts-et-design","11":"tag-design","12":"tag-divertissement","13":"tag-entertainment","14":"tag-fr","15":"tag-france","16":"tag-grenade","17":"tag-madrid","18":"tag-picasso"},"share_on_mastodon":{"url":"https:\/\/pubeurope.com\/@fr\/115384556114800314","error":""},"_links":{"self":[{"href":"https:\/\/www.europesays.com\/fr\/wp-json\/wp\/v2\/posts\/467711","targetHints":{"allow":["GET"]}}],"collection":[{"href":"https:\/\/www.europesays.com\/fr\/wp-json\/wp\/v2\/posts"}],"about":[{"href":"https:\/\/www.europesays.com\/fr\/wp-json\/wp\/v2\/types\/post"}],"author":[{"embeddable":true,"href":"https:\/\/www.europesays.com\/fr\/wp-json\/wp\/v2\/users\/2"}],"replies":[{"embeddable":true,"href":"https:\/\/www.europesays.com\/fr\/wp-json\/wp\/v2\/comments?post=467711"}],"version-history":[{"count":0,"href":"https:\/\/www.europesays.com\/fr\/wp-json\/wp\/v2\/posts\/467711\/revisions"}],"wp:featuredmedia":[{"embeddable":true,"href":"https:\/\/www.europesays.com\/fr\/wp-json\/wp\/v2\/media\/467712"}],"wp:attachment":[{"href":"https:\/\/www.europesays.com\/fr\/wp-json\/wp\/v2\/media?parent=467711"}],"wp:term":[{"taxonomy":"category","embeddable":true,"href":"https:\/\/www.europesays.com\/fr\/wp-json\/wp\/v2\/categories?post=467711"},{"taxonomy":"post_tag","embeddable":true,"href":"https:\/\/www.europesays.com\/fr\/wp-json\/wp\/v2\/tags?post=467711"}],"curies":[{"name":"wp","href":"https:\/\/api.w.org\/{rel}","templated":true}]}}