{"id":467713,"date":"2025-10-16T15:29:10","date_gmt":"2025-10-16T15:29:10","guid":{"rendered":"https:\/\/www.europesays.com\/fr\/467713\/"},"modified":"2025-10-16T15:29:10","modified_gmt":"2025-10-16T15:29:10","slug":"nimes-cette-enseigne-emblematique-du-centre-ville-ferme-ses-portes-la-fin-dune-institution","status":"publish","type":"post","link":"https:\/\/www.europesays.com\/fr\/467713\/","title":{"rendered":"N\u00eemes. Cette enseigne embl\u00e9matique du centre-ville ferme ses portes, la fin d&rsquo;une institution"},"content":{"rendered":"<p>            Par<br \/>\n        <strong><br \/>\n            <a href=\"https:\/\/actu.fr\/auteur\/kim-janiec\" title=\"Consulter tous les articles de Kim JANIEC\" rel=\"nofollow noopener\" target=\"_blank\">Kim JANIEC<\/a><br \/>\n        <\/strong><\/p>\n<p>        Publi\u00e9 le<\/p>\n<p>            16 oct. 2025 \u00e0 17h08        <\/p>\n<p>Ses fid\u00e8les clients \u00ab\u2009sont tous d\u00e9\u00e7us, mais tout le monde comprend.\u2009\u00bb CD et BD \u00e0 1\u20ac, gros livres \u00e0 2\u20ac\u2026 Le magasin est placard\u00e9 d\u2019affichettes de prix brad\u00e9s. \u00ab\u2009Liquidation totale avant fermeture d\u00e9finitive.\u2009\u00bb \u00c0 <a href=\"https:\/\/actu.fr\/nimes\/\" rel=\"nofollow noopener\" target=\"_blank\">N\u00eemes<\/a> (Gard), l\u2019historique enseigne Book\u2019in ferme ses portes ce vendredi 17 octobre 2025.<\/p>\n<p>31 ans d\u2019existence<\/p>\n<p class=\" wall-content\"><strong>Jean-Fran\u00e7ois Chou<\/strong>, propri\u00e9taire de cette librairie, a annonc\u00e9 la nouvelle sur sa page Facebook le 28 juillet dernier. Sur le boulevard Amiral Courbet, le bouquiniste y est install\u00e9 depuis 1994. 31 ans de ventes et d\u2019\u00e9changes auxquels il met fin en raison d\u2019un loyer et de charges trop \u00e9lev\u00e9s.<\/p>\n<p class=\" wall-content\">Aussi, la baisse des ventes depuis le Covid, avec les achats sur Internet et l\u2019essor des formats num\u00e9riques a mis un coup \u00e0 l\u2019affaire. \u00ab\u2009En ao\u00fbt, j\u2019ai m\u00eame re\u00e7u une lettre de M. Proust (pr\u00e9sident de N\u00eemes M\u00e9tropole, ndlr) dans laquelle il me disait \u00eatre d\u00e9\u00e7u et que c\u2019\u00e9tait une institution qui fermait.\u2009\u00bb<\/p>\n<p>Bient\u00f4t un nouveau chapitre<\/p>\n<p class=\" wall-content\">La liquidation a d\u00e9marr\u00e9 avec les soldes d\u2019\u00e9t\u00e9, avant de tout tomber \u00e0 moiti\u00e9 prix. Aujourd\u2019hui la majorit\u00e9 des articles restant est \u00e0 1\u20ac. D\u2019un stock de 20 000 produits, il est tomb\u00e9 \u00e0 3 000. Apr\u00e8s vendredi, la marchandise restante sera vendue \u00e0 une librairie d\u2019occasion.<\/p>\n<p class=\" wall-content\">\u00c0 ce jour, pas de repreneur annonc\u00e9, \u00ab\u2009la mairie veut faire valoir son droit de pr\u00e9emption.\u2009\u00bb \u00ab\u2009Je suis triste, mais fin octobre je d\u00e9marre une nouvelle activit\u00e9. Je vais travailler dans la ressourcerie R\u00e9a-N\u00eemes, \u00e7a va me faire rebondir\u2009\u00bb, d\u00e9taille le commer\u00e7ant, qui semble d\u00e9sormais accepter ce nouveau chapitre, non loin des livres et des disques.<\/p>\n<p class=\" wall-content\">Personnalisez votre actualit\u00e9 en ajoutant vos villes et m\u00e9dias en favori avec <a href=\"https:\/\/moncompte.actu.fr\" title=\"D\u00e9couvez Mon Actu\" rel=\"nofollow noopener\" data-trk=\"{&quot;cta&quot;:{&quot;action&quot;:&quot;https:\\\/\\\/moncompte.actu.fr&quot;,&quot;category&quot;:&quot;mon compte&quot;,&quot;from&quot;:&quot;article footer&quot;,&quot;name&quot;:&quot;Mon actu&quot;,&quot;type&quot;:&quot;cta&quot;}}\" target=\"_blank\">Mon Actu<\/a>.<\/p>\n","protected":false},"excerpt":{"rendered":"Par Kim JANIEC Publi\u00e9 le 16 oct. 2025 \u00e0 17h08 Ses fid\u00e8les clients \u00ab\u2009sont tous d\u00e9\u00e7us, mais tout&hellip;\n","protected":false},"author":2,"featured_media":467714,"comment_status":"","ping_status":"","sticky":false,"template":"","format":"standard","meta":{"footnotes":""},"categories":[1357],"tags":[1379,215,58,33,59,1011,27,1380,216],"class_list":{"0":"post-467713","1":"post","2":"type-post","3":"status-publish","4":"format-standard","5":"has-post-thumbnail","7":"category-livres","8":"tag-books","9":"tag-commerce","10":"tag-divertissement","11":"tag-economie","12":"tag-entertainment","13":"tag-fr","14":"tag-france","15":"tag-livres","16":"tag-vie-des-entreprises"},"share_on_mastodon":{"url":"https:\/\/pubeurope.com\/@fr\/115384560216113893","error":""},"_links":{"self":[{"href":"https:\/\/www.europesays.com\/fr\/wp-json\/wp\/v2\/posts\/467713","targetHints":{"allow":["GET"]}}],"collection":[{"href":"https:\/\/www.europesays.com\/fr\/wp-json\/wp\/v2\/posts"}],"about":[{"href":"https:\/\/www.europesays.com\/fr\/wp-json\/wp\/v2\/types\/post"}],"author":[{"embeddable":true,"href":"https:\/\/www.europesays.com\/fr\/wp-json\/wp\/v2\/users\/2"}],"replies":[{"embeddable":true,"href":"https:\/\/www.europesays.com\/fr\/wp-json\/wp\/v2\/comments?post=467713"}],"version-history":[{"count":0,"href":"https:\/\/www.europesays.com\/fr\/wp-json\/wp\/v2\/posts\/467713\/revisions"}],"wp:featuredmedia":[{"embeddable":true,"href":"https:\/\/www.europesays.com\/fr\/wp-json\/wp\/v2\/media\/467714"}],"wp:attachment":[{"href":"https:\/\/www.europesays.com\/fr\/wp-json\/wp\/v2\/media?parent=467713"}],"wp:term":[{"taxonomy":"category","embeddable":true,"href":"https:\/\/www.europesays.com\/fr\/wp-json\/wp\/v2\/categories?post=467713"},{"taxonomy":"post_tag","embeddable":true,"href":"https:\/\/www.europesays.com\/fr\/wp-json\/wp\/v2\/tags?post=467713"}],"curies":[{"name":"wp","href":"https:\/\/api.w.org\/{rel}","templated":true}]}}