{"id":467715,"date":"2025-10-16T15:30:21","date_gmt":"2025-10-16T15:30:21","guid":{"rendered":"https:\/\/www.europesays.com\/fr\/467715\/"},"modified":"2025-10-16T15:30:21","modified_gmt":"2025-10-16T15:30:21","slug":"vous-en-avez-marre-dattendre-astrid-et-raphaelle-bonne-nouvelle-la-saison-6-inedite-est-deja-disponible-gratuitement-et-en-avant-premiere","status":"publish","type":"post","link":"https:\/\/www.europesays.com\/fr\/467715\/","title":{"rendered":"Vous en avez marre d&rsquo;attendre Astrid et Rapha\u00eblle ? Bonne nouvelle, la saison 6 in\u00e9dite est d\u00e9j\u00e0 disponible gratuitement et en avant-premi\u00e8re !"},"content":{"rendered":"<p>Avant sa diffusion sur France 2 \u00e0 partir du vendredi 24 octobre 2025, la saison 6 d&rsquo;Astrid et Rapha\u00eblle avec Sara Mortensen et Lola Dewaere est d\u00e9j\u00e0 visible en avant-premi\u00e8re&#8230; et gratuitement !<\/p>\n<p>L&rsquo;attente est finie&#8230; avec un peu d&rsquo;avance ! Alors que la diffusion sur France 2 de <a href=\"https:\/\/www.programme-tv.net\/news\/series-tv\/388656-astrid-et-raphaelle-bonne-nouvelle-on-sait-quand-la-saison-6-de-la-serie-avec-sara-mortensen-et-lola-dewaere-sera-diffusee-sur-france-2\/\" data-api-deeplink=\"teleloisirs:\/\/news\/388656\" target=\"_blank\" rel=\"noopener\">la saison 6 d&rsquo;Astrid et Rapha\u00eblle est pr\u00e9vue pour d\u00e9marrer le vendredi 24 octobre 2025<\/a>, le groupe audiovisuel public a d\u00e9cid\u00e9 d&rsquo;offrir un petit cadeau aux plus de 5 millions de fans r\u00e9guliers du duo form\u00e9 par Lola Dewaere et Sara Mortensen. L&rsquo;int\u00e9gralit\u00e9 des 8 nouveaux \u00e9pisodes est en effet d&rsquo;ores et d\u00e9j\u00e0 <a href=\"https:\/\/www.france.tv\/france-2\/astrid-et-raphaelle\/\" target=\"_blank\" rel=\"noopener\">disponible, gratuitement, sur la plateforme france.tv<\/a> ! L&rsquo;occasion de d\u00e9couvrir ce qui est arriv\u00e9 apr\u00e8s le cliffhanger de la fin de la saison 5, quand <a href=\"https:\/\/www.programme-tv.net\/news\/series-tv\/367421-astrid-et-raphaelle-raphaelle-va-t-elle-mourir-ou-non-lola-dewaere-reagit-au-final-choc-de-la-saison-5\/\" data-api-deeplink=\"teleloisirs:\/\/news\/367421\" target=\"_blank\" rel=\"noopener\">Rapha\u00eblle s&rsquo;\u00e9tait effondr\u00e9e, en plein mariage d&rsquo;Astrid et Tetsuo, empoisonn\u00e9e par une bague pi\u00e9g\u00e9e par le terrible Lamarck<\/a>&#8230;<\/p>\n<p>Astrid et Rapha\u00eblle : Ce qui vous attend dans la saison 6 de la s\u00e9rie avec Lola Dewaere et Sara Mortensen !<\/p>\n<p>Alors, Rapha\u00eblle est-elle morte ? C&rsquo;est LA question que tout le monde s&rsquo;est pos\u00e9 en d\u00e9cembre dernier, apr\u00e8s la diffusion du dernier \u00e9pisode de la saison 5. Fort heureusement pour les fans, la r\u00e9ponse est donn\u00e9e d\u00e8s les premi\u00e8res minutes de cette 6\u00e8me saison : Oui, Rapha\u00eblle meurt&#8230; mais seulement pendant quelques minutes ! Cet empoisonnement va d&rsquo;ailleurs avoir des cons\u00e9quences profondes pour la flic dont la solidit\u00e9 va \u00eatre s\u00e9rieusement \u00e9rod\u00e9e. Ces incidences tr\u00e8s concr\u00e8tes vont \u00eatre d\u00e9velopp\u00e9es tout au long des 8 nouveaux \u00e9pisodes de la s\u00e9rie. Du c\u00f4t\u00e9 d&rsquo;Astrid, cette saison va aussi \u00eatre celle des remises en question : par rapport \u00e0 son poste \u00e0 la documentation criminelle mais aussi vis-\u00e0-vis de Tetsuo (Kengo Saito) ! Comme d&rsquo;habitude avec la s\u00e9rie, les enqu\u00eates polici\u00e8res vont \u00eatre largement abreuv\u00e9es de r\u00e9f\u00e9rences et autres th\u00e9matiques surprenantes : du paranormal, une th\u00e9orie math\u00e9matique universelle, une affaire judiciaire datant du COVID ou encore le cas d&rsquo;un homme tu\u00e9 dans des circonstances vraiment monstrueuses en plein Paris. M\u00eame excitation du c\u00f4t\u00e9 des guests avec des noms tels qu&rsquo;<a href=\"https:\/\/www.programme-tv.net\/news\/series-tv\/381363-je-nosais-pas-leur-dire-alice-cornillac-a-qui-profite-le-doute-devoile-la-reaction-de-ses-parents-clovis-cornillac-et-caroline-proust-quand-elle-a-decide-de-devenir-actrice\/\" data-api-deeplink=\"teleloisirs:\/\/news\/381363\" target=\"_blank\" rel=\"noopener\">Alice Cornillac (la fille de Clovis Cornillac et Caroline Proust)<\/a>, <a href=\"https:\/\/www.programme-tv.net\/biographie\/20097-bousquet-shirley\/\" data-link-people=\"aba567a1-6332-4c10-ada5-3f2ad75f9d53\" target=\"_blank\" rel=\"noopener\">Shirley Bousquet<\/a>, Guillaulme Faure&#8230;<\/p>\n<p>                        L&rsquo;autre fiction avec Sara Mortensen (Astrid et Rapha\u00eblle ) \u00e0 voir sur france.tv !<\/p>\n<p>Et si vous avez besoin d&rsquo;une dose suppl\u00e9mentaire de Sara Mortensen, sachez que sur cette m\u00eame plateforme france.tv, vous pouvez voir ou revoir <a href=\"https:\/\/www.programme-tv.net\/news\/series-tv\/377782-meurtres-aux-marquises-faut-il-regarder-l-episode-inedit-avec-sara-mortensen-diffuse-ce-samedi-3-mai-2025-notre-avis\/\" data-api-deeplink=\"teleloisirs:\/\/news\/377782\" target=\"_blank\" rel=\"noopener\">l&rsquo;efficace Meurtres aux Marquises<\/a>, dans lequel elle donne la r\u00e9plique \u00e0 <a href=\"https:\/\/www.programme-tv.net\/biographie\/195148-sadoun-medi\/\" data-link-people=\"f80ac87c-9a51-4b65-ba0f-bd25a62c767c\" target=\"_blank\" rel=\"noopener\">Medi Sadoun<\/a> et <a href=\"https:\/\/www.programme-tv.net\/news\/series-tv\/377935-je-lui-ai-pris-un-billet-davion-pour-quil-nous-rejoigne-sara-mortensen-a-fait-venir-son-acolyte-de-plus-belle-la-vie-theo-bertrand-dans-meurtres-aux-marquises\/\" data-api-deeplink=\"teleloisirs:\/\/news\/377935\" target=\"_blank\" rel=\"noopener\">dans lequel joue \u00e9galement un ex-com\u00e9dien de Plus belle la vie<\/a>. De quoi faire un programme tv complet avec l&rsquo;interpr\u00e8te d&rsquo;Astrid Nielsen !<\/p>\n","protected":false},"excerpt":{"rendered":"Avant sa diffusion sur France 2 \u00e0 partir du vendredi 24 octobre 2025, la saison 6 d&rsquo;Astrid et&hellip;\n","protected":false},"author":2,"featured_media":467716,"comment_status":"","ping_status":"","sticky":false,"template":"","format":"standard","meta":{"footnotes":""},"categories":[1356],"tags":[22201,244,58,59,1011,27,594,22198,22199,22200,252,1364],"class_list":{"0":"post-467715","1":"post","2":"type-post","3":"status-publish","4":"format-standard","5":"has-post-thumbnail","7":"category-television","8":"tag-astrid-et-raphau00eblle","9":"tag-commentaire","10":"tag-divertissement","11":"tag-entertainment","12":"tag-fr","13":"tag-france","14":"tag-france-2","15":"tag-france-tv","16":"tag-lola-dewaere","17":"tag-sara-mortensen","18":"tag-television","19":"tag-tv"},"share_on_mastodon":{"url":"https:\/\/pubeurope.com\/@fr\/115384564125893201","error":""},"_links":{"self":[{"href":"https:\/\/www.europesays.com\/fr\/wp-json\/wp\/v2\/posts\/467715","targetHints":{"allow":["GET"]}}],"collection":[{"href":"https:\/\/www.europesays.com\/fr\/wp-json\/wp\/v2\/posts"}],"about":[{"href":"https:\/\/www.europesays.com\/fr\/wp-json\/wp\/v2\/types\/post"}],"author":[{"embeddable":true,"href":"https:\/\/www.europesays.com\/fr\/wp-json\/wp\/v2\/users\/2"}],"replies":[{"embeddable":true,"href":"https:\/\/www.europesays.com\/fr\/wp-json\/wp\/v2\/comments?post=467715"}],"version-history":[{"count":0,"href":"https:\/\/www.europesays.com\/fr\/wp-json\/wp\/v2\/posts\/467715\/revisions"}],"wp:featuredmedia":[{"embeddable":true,"href":"https:\/\/www.europesays.com\/fr\/wp-json\/wp\/v2\/media\/467716"}],"wp:attachment":[{"href":"https:\/\/www.europesays.com\/fr\/wp-json\/wp\/v2\/media?parent=467715"}],"wp:term":[{"taxonomy":"category","embeddable":true,"href":"https:\/\/www.europesays.com\/fr\/wp-json\/wp\/v2\/categories?post=467715"},{"taxonomy":"post_tag","embeddable":true,"href":"https:\/\/www.europesays.com\/fr\/wp-json\/wp\/v2\/tags?post=467715"}],"curies":[{"name":"wp","href":"https:\/\/api.w.org\/{rel}","templated":true}]}}