{"id":467717,"date":"2025-10-16T15:31:12","date_gmt":"2025-10-16T15:31:12","guid":{"rendered":"https:\/\/www.europesays.com\/fr\/467717\/"},"modified":"2025-10-16T15:31:12","modified_gmt":"2025-10-16T15:31:12","slug":"je-suis-heureux-christophe-mae-la-grande-annonce-pour-ses-50-ans","status":"publish","type":"post","link":"https:\/\/www.europesays.com\/fr\/467717\/","title":{"rendered":"\u00ab\u00a0Je suis heureux\u2026\u00a0\u00bb : Christophe Ma\u00e9, la grande annonce pour ses 50 ans"},"content":{"rendered":"<p>      R\u00e9sum\u00e9<\/p>\n<p>Christophe Ma\u00e9 c\u00e9l\u00e8bre ses 50 ans en annon\u00e7ant avec joie une tourn\u00e9e en 2025 et la sortie d&rsquo;un nouveau single, marquant un nouveau chapitre de sa carri\u00e8re musicale.<\/p>\n<p>        Sommaire<\/p>\n<p>\u00c0 50 ans, Christophe Ma\u00e9 n\u2019a jamais sembl\u00e9 aussi jeune, rayonnant et inspir\u00e9. Pour c\u00e9l\u00e9brer cet anniversaire symbolique, le chanteur a fait une double annonce surprise sur Instagram : une grande tourn\u00e9e \u00e0 venir, et la sortie d\u2019un tout nouveau single. Les fans sont en \u00e9moi, et on les comprend.<\/p>\n<p>Christophe Ma\u00e9 c\u00e9l\u00e8bre ses 50 ans <\/p>\n<p>C\u2019est un message simple, sinc\u00e8re et rempli d\u2019\u00e9motion, comme lui seul sait les \u00e9crire, que <a href=\"https:\/\/www.public.fr\/tag\/christophe-mae\" target=\"_blank\" rel=\"noopener\">Christophe Ma\u00e9<\/a> a partag\u00e9 avec ses fans ce mercredi matin sur Instagram. En l\u00e9gende d\u2019une photo souriante, pleine de soleil, l\u2019artiste a d\u00e9voil\u00e9 un tournant important de sa vie : il entre dans la cinquantaine.<\/p>\n<blockquote class=\"wp-block-quote is-layout-flow wp-block-quote-is-layout-flow\">\n<p>\u201cJ\u2019ai 50 ans d\u00e9j\u00e0 ! Quelle chance de les f\u00eater bient\u00f4t sur les routes avec Vous !!! La billetterie ouvre demain \u00e0 10h00. Je suis heureux !!!!\u201d<\/p>\n<\/blockquote>\n<p>Avec cette phrase, le ton est donn\u00e9 : pas de nostalgie ni de bilan amer, mais une immense joie de vivre et l\u2019envie intacte de partager la musique avec ceux qui le suivent depuis tant d\u2019ann\u00e9es. Un cap, certes, mais surtout un nouveau d\u00e9part.<\/p>\n<p>Une tourn\u00e9e \u00e9v\u00e9nement pour ses 50 ans <\/p>\n<p>Bonne nouvelle pour les fans du chanteur : <strong><a href=\"https:\/\/www.public.fr\/christophe-mae-avant-la-chanson-ces-2-carrieres-quil-a-laisse-tomber\" target=\"_blank\" rel=\"noopener\">Christophe Ma\u00e9 repart en tourn\u00e9e<\/a><\/strong> ! Apr\u00e8s le succ\u00e8s de son dernier album \u00ab\u00a0C&rsquo;est dr\u00f4le la vie\u00a0\u00bb, et une s\u00e9rie de concerts \u00e0 guichets ferm\u00e9s, le chanteur des tubes \u00ab\u00a0On s\u2019attache\u00a0\u00bb, \u00ab\u00a0Il est o\u00f9 le bonheur\u00a0\u00bb ou encore \u00ab\u00a0Belle demoiselle\u00a0\u00bb promet un retour sur les routes fran\u00e7aises d\u00e8s 2025, dans une ambiance festive et intimiste \u00e0 la fois.<\/p>\n<p>Les premi\u00e8res dates devraient \u00eatre annonc\u00e9es tr\u00e8s prochainement, mais la billetterie, elle, ouvre d\u00e8s demain \u00e0 10\u00a0h\u00a000. Autant dire que les places risquent de partir tr\u00e8s vite\u2026<\/p>\n<p>Et ce n\u2019est pas tout. Comme un cadeau qu\u2019il fait autant \u00e0 ses fans qu\u2019\u00e0 lui-m\u00eame, Christophe Ma\u00e9 a \u00e9galement sorti un tout nouveau single, disponible d\u00e8s aujourd\u2019hui sur toutes les plateformes. Nul besoin de pr\u00e9ciser que cette annonce a ravi ses nombreux fans, d\u00e9j\u00e0 pr\u00eats \u00e0 commander leurs places et \u00e0 acheter son nouveau titre. <\/p>\n<p>      Mentionn\u00e9s dans cet article<\/p>\n<p>      Sur le m\u00eame sujet<\/p>\n","protected":false},"excerpt":{"rendered":"R\u00e9sum\u00e9 Christophe Ma\u00e9 c\u00e9l\u00e8bre ses 50 ans en annon\u00e7ant avec joie une tourn\u00e9e en 2025 et la sortie&hellip;\n","protected":false},"author":2,"featured_media":467718,"comment_status":"","ping_status":"","sticky":false,"template":"","format":"standard","meta":{"footnotes":""},"categories":[1355],"tags":[59178,58,59,1011,27,2440,1361,873,4441],"class_list":{"0":"post-467717","1":"post","2":"type-post","3":"status-publish","4":"format-standard","5":"has-post-thumbnail","7":"category-musique","8":"tag-christophe-mae","9":"tag-divertissement","10":"tag-entertainment","11":"tag-fr","12":"tag-france","13":"tag-instagram","14":"tag-music","15":"tag-musique","16":"tag-tournee"},"share_on_mastodon":{"url":"https:\/\/pubeurope.com\/@fr\/115384568164190977","error":""},"_links":{"self":[{"href":"https:\/\/www.europesays.com\/fr\/wp-json\/wp\/v2\/posts\/467717","targetHints":{"allow":["GET"]}}],"collection":[{"href":"https:\/\/www.europesays.com\/fr\/wp-json\/wp\/v2\/posts"}],"about":[{"href":"https:\/\/www.europesays.com\/fr\/wp-json\/wp\/v2\/types\/post"}],"author":[{"embeddable":true,"href":"https:\/\/www.europesays.com\/fr\/wp-json\/wp\/v2\/users\/2"}],"replies":[{"embeddable":true,"href":"https:\/\/www.europesays.com\/fr\/wp-json\/wp\/v2\/comments?post=467717"}],"version-history":[{"count":0,"href":"https:\/\/www.europesays.com\/fr\/wp-json\/wp\/v2\/posts\/467717\/revisions"}],"wp:featuredmedia":[{"embeddable":true,"href":"https:\/\/www.europesays.com\/fr\/wp-json\/wp\/v2\/media\/467718"}],"wp:attachment":[{"href":"https:\/\/www.europesays.com\/fr\/wp-json\/wp\/v2\/media?parent=467717"}],"wp:term":[{"taxonomy":"category","embeddable":true,"href":"https:\/\/www.europesays.com\/fr\/wp-json\/wp\/v2\/categories?post=467717"},{"taxonomy":"post_tag","embeddable":true,"href":"https:\/\/www.europesays.com\/fr\/wp-json\/wp\/v2\/tags?post=467717"}],"curies":[{"name":"wp","href":"https:\/\/api.w.org\/{rel}","templated":true}]}}