{"id":467725,"date":"2025-10-16T15:35:13","date_gmt":"2025-10-16T15:35:13","guid":{"rendered":"https:\/\/www.europesays.com\/fr\/467725\/"},"modified":"2025-10-16T15:35:13","modified_gmt":"2025-10-16T15:35:13","slug":"comment-manuel-bompard-et-bruce-toussaint-se-sont-asticotes-sur-tf1","status":"publish","type":"post","link":"https:\/\/www.europesays.com\/fr\/467725\/","title":{"rendered":"Comment Manuel Bompard et Bruce Toussaint se sont asticot\u00e9s sur TF1"},"content":{"rendered":"<p>La tension \u00e9tait palpable\u00a0: invit\u00e9, jeudi 16\u00a0octobre 2025, sur le plateau de <a href=\"https:\/\/www.20minutes.fr\/arts-stars\/television\/4132210-20250106-bruce-toussaint-annonce-nouveau-rendez-proximite-bonjour-matinale-tf1\" class=\"c-link c-link--is-underlined\" rel=\"nofollow noopener\" target=\"_blank\">Bonjour\u00a0!, la matinale de TF<\/a>1, le d\u00e9put\u00e9 <a href=\"https:\/\/www.20minutes.fr\/politique\/france-insoumise\/\" class=\"c-link c-link--is-underlined\" rel=\"nofollow noopener\" target=\"_blank\">La France Insoumise (LFI)<\/a> Manuel Bompard a sembl\u00e9 s\u2019offusquer des questions de <a href=\"https:\/\/www.20minutes.fr\/dossier\/bruce_toussaint\" class=\"c-link c-link--is-underlined\" rel=\"nofollow noopener\" target=\"_blank\">Bruce Toussaint<\/a> sur les <a href=\"https:\/\/www.20minutes.fr\/monde\/etats-unis\/4179368-20251015-cessez-feu-gaza-trump-hausse-contre-hamas-repression-cours-territoire-palestinien\" class=\"c-link c-link--is-underlined\" rel=\"nofollow noopener\" target=\"_blank\">r\u00e9centes ex\u00e9cutions commises par le Hamas<\/a> \u00e0 <a href=\"https:\/\/www.20minutes.fr\/monde\/gaza\/\" class=\"c-link c-link--is-underlined\" rel=\"nofollow noopener\" target=\"_blank\">Gaza<\/a>, <a href=\"https:\/\/www.ozap.com\/actu\/vous-allez-me-faire-un-doigt-dhonneur-echange-tendu-entre-manuel-bompard-et-bruce-toussaint-sur-le-plateau-de-bonjour-sur-tf1\/652056\" rel=\"nofollow noopener\" target=\"_blank\" class=\"c-link c-link--is-underlined\">rapporte Purem\u00e9dias<\/a>.<\/p>\n<\/p>\n<p>Apr\u00e8s que le journaliste <a href=\"https:\/\/www.20minutes.fr\/arts-stars\/television\/4153201-20250513-macron-invite-tf1-comment-chaine-deale-interview-president-republique\" class=\"c-link c-link--is-underlined\" rel=\"nofollow noopener\" target=\"_blank\">Adrien Gindre<\/a> eut rappel\u00e9 que la <a href=\"https:\/\/www.20minutes.fr\/dossier\/diplomatie\" class=\"c-link c-link--is-underlined\" rel=\"nofollow noopener\" target=\"_blank\">diplomatie<\/a> fran\u00e7aise avait \u00ab\u00a0fermement condamn\u00e9 ces ex\u00e9cutions sommaires\u00a0\u00bb, il a demand\u00e9 au responsable politique s\u2019il \u00e9tait sur la m\u00eame ligne. \u00ab\u00a0\u00c9videmment, on ne peut pas soutenir ce type de m\u00e9thode\u00a0\u00bb, a r\u00e9agi ce dernier.<\/p>\n<p>C\u2019est alors que Bruce Toussaint, manifestement peu convaincu par cette adh\u00e9sion, lui a redemand\u00e9\u00a0: \u00ab\u00a0Donc vous condamnez les ex\u00e9cutions par le <a href=\"https:\/\/www.20minutes.fr\/monde\/hamas\/\" class=\"c-link c-link--is-underlined\" rel=\"nofollow noopener\" target=\"_blank\">Hamas\u00a0<\/a>?\u00a0\u00bb. \u00c0 quoi Manuel Bompard, l\u00e9g\u00e8rement agac\u00e9, a r\u00e9pondu \u00ab\u00a0je peux vous le dire dix fois si vous voulez\u00a0\u00bb.<\/p>\n<p class=\"mb-xxl@xs color-ultramarine font-weight-semi-bold@xs font-source-serif-pro heading-s@xs\">L\u2019acc\u00e8s \u00e0 ce contenu a \u00e9t\u00e9 bloqu\u00e9 afin de respecter votre choix de consentement<\/p>\n<p class=\"mb-m@xs text-l@xs\">En cliquant sur\u00ab J\u2019accepte \u00bb, vous acceptez le d\u00e9p\u00f4t de cookies par des services externes et aurez ainsi acc\u00e8s aux contenus de nos partenaires.<\/p>\n<p class=\"mb-xl@xs text-s@xs\">Plus d\u2019informations sur la page<a href=\"https:\/\/www.20minutes.fr\/gestion-cookies\" class=\"mx-xxs@xs color-ultramarine\" rel=\"nofollow noopener\" target=\"_blank\">Politique de gestion des cookies<\/a><\/p>\n<p>J\u2019accepte<\/p>\n<p>Apparemment amus\u00e9, le <a href=\"https:\/\/www.20minutes.fr\/dossier\/journaliste\" class=\"c-link c-link--is-underlined\" rel=\"nofollow noopener\" target=\"_blank\">journaliste <\/a>a alors lanc\u00e9 au <a href=\"https:\/\/www.20minutes.fr\/dossier\/depute\" class=\"c-link c-link--is-underlined\" rel=\"nofollow noopener\" target=\"_blank\">d\u00e9put\u00e9\u00a0<\/a>: \u00ab\u00a0\u00e0 la fin vous allez me faire un doigt d\u2019honneur en sortant du plateau\u00a0?\u00a0\u00bb, en r\u00e9f\u00e9rence au geste adress\u00e9 par <a href=\"https:\/\/www.20minutes.fr\/politique\/jean-luc-melenchon\/\" class=\"c-link c-link--is-underlined\" rel=\"nofollow noopener\" target=\"_blank\">Jean-Luc M\u00e9lenchon<\/a> \u00e0 <a href=\"https:\/\/www.20minutes.fr\/arts-stars\/medias\/4160567-20250626-face-accusations-cumul-journaliste-benjamin-duhamel-quitte-vraiment-bfmtv-france-inter\" class=\"c-link c-link--is-underlined\" rel=\"nofollow noopener\" target=\"_blank\">Benjamin Duhamel<\/a>, lundi 13\u00a0octobre, au terme d\u2019une matinale de <a href=\"https:\/\/www.20minutes.fr\/medias\/france_inter\/\" class=\"c-link c-link--is-underlined\" rel=\"nofollow noopener\" target=\"_blank\">France Inter<\/a> pour le moins tendue.<\/p>\n<p><a href=\"https:\/\/www.20minutes.fr\/politique\/manuel-bompard\/\" class=\"c-link c-btn c-btn--primary\" rel=\"nofollow noopener\" target=\"_blank\">Notre sujet \u00ab Manuel Bompard \u00bb<\/a><\/p>\n<p>Purem\u00e9dias rappelle que ce fameux geste attribu\u00e9 au chef de file de son parti a \u00e9t\u00e9 d\u00e9menti par Manuel Bompard, mardi 14\u00a0octobre 2025, sur le plateau de <a href=\"https:\/\/www.20minutes.fr\/dossier\/bfm_tv\" class=\"c-link c-link--is-underlined\" rel=\"nofollow noopener\" target=\"_blank\">BFMTV<\/a>. Selon lui, l\u2019incident r\u00e9v\u00e9l\u00e9 par <a href=\"https:\/\/www.20minutes.fr\/television\/quotidien\/\" class=\"c-link c-link--is-underlined\" rel=\"nofollow noopener\" target=\"_blank\">Quotidien <\/a>(<a href=\"https:\/\/www.20minutes.fr\/television\/tmc\/\" class=\"c-link c-link--is-underlined\" rel=\"nofollow noopener\" target=\"_blank\">TMC<\/a>) ne serait que \u00ab\u00a0l\u2019interpr\u00e9tation fallacieuse d\u2019une image o\u00f9 on essaie de faire croire que Jean-Luc M\u00e9lenchon a fait un geste qu\u2019il n\u2019a pas fait\u00a0\u00bb.<\/p>\n","protected":false},"excerpt":{"rendered":"La tension \u00e9tait palpable\u00a0: invit\u00e9, jeudi 16\u00a0octobre 2025, sur le plateau de Bonjour\u00a0!, la matinale de TF1, le&hellip;\n","protected":false},"author":2,"featured_media":467726,"comment_status":"","ping_status":"","sticky":false,"template":"","format":"standard","meta":{"footnotes":""},"categories":[8],"tags":[6779,3259,58,4739,59,1011,27,665,3519,1023,17852,252,199,133],"class_list":{"0":"post-467725","1":"post","2":"type-post","3":"status-publish","4":"format-standard","5":"has-post-thumbnail","7":"category-divertissement","8":"tag-bruce-toussaint","9":"tag-conflit-israelo-palestinien","10":"tag-divertissement","11":"tag-emission-de-television","12":"tag-entertainment","13":"tag-fr","14":"tag-france","15":"tag-gaza","16":"tag-hamas","17":"tag-la-france-insoumise-lfi","18":"tag-manuel-bompard","19":"tag-television","20":"tag-tf1","21":"tag-video"},"share_on_mastodon":{"url":"https:\/\/pubeurope.com\/@fr\/115384583819222329","error":""},"_links":{"self":[{"href":"https:\/\/www.europesays.com\/fr\/wp-json\/wp\/v2\/posts\/467725","targetHints":{"allow":["GET"]}}],"collection":[{"href":"https:\/\/www.europesays.com\/fr\/wp-json\/wp\/v2\/posts"}],"about":[{"href":"https:\/\/www.europesays.com\/fr\/wp-json\/wp\/v2\/types\/post"}],"author":[{"embeddable":true,"href":"https:\/\/www.europesays.com\/fr\/wp-json\/wp\/v2\/users\/2"}],"replies":[{"embeddable":true,"href":"https:\/\/www.europesays.com\/fr\/wp-json\/wp\/v2\/comments?post=467725"}],"version-history":[{"count":0,"href":"https:\/\/www.europesays.com\/fr\/wp-json\/wp\/v2\/posts\/467725\/revisions"}],"wp:featuredmedia":[{"embeddable":true,"href":"https:\/\/www.europesays.com\/fr\/wp-json\/wp\/v2\/media\/467726"}],"wp:attachment":[{"href":"https:\/\/www.europesays.com\/fr\/wp-json\/wp\/v2\/media?parent=467725"}],"wp:term":[{"taxonomy":"category","embeddable":true,"href":"https:\/\/www.europesays.com\/fr\/wp-json\/wp\/v2\/categories?post=467725"},{"taxonomy":"post_tag","embeddable":true,"href":"https:\/\/www.europesays.com\/fr\/wp-json\/wp\/v2\/tags?post=467725"}],"curies":[{"name":"wp","href":"https:\/\/api.w.org\/{rel}","templated":true}]}}