{"id":467727,"date":"2025-10-16T15:36:31","date_gmt":"2025-10-16T15:36:31","guid":{"rendered":"https:\/\/www.europesays.com\/fr\/467727\/"},"modified":"2025-10-16T15:36:31","modified_gmt":"2025-10-16T15:36:31","slug":"une-premiere-photo-fuite-et-devoile-un-module-photo-surdimensionne","status":"publish","type":"post","link":"https:\/\/www.europesays.com\/fr\/467727\/","title":{"rendered":"une premi\u00e8re photo fuite et d\u00e9voile un module photo surdimensionn\u00e9"},"content":{"rendered":"<p>Le design du Galaxy S26 Ultra, se d\u00e9voile \u00e0 travers une premi\u00e8re image provenant d\u2019un constructeur de coques.<\/p>\n<p><a target=\"_blank\" href=\"https:\/\/images.frandroid.com\/wp-content\/uploads\/2025\/10\/capture-decran-2025-10-16-a-152211.jpg\" class=\"article-content__figure\" rel=\"noopener\"><img fetchpriority=\"high\" decoding=\"async\" loading=\"eager\" width=\"1038\" height=\"805\" src=\"https:\/\/www.europesays.com\/fr\/wp-content\/uploads\/2025\/10\/capture-decran-2025-10-16-a-152211.jpg\" alt=\"\" class=\"wp-image-2834669 wp-image wp-image\"  \/><\/a>Source :  <a target=\"_blank\" href=\"https:\/\/x.com\/tarunvats33\/status\/1978757411419693422\/photo\/1\">@TarunVats<\/a><\/p>\n<p>Une photo, partag\u00e9e par le leaker <a target=\"_blank\" href=\"https:\/\/x.com\/tarunvats33\/status\/1978757411419693422\/photo\/1\">@TarunVats<\/a> sur X, pourrait bien mettre fin \u00e0 des mois de sp\u00e9culations. On y d\u00e9couvre ce qui semble \u00eatre le <strong>Galaxy S26 Ultra<\/strong>. L\u2019image corrobore les rumeurs persistantes : Samsung s\u2019appr\u00eate \u00e0 abandonner les capteurs photo flottants pour un \u00eelot pro\u00e9minent, un peu \u00e0 la mani\u00e8re de ce que l\u2019on a eu sur la s\u00e9rie Galaxy A de 2025.<\/p>\n<p class=\"shortcode-container see-more\">\n    Pour aller plus loin<br \/><a href=\"https:\/\/www.frandroid.com\/marques\/samsung\/2786249_galaxy-s26-pro-s26-edge-s26-ultra-tout-ce-qui-changerait-face-aux-galaxy-s25\" target=\"_blank\" rel=\"noopener\">Galaxy S26 Pro, S26 Edge, S26 Ultra : tout ce qui devrait changer face aux Galaxy S25<\/a>\n            <\/p>\n<p>Un dos redessin\u00e9 et un format qui \u00e9volue peu<\/p>\n<p>Le changement le plus visible concerne le module photo. Les trois optiques principales seraient regroup\u00e9es sur un promontoire unique. Le t\u00e9l\u00e9objectif x3 et le capteur laser, quant \u00e0 eux, seraient toujours ind\u00e9pendants, mais avec plus de hauteur. <\/p>\n<p>Ce design aurait pour cons\u00e9quence une augmentation significative de l\u2019\u00e9paisseur du t\u00e9l\u00e9phone \u00e0 son point le plus haut. Pour le reste, le <strong>Galaxy S26 Ultra<\/strong> conserverait un design g\u00e9n\u00e9ral plat, mais avec des angles qui semblent plus arrondis que sur le S25 Ultra. Les tranches, en revanche, resteraient abruptes, Samsung ne suivant pas l\u2019id\u00e9e des bords adoucis introduite par les iPhone 17.<\/p>\n<p><a target=\"_blank\" href=\"https:\/\/images.frandroid.com\/wp-content\/uploads\/2025\/10\/g3x1xjsxiaaci0i.jpeg\" class=\"article-content__figure\" rel=\"noopener\"><img loading=\"lazy\" decoding=\"async\" width=\"1200\" height=\"1200\" src=\"https:\/\/www.europesays.com\/fr\/wp-content\/uploads\/2025\/10\/g3x1xjsxiaaci0i-1200x1200.jpeg\" alt=\"\" class=\"wp-image-2834673 wp-image\"  \/><\/a>Source :  <a target=\"_blank\" href=\"https:\/\/x.com\/tarunvats33\/status\/1978757411419693422\/photo\/1\">@TarunVats<\/a><\/p>\n<p>Malgr\u00e9 cette \u00e9paisseur accrue au niveau des cam\u00e9ras, le ch\u00e2ssis du smartphone serait paradoxalement plus fin, passant de 8,2 mm \u00e0 <strong>7,8 mm<\/strong> si l\u2019on en croit les rumeurs. Une prouesse qui ne sacrifierait pas la batterie, toujours attendue avec une capacit\u00e9 de <strong>5000 mAh<\/strong>, identique \u00e0 celle du S25 Ultra. Pour compenser, Samsung miserait sur une charge filaire plus rapide, qui passerait de 45W \u00e0 <strong>60W<\/strong>.<\/p>\n<p>Le Galaxy S26 Ultra devrait \u00eatre pr\u00e9sent\u00e9 en janvier 2026 aux c\u00f4t\u00e9s des S26 Pro et S26 Plus. Ce dernier revient sur le devant de la sc\u00e8ne depuis <a href=\"https:\/\/www.frandroid.com\/marques\/samsung\/2833947_le-smartphone-ultrafin-de-samsung-est-un-echec-le-galaxy-s26-edge-est-annule\" target=\"_blank\" rel=\"noopener\">la possible annonce de l\u2019annulation du Galaxy S26 Edge<\/a>.<\/p>\n","protected":false},"excerpt":{"rendered":"Le design du Galaxy S26 Ultra, se d\u00e9voile \u00e0 travers une premi\u00e8re image provenant d\u2019un constructeur de coques.&hellip;\n","protected":false},"author":2,"featured_media":467728,"comment_status":"","ping_status":"","sticky":false,"template":"","format":"standard","meta":{"footnotes":""},"categories":[7],"tags":[1011,27,51782,43,40,41,39,42,44],"class_list":{"0":"post-467727","1":"post","2":"type-post","3":"status-publish","4":"format-standard","5":"has-post-thumbnail","7":"category-sciences-et-technologies","8":"tag-fr","9":"tag-france","10":"tag-samsung-galaxy-s26-ultra","11":"tag-science","12":"tag-science-and-technology","13":"tag-sciences","14":"tag-sciences-et-technologies","15":"tag-technologies","16":"tag-technology"},"share_on_mastodon":{"url":"https:\/\/pubeurope.com\/@fr\/115384588245639470","error":""},"_links":{"self":[{"href":"https:\/\/www.europesays.com\/fr\/wp-json\/wp\/v2\/posts\/467727","targetHints":{"allow":["GET"]}}],"collection":[{"href":"https:\/\/www.europesays.com\/fr\/wp-json\/wp\/v2\/posts"}],"about":[{"href":"https:\/\/www.europesays.com\/fr\/wp-json\/wp\/v2\/types\/post"}],"author":[{"embeddable":true,"href":"https:\/\/www.europesays.com\/fr\/wp-json\/wp\/v2\/users\/2"}],"replies":[{"embeddable":true,"href":"https:\/\/www.europesays.com\/fr\/wp-json\/wp\/v2\/comments?post=467727"}],"version-history":[{"count":0,"href":"https:\/\/www.europesays.com\/fr\/wp-json\/wp\/v2\/posts\/467727\/revisions"}],"wp:featuredmedia":[{"embeddable":true,"href":"https:\/\/www.europesays.com\/fr\/wp-json\/wp\/v2\/media\/467728"}],"wp:attachment":[{"href":"https:\/\/www.europesays.com\/fr\/wp-json\/wp\/v2\/media?parent=467727"}],"wp:term":[{"taxonomy":"category","embeddable":true,"href":"https:\/\/www.europesays.com\/fr\/wp-json\/wp\/v2\/categories?post=467727"},{"taxonomy":"post_tag","embeddable":true,"href":"https:\/\/www.europesays.com\/fr\/wp-json\/wp\/v2\/tags?post=467727"}],"curies":[{"name":"wp","href":"https:\/\/api.w.org\/{rel}","templated":true}]}}