{"id":467731,"date":"2025-10-16T15:38:12","date_gmt":"2025-10-16T15:38:12","guid":{"rendered":"https:\/\/www.europesays.com\/fr\/467731\/"},"modified":"2025-10-16T15:38:12","modified_gmt":"2025-10-16T15:38:12","slug":"leglise-protestante-presente-ses-excuses-aux-homosexuels","status":"publish","type":"post","link":"https:\/\/www.europesays.com\/fr\/467731\/","title":{"rendered":"l&rsquo;\u00c9glise protestante pr\u00e9sente ses excuses aux homosexuels"},"content":{"rendered":"<p>\n    Lors d\u2019une c\u00e9r\u00e9monie dans un bar d\u2019Oslo, l\u2019\u00c9glise a reconnu les souffrances inflig\u00e9es aux personnes homosexuelles et a exprim\u00e9 ses regrets.<\/p>\n<p class=\"fig-paragraph\">L&rsquo;\u00c9glise luth\u00e9rienne de Norv\u00e8ge a pr\u00e9sent\u00e9 jeudi 16 octobre, dans un bar de la communaut\u00e9 gay \u00e0\u00a0<a href=\"http:\/\/www.lefigaro.fr\/flash-actu\/norvege-oslo-annonce-la-fermeture-de-l-ambassade-du-venezuela-trois-jours-apres-l-attribution-du-prix-nobel-de-la-paix-a-maria-corina-machado-20251013\" data-fig-type=\"NewsFlash\" data-gtm-custom-categorie=\"navigation\" data-gtm-custom-action=\"crossclick\" data-gtm-custom-label=\"Contextuel\" data-gtm-event=\"customEventSPE\" data-fig-domain=\"LEFIGARO\" target=\"_blank\" rel=\"noopener\">Oslo<\/a>, ses excuses aux homosexuels pour la fa\u00e7on dont elle les a trait\u00e9s dans le pass\u00e9. Dans les ann\u00e9es 1950, la Conf\u00e9rence des \u00e9v\u00eaques avait qualifi\u00e9 les homosexuels de \u00abdanger social d\u2019envergure mondiale\u00bb et qualifi\u00e9 leurs actes de \u00abpervers et m\u00e9prisables\u00bb.<\/p>\n<p class=\"fig-paragraph\">\u00abEn 2022, les \u00e9v\u00eaques de l&rsquo;\u00c9glise de Norv\u00e8ge ont reconnu que l&rsquo;institution que nous dirigeons avait inflig\u00e9 des souffrances et des blessures aux personnes homosexuelles\u00bb, a d\u00e9clar\u00e9 l&rsquo;\u00e9v\u00eaque Olav Fykse Tveit, primat de l&rsquo;\u00c9glise de\u00a0<a href=\"http:\/\/www.lefigaro.fr\/international\/norvege-forte-explosion-signalee-dans-le-centre-d-oslo-la-police-suspecte-une-grenade-a-main-20250923\" data-fig-type=\"NewsFlash\" data-gtm-custom-categorie=\"navigation\" data-gtm-custom-action=\"crossclick\" data-gtm-custom-label=\"Contextuel\" data-gtm-event=\"customEventSPE\" data-fig-domain=\"LEFIGARO\" target=\"_blank\" rel=\"noopener\">Norv\u00e8ge<\/a>, \u00e0 l&rsquo;int\u00e9rieur du London Pub, haut lieu de la communaut\u00e9 gay. \u00abIl est donc juste que nous prenions nos responsabilit\u00e9s en tant qu&rsquo;\u00c9glise et que nous pr\u00e9sentions nos excuses\u00bb, a-t-il dit en \u00e9voquant \u00abdiscrimination, diff\u00e9rence de traitement et harc\u00e8lement\u00bb qui ont engendr\u00e9 \u00abla honte\u00bb et conduit certains \u00e0 perdre la foi.<\/p>\n<p>                                    <a class=\"fig-a11y-skip a11y-hidden\" href=\"#fig-a11y-skip-main-inarticle\"><br \/>\n        Passer la publicit\u00e9<br \/>\n    <\/a><\/p>\n<p class=\"fig-paragraph\">L\u2019\u00c9glise de Norv\u00e8ge, qui compte 3,4 millions de membres soit plus de 60% de la population norv\u00e9gienne, a adopt\u00e9 une approche plus lib\u00e9rale avec le temps. Elle autorise les pasteurs homosexuels depuis 2007 et les unions religieuses de personnes du m\u00eame sexe depuis 2017.<\/p>\n<p>Excuses trop tardives<\/p>\n<p class=\"fig-paragraph\">Ces excuses sont \u00abfortes et importantes\u00bb mais arrivent \u00abtrop tard pour ceux d\u2019entre nous qui sont morts du sida (&#8230;) le c\u0153ur rempli d\u2019angoisse parce que l\u2019\u00c9glise consid\u00e9rait que l\u2019\u00e9pid\u00e9mie \u00e9tait le ch\u00e2timent de Dieu\u00bb, a r\u00e9agi Stephen Adom, leader de l\u2019Association pour la diversit\u00e9 de genre et de sexualit\u00e9 en Norv\u00e8ge. \u00abNous observons une vague chr\u00e9tienne conservatrice et populiste de droite d\u00e9ferler pays apr\u00e8s pays. Aux \u00c9tats-Unis, en\u00a0<a href=\"http:\/\/www.lefigaro.fr\/international\/l-union-europeenne-examine-des-allegations-d-espionnage-de-la-hongrie-a-bruxelles-20251009\" data-fig-type=\"NewsFlash\" data-gtm-custom-categorie=\"navigation\" data-gtm-custom-action=\"crossclick\" data-gtm-custom-label=\"Contextuel\" data-gtm-event=\"customEventSPE\" data-fig-domain=\"LEFIGARO\" target=\"_blank\" rel=\"noopener\">Hongrie\u00a0<\/a> mais aussi en Norv\u00e8ge, il devient de plus en plus accept\u00e9, chez des dirigeants religieux et politiques, de d\u00e9nigrer la diversit\u00e9 humaine des identit\u00e9s et des corps\u00bb, a-t-il d\u00e9plor\u00e9.<\/p>\n<p class=\"fig-paragraph\">Le London Pub est l\u2019un des deux bars vis\u00e9s par une fusillade qui avait fait deux morts et neuf bless\u00e9s en marge de la Marche des fiert\u00e9s le 25 juin 2022. Son auteur, Zaniar Matapour, un Norv\u00e9gien d\u2019origine iranienne qui avait pr\u00eat\u00e9 all\u00e9geance au groupe \u00c9tat islamique, a \u00e9t\u00e9 condamn\u00e9 \u00e0 la peine maximale, 30 ans de prison extensibles ind\u00e9finiment, pour \u00abacte terroriste aggrav\u00e9\u00bb.<\/p>\n<p class=\"fig-paragraph\">Selon une enqu\u00eate conduite par l\u2019institut Opinion pour l\u2019\u00c9glise de Norv\u00e8ge, 65% des personnes interrog\u00e9es estiment qu\u2019il est \u00abgrand temps\u00bb que l\u2019\u00c9glise pr\u00e9sente ses excuses aux homosexuels. D\u2019autres \u00c9glises protestantes en Angleterre ou au\u00a0<a href=\"http:\/\/www.lefigaro.fr\/voyages\/guides\/pourquoi-air-canada-propose-de-l-alcool-gratuit-en-classe-economique-20251013\" data-fig-type=\"Article\" data-gtm-custom-categorie=\"navigation\" data-gtm-custom-action=\"crossclick\" data-gtm-custom-label=\"Contextuel\" data-gtm-event=\"customEventSPE\" data-fig-domain=\"LEFIGARO\" target=\"_blank\" rel=\"noopener\">Canada\u00a0<\/a>ont pr\u00e9sent\u00e9 des excuses similaires ces derni\u00e8res ann\u00e9es.<\/p>\n","protected":false},"excerpt":{"rendered":"Lors d\u2019une c\u00e9r\u00e9monie dans un bar d\u2019Oslo, l\u2019\u00c9glise a reconnu les souffrances inflig\u00e9es aux personnes homosexuelles et a&hellip;\n","protected":false},"author":2,"featured_media":467732,"comment_status":"","ping_status":"","sticky":false,"template":"","format":"standard","meta":{"footnotes":""},"categories":[5],"tags":[11,1011,27,22468,14,12,673,11999,28],"class_list":{"0":"post-467731","1":"post","2":"type-post","3":"status-publish","4":"format-standard","5":"has-post-thumbnail","7":"category-international","8":"tag-actualites","9":"tag-fr","10":"tag-france","11":"tag-homosexualite","12":"tag-international","13":"tag-news","14":"tag-norvege","15":"tag-protestantisme","16":"tag-world"},"share_on_mastodon":{"url":"https:\/\/pubeurope.com\/@fr\/115384595584262136","error":""},"_links":{"self":[{"href":"https:\/\/www.europesays.com\/fr\/wp-json\/wp\/v2\/posts\/467731","targetHints":{"allow":["GET"]}}],"collection":[{"href":"https:\/\/www.europesays.com\/fr\/wp-json\/wp\/v2\/posts"}],"about":[{"href":"https:\/\/www.europesays.com\/fr\/wp-json\/wp\/v2\/types\/post"}],"author":[{"embeddable":true,"href":"https:\/\/www.europesays.com\/fr\/wp-json\/wp\/v2\/users\/2"}],"replies":[{"embeddable":true,"href":"https:\/\/www.europesays.com\/fr\/wp-json\/wp\/v2\/comments?post=467731"}],"version-history":[{"count":0,"href":"https:\/\/www.europesays.com\/fr\/wp-json\/wp\/v2\/posts\/467731\/revisions"}],"wp:featuredmedia":[{"embeddable":true,"href":"https:\/\/www.europesays.com\/fr\/wp-json\/wp\/v2\/media\/467732"}],"wp:attachment":[{"href":"https:\/\/www.europesays.com\/fr\/wp-json\/wp\/v2\/media?parent=467731"}],"wp:term":[{"taxonomy":"category","embeddable":true,"href":"https:\/\/www.europesays.com\/fr\/wp-json\/wp\/v2\/categories?post=467731"},{"taxonomy":"post_tag","embeddable":true,"href":"https:\/\/www.europesays.com\/fr\/wp-json\/wp\/v2\/tags?post=467731"}],"curies":[{"name":"wp","href":"https:\/\/api.w.org\/{rel}","templated":true}]}}