{"id":467733,"date":"2025-10-16T15:39:13","date_gmt":"2025-10-16T15:39:13","guid":{"rendered":"https:\/\/www.europesays.com\/fr\/467733\/"},"modified":"2025-10-16T15:39:13","modified_gmt":"2025-10-16T15:39:13","slug":"votre-eau-du-robinet-est-elle-polluee-decouvrez-le-grace-a-cette-carte","status":"publish","type":"post","link":"https:\/\/www.europesays.com\/fr\/467733\/","title":{"rendered":"Votre eau du robinet est-elle pollu\u00e9e\u00a0? D\u00e9couvrez-le gr\u00e2ce \u00e0 cette carte"},"content":{"rendered":"<p>        <img decoding=\"async\" loading=\"lazy\" src=\"https:\/\/www.europesays.com\/fr\/wp-content\/uploads\/2025\/10\/219b370_upload-1-tbjfcj5kb50p-pexels-miriam-alonso-7592334.jpg\"  width=\"728\" height=\"410\" alt=\"Deux ONG ont publi\u00e9 une carte de France des polluants dans l\u2019eau du robinet. (photo d\u2019illustration)\"\/>  <\/p>\n<p>Miriam Alonso Pexels<\/p>\n<p>Deux ONG ont publi\u00e9 une carte de France des polluants dans l\u2019eau du robinet. (photo d\u2019illustration)<\/p>\n<p class=\"asset asset-text\">ENVIRONNEMENT &#8211; On se demande souvent si l\u2019eau qui sort du robinet est pollu\u00e9e. Pour rem\u00e9dier \u00e0 \u00e7a, les ONG G\u00e9n\u00e9rations Futures et Data For Good ont mis en ligne ce jeudi 16\u00a0octobre un site proposant une carte interactive des principaux polluants chimiques pr\u00e9sents dans <a href=\"https:\/\/www.huffingtonpost.fr\/environnement\/article\/a-cause-des-polluants-eternels-dans-l-eau-du-robinet-les-habitants-de-ces-16-communes-interdits-d-en-boire_252240.html\" rel=\"nofollow noopener\" target=\"_blank\">l\u2019eau du robinet<\/a> en France. Elles esp\u00e8rent permettre ainsi \u00ab\u00a0un acc\u00e8s plus facile du public \u00e0 ces informations\u00a0\u00bb.<\/p>\n<p class=\"asset asset-text\"><a href=\"https:\/\/www.huffingtonpost.fr\/environnement\/article\/les-ministres-de-l-environnement-europeens-tous-contamines-aux-pfas_255698.html\" target=\"_blank\" rel=\"noopener nofollow\" title=\"Nouvelle fen\u00eatre\">PFAS<\/a> (\u00ab\u00a0polluants \u00e9ternels\u00a0\u00bb), <a href=\"https:\/\/www.huffingtonpost.fr\/science\/article\/cette-vaste-etude-est-un-argument-supplementaire-pour-les-anti-pesticides_254860.html\" target=\"_blank\" rel=\"noopener nofollow\" title=\"Nouvelle fen\u00eatre\">pesticides<\/a> et leurs m\u00e9tabolites, <a href=\"https:\/\/www.huffingtonpost.fr\/international\/video\/le-cargo-ruby-charge-de-nitrate-d-ammonium-et-endommage-s-approche-du-pas-de-calais-ce-que-l-on-sait_240506.html\" target=\"_blank\" rel=\"noopener nofollow\" title=\"Nouvelle fen\u00eatre\">nitrates<\/a>, perchlorates, etc.\u00a0: gr\u00e2ce \u00e0 cet outil, appel\u00e9 \u00ab\u00a0Dans Mon Eau\u00a0\u00bb (consultable \u00e0 l\u2019adresse <a href=\"https:\/\/dansmoneau.fr\/\" target=\"_blank\" rel=\"noopener nofollow\" title=\"Nouvelle fen\u00eatre\">https:\/\/dansmoneau.fr<\/a>), \u00ab\u00a0vous pourrez savoir, o\u00f9 que vous habitiez, si vous \u00eates expos\u00e9s via l\u2019eau du robinet\u00a0\u00bb \u00e0 ces substances, indiquent les deux ONG, qui ont souhait\u00e9 rendre plus accessibles et compr\u00e9hensibles des donn\u00e9es d\u00e9j\u00e0 publiques.<\/p>\n<p class=\"asset asset-text\">Les donn\u00e9es compil\u00e9es pour cette carte, qui sera \u00ab\u00a0actualis\u00e9e tous les mois\u00a0\u00bb, sont \u00ab\u00a0issues\u00a0du contr\u00f4le sanitaire effectu\u00e9 par les Agences R\u00e9gionales de Sant\u00e9 (ARS) pour chaque unit\u00e9 de distribution d\u2019eau potable (UDI)\u00a0\u00bb, indiquent les deux ONG.<\/p>\n<p class=\"asset asset-text\">Un moteur de recherche permet de rentrer l\u2019adresse de son domicile et de consulter les donn\u00e9es qui lui correspondent, avec \u00ab\u00a0les r\u00e9sultats des derni\u00e8res analyses effectu\u00e9es sur chaque cat\u00e9gorie de polluants\u00a0\u00bb, des donn\u00e9es \u00ab\u00a0actualis\u00e9es tous les mois, permettant ainsi d\u2019identifier au plus t\u00f4t de nouvelles situations probl\u00e9matiques\u00a0\u00bb, expliquent les ONG.<\/p>\n<p>                          <img decoding=\"async\" loading=\"lazy\" src=\"https:\/\/www.europesays.com\/fr\/wp-content\/uploads\/2025\/10\/2a7d05e_upload-1-3y8mxkcdexgg-capture-da-a-cran-2025-10-16-155131.jpg\"  width=\"728\" height=\"431\" alt=\"Une capture d\u2019\u00e9cran de la carte mise en ligne par les ONG G\u00e9n\u00e9rations Futures et Data For Good.\"\/>  <\/p>\n<p>https:\/\/dansmoneau.fr<\/p>\n<p>Une capture d\u2019\u00e9cran de la carte mise en ligne par les ONG G\u00e9n\u00e9rations Futures et Data For Good.<\/p>\n<p class=\"asset asset-text\">Il est \u00e9galement possible de conna\u00eetre l\u2019historique de l\u2019exposition, avec des bilans annuels (\u00e0 partir de 2020), indiquant les pourcentages d\u2019analyses non conformes retrouv\u00e9es chaque ann\u00e9e.<\/p>\n<p>    Suivi lacunaire des PFAS    <\/p>\n<p class=\"asset asset-text\">Cette carte r\u00e9v\u00e8le notamment \u00ab\u00a0une grande h\u00e9t\u00e9rog\u00e9n\u00e9it\u00e9\u00a0\u00bb sur le territoire, selon les auteurs de cet outil\u00a0: \u00ab\u00a0le nord de la France est particuli\u00e8rement concern\u00e9 par la majorit\u00e9 des cas de non-conformit\u00e9 et des recommandations de non-consommation de l\u2019eau\u00a0\u00bb, soulignent les auteurs, qui ajoutent que \u00ab\u00a0la tr\u00e8s grande majorit\u00e9 des cas de non-conformit\u00e9 \u00e0 la r\u00e9glementation, recens\u00e9s au 29\u00a0ao\u00fbt\u00a02025, sont dus \u00e0 la pr\u00e9sence de m\u00e9tabolites de pesticides.\u00a0\u00bb<\/p>\n<p class=\"asset asset-text\">\u00ab\u00a0De mani\u00e8re g\u00e9n\u00e9rale, la qualit\u00e9 de l\u2019eau est globalement bonne en France avec actuellement plus de 87\u00a0% des UDI conformes \u00e0 la r\u00e9glementation et sans d\u00e9passement de limites sanitaires\u00a0\u00bb, indiquent G\u00e9n\u00e9rations Futures et Data For Good.<\/p>\n<p class=\"asset asset-text\">Elles pr\u00e9cisent toutefois que ce chiffre est \u00ab\u00a0\u00e0 interpr\u00e9ter avec prudence\u00a0\u00bb, car il exclut les m\u00e9tabolites (mol\u00e9cules issues de la d\u00e9gradation des pesticides) class\u00e9s comme \u00ab\u00a0non pertinents\u00a0\u00bb par les autorit\u00e9s sanitaires).<\/p>\n<p class=\"asset asset-text\">Les ONG soulignent un suivi in\u00e9gal des PFAS ou \u00ab\u00a0polluants \u00e9ternels\u00a0\u00bb, utilis\u00e9s dans de nombreux objets pour leurs propri\u00e9t\u00e9s antiadh\u00e9sives, imperm\u00e9abilisantes ou leur r\u00e9sistance \u00e0 la chaleur, mais ayant pour certains des effets d\u00e9l\u00e9t\u00e8res sur la sant\u00e9.<\/p>\n<p class=\"asset asset-text\">Il manque des analyses \u00ab\u00a0dans plus de la moiti\u00e9\u00a0\u00bb des UDI (52,4\u00a0%) \u00ab\u00a0, indiquent les ONG, \u00e9voquant l\u2019Occitanie et les d\u00e9partements d\u2019outre-mer. Concernant les pesticides, 5,7\u00a0% (1\u00a0377) des UDI en France sont en \u00ab\u00a0non-conformit\u00e9\u00a0\u00bb pour ces substances, selon le rapport.<\/p>\n<p class=\"asset asset-text\">Un m\u00e9tabolite est responsable \u00e0 lui tout seul de 86\u00a0% de ces cas de non-conformit\u00e9, le chloridazone desph\u00e9nyl, m\u00e9tabolite du chloridazone, un herbicide qui a \u00e9t\u00e9 utilis\u00e9 principalement dans la culture des betteraves des ann\u00e9es 1960 jusqu\u2019en 2020, ann\u00e9e de son interdiction en France et en Europe.<\/p>\n","protected":false},"excerpt":{"rendered":"Miriam Alonso Pexels Deux ONG ont publi\u00e9 une carte de France des polluants dans l\u2019eau du robinet. (photo&hellip;\n","protected":false},"author":2,"featured_media":467734,"comment_status":"","ping_status":"","sticky":false,"template":"","format":"standard","meta":{"footnotes":""},"categories":[4],"tags":[11,4858,9746,436,1011,27,12,1800,25],"class_list":{"0":"post-467733","1":"post","2":"type-post","3":"status-publish","4":"format-standard","5":"has-post-thumbnail","7":"category-france","8":"tag-actualites","9":"tag-eau","10":"tag-eau-potable","11":"tag-environnement","12":"tag-fr","13":"tag-france","14":"tag-news","15":"tag-pollution","16":"tag-republique-francaise"},"share_on_mastodon":{"url":"https:\/\/pubeurope.com\/@fr\/115384599929540661","error":""},"_links":{"self":[{"href":"https:\/\/www.europesays.com\/fr\/wp-json\/wp\/v2\/posts\/467733","targetHints":{"allow":["GET"]}}],"collection":[{"href":"https:\/\/www.europesays.com\/fr\/wp-json\/wp\/v2\/posts"}],"about":[{"href":"https:\/\/www.europesays.com\/fr\/wp-json\/wp\/v2\/types\/post"}],"author":[{"embeddable":true,"href":"https:\/\/www.europesays.com\/fr\/wp-json\/wp\/v2\/users\/2"}],"replies":[{"embeddable":true,"href":"https:\/\/www.europesays.com\/fr\/wp-json\/wp\/v2\/comments?post=467733"}],"version-history":[{"count":0,"href":"https:\/\/www.europesays.com\/fr\/wp-json\/wp\/v2\/posts\/467733\/revisions"}],"wp:featuredmedia":[{"embeddable":true,"href":"https:\/\/www.europesays.com\/fr\/wp-json\/wp\/v2\/media\/467734"}],"wp:attachment":[{"href":"https:\/\/www.europesays.com\/fr\/wp-json\/wp\/v2\/media?parent=467733"}],"wp:term":[{"taxonomy":"category","embeddable":true,"href":"https:\/\/www.europesays.com\/fr\/wp-json\/wp\/v2\/categories?post=467733"},{"taxonomy":"post_tag","embeddable":true,"href":"https:\/\/www.europesays.com\/fr\/wp-json\/wp\/v2\/tags?post=467733"}],"curies":[{"name":"wp","href":"https:\/\/api.w.org\/{rel}","templated":true}]}}