{"id":467739,"date":"2025-10-16T15:42:16","date_gmt":"2025-10-16T15:42:16","guid":{"rendered":"https:\/\/www.europesays.com\/fr\/467739\/"},"modified":"2025-10-16T15:42:16","modified_gmt":"2025-10-16T15:42:16","slug":"pres-de-20-000-euros-de-prejudice-deux-mineures-interpellees","status":"publish","type":"post","link":"https:\/\/www.europesays.com\/fr\/467739\/","title":{"rendered":"pr\u00e8s de 20\u00a0000\u00a0euros de pr\u00e9judice, deux mineures interpell\u00e9es"},"content":{"rendered":"<p>Trente et un faits de vols \u00e0 la tire ont \u00e9t\u00e9 recens\u00e9s depuis mi-juillet (mais de nouvelles plaintes pourraient s\u2019y ajouter), principalement dans le centre-ville st\u00e9phanois. La brigade des atteintes aux biens avait, donc, mont\u00e9 une op\u00e9ration avec des policiers en civil, dimanche, dans le tramway entre Tr\u00e9filerie et Bellevue. Les agents ont interpell\u00e9, en flagrant d\u00e9lit, deux adolescentes \u00e2g\u00e9es de 16 ans.<\/p>\n<p>  L\u2019une a \u00e9t\u00e9 plac\u00e9e en d\u00e9tention, l\u2019autre en centre \u00e9ducatif ferm\u00e9<\/p>\n<p>Leur mode op\u00e9ratoire\u00a0: elles se postaient \u00e0 c\u00f4t\u00e9 des distributeurs de titres de transport \u00e0 un arr\u00eat de tram et demandaient \u00e0 une personne, la plupart du temps \u00e2g\u00e9e, de lui prendre un ticket avec sa carte bleue et elles leur remboursaient en liquide. Elles en profitaient pour regarder le code de carte qu\u2019elles leur d\u00e9robaient ensuite une fois dans le tram pour aller retirer du liquide \u00e0 un distributeur automatique de billets.<\/p>\n<p>Les mises cause avaient \u00e9galement s\u00e9vi au centre commercial Centre 2 : elles se pla\u00e7aient juste derri\u00e8re le client au moment o\u00f9 il payait pour regarder son code.<\/p>\n<p>Le pr\u00e9judice total s\u2019\u00e9l\u00e8ve \u00e0 plus de 20\u00a0000\u00a0euros, mais le montant pourrait nettement augmenter au fil du recueil de nouvelles plaintes.<\/p>\n<p>Les deux mineures, d\u00e9j\u00e0 tr\u00e8s d\u00e9favorablement connues des services de police pour des faits similaires \u00e0 Saint-Etienne mais aussi dans les agglom\u00e9rations lyonnaise et parisienne, ont \u00e9t\u00e9 pr\u00e9sent\u00e9es devant un magistrat, mercredi. Elles seront prochainement convoqu\u00e9es par le juge des enfants. En attendant, l\u2019une a \u00e9t\u00e9 plac\u00e9e en d\u00e9tention, l\u2019autre dans un centre \u00e9ducatif ferm\u00e9.<\/p>\n","protected":false},"excerpt":{"rendered":"Trente et un faits de vols \u00e0 la tire ont \u00e9t\u00e9 recens\u00e9s depuis mi-juillet (mais de nouvelles plaintes&hellip;\n","protected":false},"author":2,"featured_media":467740,"comment_status":"","ping_status":"","sticky":false,"template":"","format":"standard","meta":{"footnotes":""},"categories":[9653],"tags":[1111,11,2430,271,272,7539,1777,674,274,1011,27,3367,12,25,4001,7538],"class_list":{"0":"post-467739","1":"post","2":"type-post","3":"status-publish","4":"format-standard","5":"has-post-thumbnail","7":"category-saint-etienne","8":"tag-actu","9":"tag-actualites","10":"tag-auvergne-rhone-alpes","11":"tag-crime","12":"tag-delit-et-contravention","13":"tag-edition-loire-sud","14":"tag-eu","15":"tag-europe","16":"tag-faits-divers-justice","17":"tag-fr","18":"tag-france","19":"tag-loire","20":"tag-news","21":"tag-republique-francaise","22":"tag-saint-etienne","23":"tag-saint-etienne-ville"},"share_on_mastodon":{"url":"https:\/\/pubeurope.com\/@fr\/115384611253519849","error":""},"_links":{"self":[{"href":"https:\/\/www.europesays.com\/fr\/wp-json\/wp\/v2\/posts\/467739","targetHints":{"allow":["GET"]}}],"collection":[{"href":"https:\/\/www.europesays.com\/fr\/wp-json\/wp\/v2\/posts"}],"about":[{"href":"https:\/\/www.europesays.com\/fr\/wp-json\/wp\/v2\/types\/post"}],"author":[{"embeddable":true,"href":"https:\/\/www.europesays.com\/fr\/wp-json\/wp\/v2\/users\/2"}],"replies":[{"embeddable":true,"href":"https:\/\/www.europesays.com\/fr\/wp-json\/wp\/v2\/comments?post=467739"}],"version-history":[{"count":0,"href":"https:\/\/www.europesays.com\/fr\/wp-json\/wp\/v2\/posts\/467739\/revisions"}],"wp:featuredmedia":[{"embeddable":true,"href":"https:\/\/www.europesays.com\/fr\/wp-json\/wp\/v2\/media\/467740"}],"wp:attachment":[{"href":"https:\/\/www.europesays.com\/fr\/wp-json\/wp\/v2\/media?parent=467739"}],"wp:term":[{"taxonomy":"category","embeddable":true,"href":"https:\/\/www.europesays.com\/fr\/wp-json\/wp\/v2\/categories?post=467739"},{"taxonomy":"post_tag","embeddable":true,"href":"https:\/\/www.europesays.com\/fr\/wp-json\/wp\/v2\/tags?post=467739"}],"curies":[{"name":"wp","href":"https:\/\/api.w.org\/{rel}","templated":true}]}}