{"id":467747,"date":"2025-10-16T15:46:14","date_gmt":"2025-10-16T15:46:14","guid":{"rendered":"https:\/\/www.europesays.com\/fr\/467747\/"},"modified":"2025-10-16T15:46:14","modified_gmt":"2025-10-16T15:46:14","slug":"basket-elite-2-john-roberson-un-pigiste-de-luxe-a-hyeres-toulon-futur-adversaire-de-lelan-bearnais","status":"publish","type":"post","link":"https:\/\/www.europesays.com\/fr\/467747\/","title":{"rendered":"Basket &#8211; Elite 2. John Roberson, un pigiste de luxe \u00e0 Hy\u00e8res-Toulon, futur adversaire de l\u2019Elan B\u00e9arnais"},"content":{"rendered":"<p>C\u2019est en grande partie gr\u00e2ce \u00e0 ce p\u00e9pin physique que le HTV, 15e masse salariale du championnat, a r\u00e9ussi l\u2019exploit de s\u2019attacher les services de l\u2019ancien triple All Star LNB et champion de France 2017 avec Chalon, qui \u00e9tait encore le 2e plus gros salaire de Pro A en 2018, sans club ce d\u00e9but d\u2019automne. <\/p>\n<p>Roberson rejoint la c\u00f4te varoise pour une pige d\u2019un mois en remplacement de Mathis Keita, victime d\u2019une entorse.<\/p>\n<p>Chance provoqu\u00e9e<\/p>\n<p>\u00ab\u00a0C\u2019est d\u00e9j\u00e0 difficile de trouver un meneur pendant l\u2019intersaison alors pour seulement un mois, \u00e0 cette p\u00e9riode de la saison, je vous laisse imaginer\u00a0\u00bb, t\u00e9moigne William Dumas sur le site beBasket.<\/p>\n<p>Quand la direction varoise apprend que Roberson, mari\u00e9 \u00e0 une Fran\u00e7aise, effectue sa r\u00e9\u00e9ducation et sa remise en condition en France, banco\u00a0! Le joueur est contact\u00e9 via son agent, et, surprise, la porte ne leur est pas aussit\u00f4t claqu\u00e9e au nez, au contraire\u00a0! Les \u00e9toiles s\u2019alignent rapidement.<\/p>\n<p>\u00ab\u00a0J\u2019ai dit (\u00e0 son entourage, NDLR) que je ne voulais pas lui manquer de respect mais qu\u2019on ne pouvait pas s\u2019aligner sur ce que gagne John, c\u2019est-\u00e0-dire beaucoup. J\u2019ai \u00e9t\u00e9 franc et honn\u00eate sur ce que j\u2019avais, raconte encore William Dumas. Surtout pour un mec r\u00e9f\u00e9renc\u00e9, qui sortait d\u2019un gros championnat d\u2019Europe.\u00a0\u00bb<\/p>\n<p>Apr\u00e8s une courte r\u00e9flexion, le joueur voit l\u00e0 l\u2019opportunit\u00e9 id\u00e9ale de retrouver le terrain et le rythme de la comp\u00e9tition, rel\u00e9guant au dernier plan le volet salarial d\u2019une pige de cinq matches sous les couleurs d\u2019un quatri\u00e8me club fran\u00e7ais, le premier de deuxi\u00e8me division, apr\u00e8s l\u2019Elan Chalon (2015-17), l\u2019ASVEL (2017-18), et Strasbourg (2021-22).<\/p>\n<p>\u201cAvec l\u00e9geret\u00e9 et sans pression\u201d<\/p>\n<p>Apr\u00e8s avoir assist\u00e9 en civil \u00e0 la rouste ass\u00e9n\u00e9e par Blois au HTV la semaine semaine, le lutin effectuera sa premi\u00e8re apparition en tenue, ce vendredi au Palais des sports. La d\u00e9fense paloise, si performante lors des trois premi\u00e8res r\u00e9ceptions, tient l\u00e0 l\u2019occasion de le prouver face \u00e0 un attaquant d\u2019envergure europ\u00e9enne.<\/p>\n<p>\u00ab\u00a0C\u2019est un joueur avec \u00e9norm\u00e9ment d\u2019exp\u00e9rience, il peut tr\u00e8s vite prendre des coups de chaud. Avec son statut, je pense qu\u2019il va arriver avec \u00e9norm\u00e9ment de l\u00e9g\u00e8ret\u00e9 et sans pression, pressent Seydou Ndiaye. Il faut r\u00e9ussir \u00e0 ne pas le mettre en confiance.\u00a0D\u00e9j\u00e0, si on arrive \u00e0 le contenir et \u00e0 le faire courir et \u00e0 le faire d\u00e9fendre, parce qu\u2019il a un d\u00e9ficit de taille et qu\u2019il sort d\u2019une p\u00e9riode de blessure, \u00e7a devrait aussi nous faciliter la t\u00e2che\u00a0\u00bb, propose l\u2019ailier qui pourrait mettre en avant sa rapidit\u00e9 de jambes et son envergure pour embrouiller la vue du ph\u00e9nom\u00e8ne.\u00a0<\/p>\n<p>Roberson, une \u00e9quation suppl\u00e9mentaire qui ne hante pas les nuits de Micka\u00ebl Hay. \u00ab\u00a0On ne conna\u00eet pas son \u00e9tat de forme. On ne sait pas comment il va \u00eatre int\u00e9gr\u00e9 dans l\u2019\u00e9quipe, ni s\u2019ils vont changer des choses dans leur jeu parce qu\u2019il est l\u00e0, du coup je pr\u00e9f\u00e8re rester focalis\u00e9 sur nous\u00a0\u00bb, souffle le coach.<\/p>\n","protected":false},"excerpt":{"rendered":"C\u2019est en grande partie gr\u00e2ce \u00e0 ce p\u00e9pin physique que le HTV, 15e masse salariale du championnat, a&hellip;\n","protected":false},"author":2,"featured_media":467748,"comment_status":"","ping_status":"","sticky":false,"template":"","format":"standard","meta":{"footnotes":""},"categories":[9619],"tags":[1111,11,1777,674,1011,27,12,882,25,2310],"class_list":{"0":"post-467747","1":"post","2":"type-post","3":"status-publish","4":"format-standard","5":"has-post-thumbnail","7":"category-toulon","8":"tag-actu","9":"tag-actualites","10":"tag-eu","11":"tag-europe","12":"tag-fr","13":"tag-france","14":"tag-news","15":"tag-provence-alpes-cote-dazur","16":"tag-republique-francaise","17":"tag-toulon"},"share_on_mastodon":{"url":"https:\/\/pubeurope.com\/@fr\/115384627027695131","error":""},"_links":{"self":[{"href":"https:\/\/www.europesays.com\/fr\/wp-json\/wp\/v2\/posts\/467747","targetHints":{"allow":["GET"]}}],"collection":[{"href":"https:\/\/www.europesays.com\/fr\/wp-json\/wp\/v2\/posts"}],"about":[{"href":"https:\/\/www.europesays.com\/fr\/wp-json\/wp\/v2\/types\/post"}],"author":[{"embeddable":true,"href":"https:\/\/www.europesays.com\/fr\/wp-json\/wp\/v2\/users\/2"}],"replies":[{"embeddable":true,"href":"https:\/\/www.europesays.com\/fr\/wp-json\/wp\/v2\/comments?post=467747"}],"version-history":[{"count":0,"href":"https:\/\/www.europesays.com\/fr\/wp-json\/wp\/v2\/posts\/467747\/revisions"}],"wp:featuredmedia":[{"embeddable":true,"href":"https:\/\/www.europesays.com\/fr\/wp-json\/wp\/v2\/media\/467748"}],"wp:attachment":[{"href":"https:\/\/www.europesays.com\/fr\/wp-json\/wp\/v2\/media?parent=467747"}],"wp:term":[{"taxonomy":"category","embeddable":true,"href":"https:\/\/www.europesays.com\/fr\/wp-json\/wp\/v2\/categories?post=467747"},{"taxonomy":"post_tag","embeddable":true,"href":"https:\/\/www.europesays.com\/fr\/wp-json\/wp\/v2\/tags?post=467747"}],"curies":[{"name":"wp","href":"https:\/\/api.w.org\/{rel}","templated":true}]}}