{"id":467753,"date":"2025-10-16T15:49:11","date_gmt":"2025-10-16T15:49:11","guid":{"rendered":"https:\/\/www.europesays.com\/fr\/467753\/"},"modified":"2025-10-16T15:49:11","modified_gmt":"2025-10-16T15:49:11","slug":"un-motard-tue-dans-un-accident","status":"publish","type":"post","link":"https:\/\/www.europesays.com\/fr\/467753\/","title":{"rendered":"un motard tu\u00e9 dans un accident"},"content":{"rendered":"<p>            Par<br \/>\n        <strong><br \/>\n            <a href=\"https:\/\/actu.fr\/auteur\/julien-bouteiller\" title=\"Consulter tous les articles de Julien Bouteiller\" rel=\"nofollow noopener\" target=\"_blank\">Julien Bouteiller<\/a><br \/>\n        <\/strong><\/p>\n<p>        Publi\u00e9 le<\/p>\n<p>            16 oct. 2025 \u00e0 17h04        <\/p>\n<p><strong>Drame ce jeudi midi pr\u00e8s de Rouen<\/strong>. Un motard a \u00e9t\u00e9 tu\u00e9 dans un accident de la route \u00e0 <a href=\"https:\/\/actu.fr\/normandie\/notre-dame-de-bondeville_76474\" rel=\"nofollow noopener\" target=\"_blank\">Notre-Dame-de-Bondeville<\/a>, ce 16\u00a0octobre 2025, apprend-on du Service d\u00e9partemental d\u2019incendie et de secours (Sdis).<\/p>\n<p>Accident pr\u00e8s de Rouen\u2009: un motard d\u00e9c\u00e8de<\/p>\n<p class=\" wall-content\">Les secours sont appel\u00e9s peu avant 12h30, pour un choc entre une automobiliste et un motard, <strong>dans la rue de l\u2019Abbaye<\/strong>. \u00c0 l\u2019appel, \u00ab\u2009le motard est au sol, possiblement inconscient\u2009\u00bb, pr\u00e9cise le Sdis.<\/p>\n<p class=\" wall-content\">Sur place, les pompiers et le Smur prennent en charge la victime, <strong>en arr\u00eat cardio-respiratoire.<\/strong> \u00ab\u2009Malgr\u00e9 les tentatives de r\u00e9animation conjointe avec le Smur, la victime, <strong>un homme de 51\u00a0ans<\/strong>, est d\u00e9clar\u00e9e d\u00e9c\u00e9d\u00e9e.\u2009\u00bb<\/p>\n<p class=\" wall-content\">Choqu\u00e9e, la conductrice de la voiture a \u00e9t\u00e9 prise en charge par les secours. Une enqu\u00eate devra d\u00e9terminer les circonstances de cet accident mortel.<\/p>\n<p>Suivez l\u2019actualit\u00e9 de Rouen <a href=\"https:\/\/www.whatsapp.com\/channel\/0029VaKfnf99hXF2ddApFB1D\" rel=\"nofollow noopener\" target=\"_blank\">sur notre cha\u00eene WhatsApp<\/a> et <a href=\"https:\/\/www.tiktok.com\/@76actu.fr?lang=fr\" rel=\"nofollow noopener\" target=\"_blank\">sur notre compte TikTok<\/a><\/p>\n<p class=\" wall-content\">Personnalisez votre actualit\u00e9 en ajoutant vos villes et m\u00e9dias en favori avec <a href=\"https:\/\/moncompte.actu.fr\" title=\"D\u00e9couvez Mon Actu\" rel=\"nofollow noopener\" data-trk=\"{&quot;cta&quot;:{&quot;action&quot;:&quot;https:\\\/\\\/moncompte.actu.fr&quot;,&quot;category&quot;:&quot;mon compte&quot;,&quot;from&quot;:&quot;article footer&quot;,&quot;name&quot;:&quot;Mon actu&quot;,&quot;type&quot;:&quot;cta&quot;}}\" target=\"_blank\">Mon Actu<\/a>.<\/p>\n<p>                    <script async src=\"\/\/www.tiktok.com\/embed.js\"><\/script><\/p>\n","protected":false},"excerpt":{"rendered":"Par Julien Bouteiller Publi\u00e9 le 16 oct. 2025 \u00e0 17h04 Drame ce jeudi midi pr\u00e8s de Rouen. Un&hellip;\n","protected":false},"author":2,"featured_media":467754,"comment_status":"","ping_status":"","sticky":false,"template":"","format":"standard","meta":{"footnotes":""},"categories":[9587],"tags":[119,1111,11,1777,674,118,1011,27,12,5161,1311,25,9590],"class_list":{"0":"post-467753","1":"post","2":"type-post","3":"status-publish","4":"format-standard","5":"has-post-thumbnail","7":"category-rouen","8":"tag-accident","9":"tag-actu","10":"tag-actualites","11":"tag-eu","12":"tag-europe","13":"tag-faits-divers","14":"tag-fr","15":"tag-france","16":"tag-news","17":"tag-normandie","18":"tag-pompiers","19":"tag-republique-francaise","20":"tag-rouen"},"share_on_mastodon":{"url":"https:\/\/pubeurope.com\/@fr\/115384638791777351","error":""},"_links":{"self":[{"href":"https:\/\/www.europesays.com\/fr\/wp-json\/wp\/v2\/posts\/467753","targetHints":{"allow":["GET"]}}],"collection":[{"href":"https:\/\/www.europesays.com\/fr\/wp-json\/wp\/v2\/posts"}],"about":[{"href":"https:\/\/www.europesays.com\/fr\/wp-json\/wp\/v2\/types\/post"}],"author":[{"embeddable":true,"href":"https:\/\/www.europesays.com\/fr\/wp-json\/wp\/v2\/users\/2"}],"replies":[{"embeddable":true,"href":"https:\/\/www.europesays.com\/fr\/wp-json\/wp\/v2\/comments?post=467753"}],"version-history":[{"count":0,"href":"https:\/\/www.europesays.com\/fr\/wp-json\/wp\/v2\/posts\/467753\/revisions"}],"wp:featuredmedia":[{"embeddable":true,"href":"https:\/\/www.europesays.com\/fr\/wp-json\/wp\/v2\/media\/467754"}],"wp:attachment":[{"href":"https:\/\/www.europesays.com\/fr\/wp-json\/wp\/v2\/media?parent=467753"}],"wp:term":[{"taxonomy":"category","embeddable":true,"href":"https:\/\/www.europesays.com\/fr\/wp-json\/wp\/v2\/categories?post=467753"},{"taxonomy":"post_tag","embeddable":true,"href":"https:\/\/www.europesays.com\/fr\/wp-json\/wp\/v2\/tags?post=467753"}],"curies":[{"name":"wp","href":"https:\/\/api.w.org\/{rel}","templated":true}]}}