{"id":467757,"date":"2025-10-16T15:51:14","date_gmt":"2025-10-16T15:51:14","guid":{"rendered":"https:\/\/www.europesays.com\/fr\/467757\/"},"modified":"2025-10-16T15:51:14","modified_gmt":"2025-10-16T15:51:14","slug":"la-ligne-grenoble-chambery-perturbee-ce-vendredi","status":"publish","type":"post","link":"https:\/\/www.europesays.com\/fr\/467757\/","title":{"rendered":"la ligne Grenoble-Chamb\u00e9ry perturb\u00e9e ce vendredi"},"content":{"rendered":"<p>Une gr\u00e8ve des contr\u00f4leurs perturbera fortement La circulation des TER au d\u00e9part et \u00e0 l\u2019arriv\u00e9e de Chamb\u00e9ry, vendredi 17\u00a0octobre. Le mouvement affectera particuli\u00e8rement les trains qui relient la pr\u00e9fecture de la Savoie \u00e0 Grenoble et Annecy.<\/p>\n<p>  90\u00a0% de gr\u00e9vistes<\/p>\n<p>D\u2019apr\u00e8s les organisations syndicales Sud-Rail, CFDT et CGT cheminots, 90\u00a0% des contr\u00f4leurs et des contr\u00f4leuses seront gr\u00e9vistes.<\/p>\n<p>Dans un communiqu\u00e9 de presse, elles d\u00e9noncent \u00ab\u00a0des difficult\u00e9s grandissantes dans l\u2019exercice de leurs fonctions\u00a0: manque d\u2019effectifs entra\u00eenant des journ\u00e9es tr\u00e8s longues, des trains vieillissants [\u2026]\u00a0\u00bb. Et elles demandent \u00ab\u00a0des embauches de contr\u00f4leurs sur le bassin alpin, de l\u2019investissement par la r\u00e9gion de mat\u00e9riels roulants plus modernes [\u2026]\u00a0\u00bb.<\/p>\n","protected":false},"excerpt":{"rendered":"Une gr\u00e8ve des contr\u00f4leurs perturbera fortement La circulation des TER au d\u00e9part et \u00e0 l\u2019arriv\u00e9e de Chamb\u00e9ry, vendredi&hellip;\n","protected":false},"author":2,"featured_media":467758,"comment_status":"","ping_status":"","sticky":false,"template":"","format":"standard","meta":{"footnotes":""},"categories":[9566],"tags":[1111,11,3853,2430,5509,3542,9671,3856,7001,112,1777,674,107,1011,27,2731,2732,4638,108,12,25,5508,801,2803],"class_list":{"0":"post-467757","1":"post","2":"type-post","3":"status-publish","4":"format-standard","5":"has-post-thumbnail","7":"category-grenoble","8":"tag-actu","9":"tag-actualites","10":"tag-annecy","11":"tag-auvergne-rhone-alpes","12":"tag-chambery","13":"tag-circulation","14":"tag-conflit-social","15":"tag-edition-annecy-rumilly-les-aravis","16":"tag-edition-chambery-aix-les-bains","17":"tag-edition-grenoble-agglomeration","18":"tag-eu","19":"tag-europe","20":"tag-fil-info","21":"tag-fr","22":"tag-france","23":"tag-grenoble","24":"tag-grenoble-bassin","25":"tag-haute-savoie","26":"tag-isere","27":"tag-news","28":"tag-republique-francaise","29":"tag-savoie","30":"tag-social","31":"tag-transport"},"share_on_mastodon":{"url":"https:\/\/pubeurope.com\/@fr\/115384646656012955","error":""},"_links":{"self":[{"href":"https:\/\/www.europesays.com\/fr\/wp-json\/wp\/v2\/posts\/467757","targetHints":{"allow":["GET"]}}],"collection":[{"href":"https:\/\/www.europesays.com\/fr\/wp-json\/wp\/v2\/posts"}],"about":[{"href":"https:\/\/www.europesays.com\/fr\/wp-json\/wp\/v2\/types\/post"}],"author":[{"embeddable":true,"href":"https:\/\/www.europesays.com\/fr\/wp-json\/wp\/v2\/users\/2"}],"replies":[{"embeddable":true,"href":"https:\/\/www.europesays.com\/fr\/wp-json\/wp\/v2\/comments?post=467757"}],"version-history":[{"count":0,"href":"https:\/\/www.europesays.com\/fr\/wp-json\/wp\/v2\/posts\/467757\/revisions"}],"wp:featuredmedia":[{"embeddable":true,"href":"https:\/\/www.europesays.com\/fr\/wp-json\/wp\/v2\/media\/467758"}],"wp:attachment":[{"href":"https:\/\/www.europesays.com\/fr\/wp-json\/wp\/v2\/media?parent=467757"}],"wp:term":[{"taxonomy":"category","embeddable":true,"href":"https:\/\/www.europesays.com\/fr\/wp-json\/wp\/v2\/categories?post=467757"},{"taxonomy":"post_tag","embeddable":true,"href":"https:\/\/www.europesays.com\/fr\/wp-json\/wp\/v2\/tags?post=467757"}],"curies":[{"name":"wp","href":"https:\/\/api.w.org\/{rel}","templated":true}]}}