{"id":467759,"date":"2025-10-16T15:52:12","date_gmt":"2025-10-16T15:52:12","guid":{"rendered":"https:\/\/www.europesays.com\/fr\/467759\/"},"modified":"2025-10-16T15:52:12","modified_gmt":"2025-10-16T15:52:12","slug":"grenoble-des-dirigeants-du-crif-vises-par-des-menaces-de-mort-et-tags-antisemites","status":"publish","type":"post","link":"https:\/\/www.europesays.com\/fr\/467759\/","title":{"rendered":"Grenoble. Des dirigeants du Crif vis\u00e9s par des menaces de mort et tags antis\u00e9mites"},"content":{"rendered":"<p>Des menaces de mort ont \u00e9t\u00e9 tagu\u00e9es sur des murs \u00e0 Grenoble, visant le pr\u00e9sident local du Conseil repr\u00e9sentatif des institutions juives de France (Crif) et son pr\u00e9d\u00e9cesseur, par ailleurs candidat aux \u00e9lections municipales, a indiqu\u00e9 jeudi ce dernier, qui va porter plainte.<\/p>\n<p>\u00ab \u00c7a n&rsquo;entache en rien ma d\u00e9termination dans la campagne \u00bb, a affirm\u00e9 <a href=\"https:\/\/www.dna.fr\/p\/herve-gerbi\" target=\"_blank\" rel=\"noopener\">Herv\u00e9 Gerbi<\/a>, qui se pr\u00e9sente sous l&rsquo;\u00e9tiquette Horizons. Un tag mena\u00e7ant \u00ab chaque membre du Crif \u00bb, accompagn\u00e9 d&rsquo;un dessin de noeud coulant, selon des photos publi\u00e9es par la presse locale, a \u00e9t\u00e9 inscrit sur la fa\u00e7ade de son cabinet d&rsquo;avocat.<\/p>\n<p>\u00ab Il faut continuer de combattre ce poison qu&rsquo;est l&rsquo;antis\u00e9mitisme\u00a0\u00bb<\/p>\n<p>\u00ab Ces actes abjects, contraires \u00e0 toutes les valeurs de la R\u00e9publique, n&rsquo;ont pas leur place dans le d\u00e9bat public ni dans notre d\u00e9mocratie. La haine, l&rsquo;intimidation et l&rsquo;antis\u00e9mitisme ne sauraient jamais \u00eatre des armes politiques \u00bb, a r\u00e9agi Horizons Is\u00e8re. Un autre tag insultant a \u00e9t\u00e9 d\u00e9couvert sur la fa\u00e7ade du cabinet de l&rsquo;actuel pr\u00e9sident du Crif Grenoble, \u00e9galement avocat, a indiqu\u00e9 une source polici\u00e8re.<\/p>\n<p>Le maire de Grenoble, l&rsquo;\u00e9cologiste <a href=\"https:\/\/www.dna.fr\/p\/eric-piolle\" target=\"_blank\" rel=\"noopener\">Eric Piolle<\/a>, s&rsquo;est dit \u00ab profond\u00e9ment choqu\u00e9 par les tags antis\u00e9mites et les menaces de mort inscrits \u00bb sur les murs des locaux des deux hommes. \u00ab Il faut continuer de combattre ce poison qu&rsquo;est l&rsquo;antis\u00e9mitisme, de toutes nos forces, sans rel\u00e2che \u00bb, a-t-il r\u00e9agi.<\/p>\n","protected":false},"excerpt":{"rendered":"Des menaces de mort ont \u00e9t\u00e9 tagu\u00e9es sur des murs \u00e0 Grenoble, visant le pr\u00e9sident local du Conseil&hellip;\n","protected":false},"author":2,"featured_media":467760,"comment_status":"","ping_status":"","sticky":false,"template":"","format":"standard","meta":{"footnotes":""},"categories":[9566],"tags":[1111,11,2430,271,272,1777,674,274,107,1011,27,2731,12,5889,25],"class_list":{"0":"post-467759","1":"post","2":"type-post","3":"status-publish","4":"format-standard","5":"has-post-thumbnail","7":"category-grenoble","8":"tag-actu","9":"tag-actualites","10":"tag-auvergne-rhone-alpes","11":"tag-crime","12":"tag-delit-et-contravention","13":"tag-eu","14":"tag-europe","15":"tag-faits-divers-justice","16":"tag-fil-info","17":"tag-fr","18":"tag-france","19":"tag-grenoble","20":"tag-news","21":"tag-religion-croyance","22":"tag-republique-francaise"},"share_on_mastodon":{"url":"https:\/\/pubeurope.com\/@fr\/115384650545639222","error":""},"_links":{"self":[{"href":"https:\/\/www.europesays.com\/fr\/wp-json\/wp\/v2\/posts\/467759","targetHints":{"allow":["GET"]}}],"collection":[{"href":"https:\/\/www.europesays.com\/fr\/wp-json\/wp\/v2\/posts"}],"about":[{"href":"https:\/\/www.europesays.com\/fr\/wp-json\/wp\/v2\/types\/post"}],"author":[{"embeddable":true,"href":"https:\/\/www.europesays.com\/fr\/wp-json\/wp\/v2\/users\/2"}],"replies":[{"embeddable":true,"href":"https:\/\/www.europesays.com\/fr\/wp-json\/wp\/v2\/comments?post=467759"}],"version-history":[{"count":0,"href":"https:\/\/www.europesays.com\/fr\/wp-json\/wp\/v2\/posts\/467759\/revisions"}],"wp:featuredmedia":[{"embeddable":true,"href":"https:\/\/www.europesays.com\/fr\/wp-json\/wp\/v2\/media\/467760"}],"wp:attachment":[{"href":"https:\/\/www.europesays.com\/fr\/wp-json\/wp\/v2\/media?parent=467759"}],"wp:term":[{"taxonomy":"category","embeddable":true,"href":"https:\/\/www.europesays.com\/fr\/wp-json\/wp\/v2\/categories?post=467759"},{"taxonomy":"post_tag","embeddable":true,"href":"https:\/\/www.europesays.com\/fr\/wp-json\/wp\/v2\/tags?post=467759"}],"curies":[{"name":"wp","href":"https:\/\/api.w.org\/{rel}","templated":true}]}}