{"id":467763,"date":"2025-10-16T15:54:14","date_gmt":"2025-10-16T15:54:14","guid":{"rendered":"https:\/\/www.europesays.com\/fr\/467763\/"},"modified":"2025-10-16T15:54:14","modified_gmt":"2025-10-16T15:54:14","slug":"deux-policiers-blesses-apres-une-altercation-entre-jeunes","status":"publish","type":"post","link":"https:\/\/www.europesays.com\/fr\/467763\/","title":{"rendered":"Deux policiers bless\u00e9s apr\u00e8s une altercation entre jeunes"},"content":{"rendered":"<p class=\"mb-4 text-lg md:leading-8 break-words\"><strong>VIOLENCES &#8211; Intervenant mardi soir dans le quartier de Villejean, deux agents de la brigade sp\u00e9cialis\u00e9e de terrain ont \u00e9t\u00e9 bless\u00e9s<\/strong><\/p>\n<p class=\"mb-4 text-lg md:leading-8 break-words\"><a href=\"https:\/\/www.20minutes.fr\/dossier\/interpellation?at_medium=RSS%20feed&amp;at_campaign=ynews&amp;utm_source=yahoo&amp;utm_medium=rss&amp;utm_campaign=news_feed&amp;utm_content=in_article_link\" rel=\"nofollow noopener\" target=\"_blank\" data-ylk=\"slk:Une interpellation;elm:context_link;itc:0;sec:content-canvas\" class=\"link \">Une interpellation<\/a> a \u00e9t\u00e9 muscl\u00e9e mardi en fin de journ\u00e9e sur la dalle Kennedy dans le quartier de Villejean \u00e0 Rennes. Vers 19h30, deux agents de la brigade sp\u00e9cialis\u00e9e de terrain sont intervenus pour mettre fin \u00e0 une altercation entre deux jeunes. Juste avant, la m\u00e8re d\u2019un des jeunes avait appel\u00e9 <a href=\"https:\/\/www.20minutes.fr\/dossier\/police?at_medium=RSS%20feed&amp;at_campaign=ynews&amp;utm_source=yahoo&amp;utm_medium=rss&amp;utm_campaign=news_feed&amp;utm_content=in_article_link\" rel=\"nofollow noopener\" target=\"_blank\" data-ylk=\"slk:la police;elm:context_link;itc:0;sec:content-canvas\" class=\"link \">la police<\/a> pour leur signaler que son fils \u00e9tait \u00ab retenu sur la dalle pour une dette d\u2019argent \u00bb, selon le syndicat Alliance qui r\u00e9v\u00e8le l\u2019affaire.<\/p>\n<p class=\"mb-4 text-lg md:leading-8 break-words\">Lors du contr\u00f4le, l\u2019un des deux individus a refus\u00e9 la palpation et s\u2019est \u00ab violemment <a href=\"https:\/\/www.20minutes.fr\/monde\/rebellion\/?at_medium=RSS%20feed&amp;at_campaign=ynews&amp;utm_source=yahoo&amp;utm_medium=rss&amp;utm_campaign=news_feed&amp;utm_content=in_article_link\" rel=\"nofollow noopener\" target=\"_blank\" data-ylk=\"slk:rebell\u00e9;elm:context_link;itc:0;sec:content-canvas\" class=\"link \">rebell\u00e9<\/a>. \u00bb Lors de son interpellation, deux policiers ont \u00e9t\u00e9 bless\u00e9s, l\u2019un \u00e0 la m\u00e2choire et l\u2019autre \u00e0 la main. Une somme de 5.730 euros en liquide a \u00e9galement \u00e9t\u00e9 d\u00e9couverte sur le jeune homme interpell\u00e9 qui a \u00e9t\u00e9 conduit au commissariat et plac\u00e9 en garde \u00e0 vue.<\/p>\n<p class=\"mb-4 text-lg md:leading-8 break-words\"><a href=\"https:\/\/www.20minutes.fr\/faits_divers\/4179784-20251016-rennes-deux-policiers-blesses-apres-altercation-entre-jeunes?at_medium=RSS%20feed&amp;at_campaign=ynews&amp;utm_source=yahoo&amp;utm_medium=rss&amp;utm_campaign=news_feed&amp;utm_content=read_more_link&quot;\" rel=\"nofollow noopener\" target=\"_blank\" data-ylk=\"slk:Lire la suite sur 20minutes;elm:context_link;itc:0;sec:content-canvas\" class=\"link \">Lire la suite sur 20minutes<\/a><\/p>\n<p>\u00c0 lire aussi :<br \/><a href=\"https:\/\/www.20minutes.fr\/faits_divers\/faits-divers-rennes\/4179437-20251015-rennes-membres-clan-yoda-interpelles-marseille-apres-serie-fusillades?at_medium=RSS%20feed&amp;at_campaign=ynews&amp;utm_source=yahoo&amp;utm_medium=rss&amp;utm_campaign=news_feed&amp;utm_content=related_content_link\" rel=\"nofollow noopener\" target=\"_blank\" data-ylk=\"slk:Rennes : Des membres du clan Yoda interpell\u00e9s \u00e0 Marseille apr\u00e8s une s\u00e9rie de fusillades;elm:context_link;itc:0;sec:content-canvas\" class=\"link \">Rennes : Des membres du clan Yoda interpell\u00e9s \u00e0 Marseille apr\u00e8s une s\u00e9rie de fusillades<\/a><br \/><a href=\"https:\/\/www.20minutes.fr\/rennes\/4178417-20251010-rennes-deux-ados-condamnes-avoir-pirate-logiciel-lycee-change-notes?at_medium=RSS%20feed&amp;at_campaign=ynews&amp;utm_source=yahoo&amp;utm_medium=rss&amp;utm_campaign=news_feed&amp;utm_content=related_content_link\" rel=\"nofollow noopener\" target=\"_blank\" data-ylk=\"slk:Rennes : Deux ados condamn\u00e9s pour avoir pirat\u00e9 le logiciel de leur lyc\u00e9e et chang\u00e9 leurs notes;elm:context_link;itc:0;sec:content-canvas\" class=\"link \">Rennes : Deux ados condamn\u00e9s pour avoir pirat\u00e9 le logiciel de leur lyc\u00e9e et chang\u00e9 leurs notes<\/a><\/p>\n","protected":false},"excerpt":{"rendered":"VIOLENCES &#8211; Intervenant mardi soir dans le quartier de Villejean, deux agents de la brigade sp\u00e9cialis\u00e9e de terrain&hellip;\n","protected":false},"author":2,"featured_media":467764,"comment_status":"","ping_status":"","sticky":false,"template":"","format":"standard","meta":{"footnotes":""},"categories":[2821],"tags":[1111,11,829,1777,674,1011,27,12,584,25,5375],"class_list":{"0":"post-467763","1":"post","2":"type-post","3":"status-publish","4":"format-standard","5":"has-post-thumbnail","7":"category-rennes","8":"tag-actu","9":"tag-actualites","10":"tag-bretagne","11":"tag-eu","12":"tag-europe","13":"tag-fr","14":"tag-france","15":"tag-news","16":"tag-rennes","17":"tag-republique-francaise","18":"tag-villejean"},"share_on_mastodon":{"url":"https:\/\/pubeurope.com\/@fr\/115384658473296924","error":""},"_links":{"self":[{"href":"https:\/\/www.europesays.com\/fr\/wp-json\/wp\/v2\/posts\/467763","targetHints":{"allow":["GET"]}}],"collection":[{"href":"https:\/\/www.europesays.com\/fr\/wp-json\/wp\/v2\/posts"}],"about":[{"href":"https:\/\/www.europesays.com\/fr\/wp-json\/wp\/v2\/types\/post"}],"author":[{"embeddable":true,"href":"https:\/\/www.europesays.com\/fr\/wp-json\/wp\/v2\/users\/2"}],"replies":[{"embeddable":true,"href":"https:\/\/www.europesays.com\/fr\/wp-json\/wp\/v2\/comments?post=467763"}],"version-history":[{"count":0,"href":"https:\/\/www.europesays.com\/fr\/wp-json\/wp\/v2\/posts\/467763\/revisions"}],"wp:featuredmedia":[{"embeddable":true,"href":"https:\/\/www.europesays.com\/fr\/wp-json\/wp\/v2\/media\/467764"}],"wp:attachment":[{"href":"https:\/\/www.europesays.com\/fr\/wp-json\/wp\/v2\/media?parent=467763"}],"wp:term":[{"taxonomy":"category","embeddable":true,"href":"https:\/\/www.europesays.com\/fr\/wp-json\/wp\/v2\/categories?post=467763"},{"taxonomy":"post_tag","embeddable":true,"href":"https:\/\/www.europesays.com\/fr\/wp-json\/wp\/v2\/tags?post=467763"}],"curies":[{"name":"wp","href":"https:\/\/api.w.org\/{rel}","templated":true}]}}