{"id":467771,"date":"2025-10-16T15:58:17","date_gmt":"2025-10-16T15:58:17","guid":{"rendered":"https:\/\/www.europesays.com\/fr\/467771\/"},"modified":"2025-10-16T15:58:17","modified_gmt":"2025-10-16T15:58:17","slug":"pluie-de-blesses-a-logc-nice-bombito-absent-quatre-a-cinq-mois-et-moffi-plusieurs-semaines","status":"publish","type":"post","link":"https:\/\/www.europesays.com\/fr\/467771\/","title":{"rendered":"pluie de bless\u00e9s \u00e0 l\u2019OGC Nice, Bombito absent \u00abquatre \u00e0 cinq mois\u00bb et Moffi plusieurs semaines"},"content":{"rendered":"<p>\n    Ce jeudi, l\u2019entra\u00eeneur de l\u2019OGC Nice Franck Haise a confirm\u00e9 les blessures pour une longue dur\u00e9e du d\u00e9fenseur Mo\u00efse Bombito et de l\u2019attaquant Terem Moffi.<\/p>\n<p class=\"fig-paragraph\">Pluie de blessures \u00e0 Nice. Le Canadien\u00a0<a href=\"http:\/\/www.lefigaro.fr\/sports\/football\/ligue-1\/ligue-1-on-perd-un-soldat-le-nicois-moise-bombito-hospitalise-apres-une-blessure-au-tibia-20251005\" target=\"_blank\" data-fig-type=\"NewsFlash\" rel=\"noopener\" data-gtm-custom-categorie=\"navigation\" data-gtm-custom-action=\"crossclick\" data-gtm-custom-label=\"Contextuel\" data-gtm-event=\"customEventSPE\" data-fig-domain=\"LEFIGARO\">Mo\u00efse Bombito<\/a>, op\u00e9r\u00e9 d&rsquo;une fracture du tibia gauche, ne sera \u00abpas disponible pendant quatre \u00e0 cinq mois\u00bb, selon l&rsquo;entra\u00eeneur de Nice\u00a0<a href=\"http:\/\/www.lefigaro.fr\/sports\/football\/ligue-1\/ligue-1-huetter-beye-haise-ces-entraineurs-sur-la-sellette-pendant-la-treve-20251007\" target=\"_blank\" data-fig-type=\"NewsFlash\" rel=\"noopener\" data-gtm-custom-categorie=\"navigation\" data-gtm-custom-action=\"crossclick\" data-gtm-custom-label=\"Contextuel\" data-gtm-event=\"customEventSPE\" data-fig-domain=\"LEFIGARO\">Franck Haise<\/a>, qui a annonc\u00e9 aussi jeudi l&rsquo;indisponibilit\u00e9 du Nig\u00e9rian Terem Moffi, bless\u00e9 \u00e0 un mollet, pour plusieurs semaines.<\/p>\n<p class=\"fig-paragraph\">Victime d&rsquo;une fracture du tibia gauche \u00e0 Monaco\u00a0<a href=\"http:\/\/www.lefigaro.fr\/sports\/football\/ligue-1\/ligue-1-nice-resiste-a-monaco-dans-un-derby-anime-rennes-gache-encore-strasbourg-humilie-angers-20251005\" target=\"_blank\" data-fig-type=\"NewsFlash\" rel=\"noopener\" data-gtm-custom-categorie=\"navigation\" data-gtm-custom-action=\"crossclick\" data-gtm-custom-label=\"Contextuel\" data-gtm-event=\"customEventSPE\" data-fig-domain=\"LEFIGARO\">(2-2)<\/a>\u00a0le 5 octobre, Bombito a \u00e9t\u00e9 op\u00e9r\u00e9 avec succ\u00e8s \u00e0 Nice durant la tr\u00eave. \u00abL&rsquo;op\u00e9ration s&rsquo;est bien pass\u00e9e mais on sait qu&rsquo;il ne va pas \u00eatre disponible pendant quatre \u00e0 cinq mois \u00e0 peu pr\u00e8s\u00bb, a indiqu\u00e9 Haise jeudi en conf\u00e9rence de presse.<\/p>\n<p>                                    <a class=\"fig-a11y-skip a11y-hidden\" href=\"#fig-a11y-skip-main-inarticle\"><br \/>\n        Passer la publicit\u00e9<br \/>\n    <\/a><\/p>\n<p class=\"fig-paragraph\">Le retour du d\u00e9fenseur international de 25 ans, titulaire en \u00e9quipe du Canada et qui verra\u00a0<a href=\"http:\/\/www.lefigaro.fr\/sports\/football-a-quoi-ressemblera-la-coupe-du-monde-2026-20251012\" target=\"_blank\" data-fig-type=\"Article\" rel=\"noopener\" data-gtm-custom-categorie=\"navigation\" data-gtm-custom-action=\"crossclick\" data-gtm-custom-label=\"Contextuel\" data-gtm-event=\"customEventSPE\" data-fig-domain=\"LEFIGARO\">la prochaine Coupe du monde se d\u00e9rouler dans son pays, ainsi qu&rsquo;aux \u00c9tats-Unis et au Mexique<\/a>, n&rsquo;est donc pas pr\u00e9vu avant le d\u00e9but du printemps. Il est le troisi\u00e8me d\u00e9fenseur essentiel de la d\u00e9fense ni\u00e7oise, avec Youssouf Ndayishimye et Mohamed Abdelmomen, tous deux victimes d&rsquo;une rupture des ligaments crois\u00e9s d&rsquo;un genou en mai dernier, \u00e0 \u00eatre absent cette saison pour une longue dur\u00e9e.<\/p>\n<p class=\"fig-paragraph\">Le quatri\u00e8me,\u00a0<a href=\"http:\/\/www.lefigaro.fr\/sports\/football\/ligue-1\/ligue-1-de-nouveau-touche-au-genou-le-nicois-dante-forfait-pour-brest-20250918\" target=\"_blank\" data-fig-type=\"NewsFlash\" rel=\"noopener\" data-gtm-custom-categorie=\"navigation\" data-gtm-custom-action=\"crossclick\" data-gtm-custom-label=\"Contextuel\" data-gtm-event=\"customEventSPE\" data-fig-domain=\"LEFIGARO\">Dante<\/a>, capitaine qui aura 42 ans le 18 octobre, a repris avec le groupe sur une s\u00e9ance compl\u00e8te. \u00abIl sera a minima (contre Lyon dimanche en L1, ndlr) dans le groupe mais on verra demain son ressenti, le mien et celui du secteur m\u00e9dical, pour voir s&rsquo;il peut faire plus\u00bb, a pr\u00e9cis\u00e9 Haise. Enfin, de retour de s\u00e9lection, l&rsquo;attaquant international nig\u00e9rian Terem Moffi, 26 ans, s&rsquo;est bless\u00e9 \u00e0 un mollet jeudi matin \u00abpour son premier entra\u00eenement\u00bb, a dit Haise, qui a expliqu\u00e9: \u00abOn \u00e9tait \u00e0 J-2. C&rsquo;\u00e9tait vraiment sur un entra\u00eenement l\u00e9ger. Il a ressenti une douleur sur un appui.\u00bb Si des examens complets devaient encore \u00eatre effectu\u00e9s jeudi dans la journ\u00e9e, l&rsquo;entra\u00eeneur ni\u00e7ois a d&rsquo;ores et d\u00e9j\u00e0 chiffr\u00e9 l&rsquo;absence de son attaquant \u00aben semaines\u00bb.<\/p>\n","protected":false},"excerpt":{"rendered":"Ce jeudi, l\u2019entra\u00eeneur de l\u2019OGC Nice Franck Haise a confirm\u00e9 les blessures pour une longue dur\u00e9e du d\u00e9fenseur&hellip;\n","protected":false},"author":2,"featured_media":467772,"comment_status":"","ping_status":"","sticky":false,"template":"","format":"standard","meta":{"footnotes":""},"categories":[2819],"tags":[1111,11,1777,674,1011,27,12,2401,2268,882,25],"class_list":{"0":"post-467771","1":"post","2":"type-post","3":"status-publish","4":"format-standard","5":"has-post-thumbnail","7":"category-nice","8":"tag-actu","9":"tag-actualites","10":"tag-eu","11":"tag-europe","12":"tag-fr","13":"tag-france","14":"tag-news","15":"tag-nice","16":"tag-ogc-nice","17":"tag-provence-alpes-cote-dazur","18":"tag-republique-francaise"},"share_on_mastodon":{"url":"https:\/\/pubeurope.com\/@fr\/115384674219308091","error":""},"_links":{"self":[{"href":"https:\/\/www.europesays.com\/fr\/wp-json\/wp\/v2\/posts\/467771","targetHints":{"allow":["GET"]}}],"collection":[{"href":"https:\/\/www.europesays.com\/fr\/wp-json\/wp\/v2\/posts"}],"about":[{"href":"https:\/\/www.europesays.com\/fr\/wp-json\/wp\/v2\/types\/post"}],"author":[{"embeddable":true,"href":"https:\/\/www.europesays.com\/fr\/wp-json\/wp\/v2\/users\/2"}],"replies":[{"embeddable":true,"href":"https:\/\/www.europesays.com\/fr\/wp-json\/wp\/v2\/comments?post=467771"}],"version-history":[{"count":0,"href":"https:\/\/www.europesays.com\/fr\/wp-json\/wp\/v2\/posts\/467771\/revisions"}],"wp:featuredmedia":[{"embeddable":true,"href":"https:\/\/www.europesays.com\/fr\/wp-json\/wp\/v2\/media\/467772"}],"wp:attachment":[{"href":"https:\/\/www.europesays.com\/fr\/wp-json\/wp\/v2\/media?parent=467771"}],"wp:term":[{"taxonomy":"category","embeddable":true,"href":"https:\/\/www.europesays.com\/fr\/wp-json\/wp\/v2\/categories?post=467771"},{"taxonomy":"post_tag","embeddable":true,"href":"https:\/\/www.europesays.com\/fr\/wp-json\/wp\/v2\/tags?post=467771"}],"curies":[{"name":"wp","href":"https:\/\/api.w.org\/{rel}","templated":true}]}}