{"id":467781,"date":"2025-10-16T16:03:10","date_gmt":"2025-10-16T16:03:10","guid":{"rendered":"https:\/\/www.europesays.com\/fr\/467781\/"},"modified":"2025-10-16T16:03:10","modified_gmt":"2025-10-16T16:03:10","slug":"toulouse-un-squat-colle-a-une-ecole-fait-polemique-la-mairie-planche-sur-une-solution-radicale","status":"publish","type":"post","link":"https:\/\/www.europesays.com\/fr\/467781\/","title":{"rendered":"Toulouse. Un squat coll\u00e9 \u00e0 une \u00e9cole fait pol\u00e9mique, la mairie planche sur une solution radicale"},"content":{"rendered":"<p>            Par<br \/>\n        <strong><br \/>\n            <a href=\"https:\/\/actu.fr\/auteur\/margot-fournie\" title=\"Consulter tous les articles de Margot Fournie\" target=\"_blank\" rel=\"noopener\">Margot Fournie<\/a><br \/>\n        <\/strong><\/p>\n<p>        Publi\u00e9 le<\/p>\n<p>            16 oct. 2025 \u00e0 17h31        <\/p>\n<p>Depuis le printemps dernier, un <strong>immeuble occup\u00e9 ill\u00e9galement<\/strong> provoque des inqui\u00e9tudes dans le quartier des Minimes \u00e0 Toulouse. Et pour cause, il s\u2019agit des anciens logements des gardiens de l\u2019<a href=\"https:\/\/actu.fr\/occitanie\/toulouse_31555\/toulouse-incendiee-mi-decembre-ecole-pierre-marie-curie-va-rouvrir-portes-lundi_20626852.html\" target=\"_blank\" rel=\"noopener\">\u00e9cole Pierre et Marie Curie<\/a>. Leurs balcons donnent sur la cour de r\u00e9cr\u00e9ation de l\u2019\u00e9tablissement scolaire. Les familles, le corps enseignant et la direction ont signal\u00e9 de nombreuses fois la situation aupr\u00e8s de la mairie de <a href=\"https:\/\/actu.fr\/toulouse\/\" target=\"_blank\" rel=\"noopener\">Toulouse<\/a>, qui en est <strong>propri\u00e9taire<\/strong>. Une intervention de la pr\u00e9fecture <strong>serait imminente<\/strong>. Le point complet sur la situation.<\/p>\n<p>\u00ab\u2009La BAC a d\u00fb intervenir\u2009\u00bb<\/p>\n<p class=\" wall-content\">Les familles et le voisinage sont inquiets.<\/p>\n<p class=\" wall-content\">\u00ab\u2009Pas plus tard que vendredi dernier, pendant la r\u00e9cr\u00e9ation, un homme <strong>a frapp\u00e9 sa copine<\/strong>. Il a <strong>balanc\u00e9 des meubles par les fen\u00eatres<\/strong>, m\u00eame le frigo. La BAC a d\u00fb intervenir\u2009\u00bb, lance une dame.<\/p>\n<p class=\" wall-content\">\u00ab\u2009Ils jettent des salet\u00e9s dans la cour de l\u2019\u00e9cole\u2009\u00bb, ajoute une jeune femme qui raconte avoir assist\u00e9 \u00e0 une <strong>altercation<\/strong> entre des <strong>animateurs de l\u2019\u00e9tablissement scolaire<\/strong> et un <strong>habitant<\/strong> au d\u00e9but du mois de septembre.<\/p>\n<p>L\u2019expulsion du b\u00e2timent est imminente<\/p>\n<p class=\" wall-content\">\u00ab\u2009Je comprends le d\u00e9sarroi de ces personnes. Au vu des signalements, ce squat pose de <strong>vraies probl\u00e9matiques de s\u00e9curit\u00e9<\/strong> pour les \u00e9l\u00e8ves et les enseignants. C\u2019est un dossier difficile\u2009\u00bb, avance la maire de quartier C\u00e9cile Dufraisse.<\/p>\n<p class=\" wall-content\">L\u2019\u00e9lue assure que \u00ab\u2009des d\u00e9marches ont \u00e9t\u00e9 entreprises aupr\u00e8s de la pr\u00e9fecture.<strong> On attend<\/strong> l\u2019expulsion <strong>dans les jours<\/strong>, <strong>les semaines qui arrivent<\/strong>.\u2009\u00bb<\/p>\n<p>Votre r\u00e9gion, votre actu !<\/p>\n<p>Recevez chaque jour les infos qui comptent pour vous.<\/p>\n<p>\t<a href=\"https:\/\/actu.fr\/newsletter\" class=\"ac-btn ac-btn--corner ac-btn--medium ac-btn--blue800\" target=\"_blank\" rel=\"noopener\">S&rsquo;incrire<\/a><\/p>\n<p class=\" wall-content\">\u00ab\u2009On ne sait pas combien de personnes sont log\u00e9es \u00e0 l\u2019int\u00e9rieur de l\u2019immeuble. De m\u00e9moire, les <strong>occupants sont plut\u00f4t jeunes<\/strong>. Apr\u00e8s, je serai \u00e0 l\u2019\u00e9coute pour savoir si ces personnes seront relog\u00e9es. Elles pourront \u00eatre accompagn\u00e9es\u2009\u00bb, reprend l\u2019\u00e9lue.<\/p>\n<p>Le b\u00e2timent pourrait \u00eatre d\u00e9moli<\/p>\n<p class=\" wall-content\">Et pour \u00e9viter que la situation ne se reproduise, la municipalit\u00e9 \u00e9tudie actuellement plusieurs options.<\/p>\n<p class=\" wall-content\">\u00ab\u2009On pense \u00e0 <strong>barricader l\u2019immeuble<\/strong> ou \u00e0 <strong>le raser<\/strong>. Le terrain pourrait \u00eatre r\u00e9cup\u00e9r\u00e9 par l\u2019\u00e9cole\u2009\u00bb, confie C\u00e9cile Dufraisse.<\/p>\n<p class=\" wall-content\">Personnalisez votre actualit\u00e9 en ajoutant vos villes et m\u00e9dias en favori avec <a href=\"https:\/\/moncompte.actu.fr\" title=\"D\u00e9couvez Mon Actu\" rel=\"nofollow noopener\" data-trk=\"{&quot;cta&quot;:{&quot;action&quot;:&quot;https:\\\/\\\/moncompte.actu.fr&quot;,&quot;category&quot;:&quot;mon compte&quot;,&quot;from&quot;:&quot;article footer&quot;,&quot;name&quot;:&quot;Mon actu&quot;,&quot;type&quot;:&quot;cta&quot;}}\" target=\"_blank\">Mon Actu<\/a>.<\/p>\n","protected":false},"excerpt":{"rendered":"Par Margot Fournie Publi\u00e9 le 16 oct. 2025 \u00e0 17h31 Depuis le printemps dernier, un immeuble occup\u00e9 ill\u00e9galement&hellip;\n","protected":false},"author":2,"featured_media":467782,"comment_status":"","ping_status":"","sticky":false,"template":"","format":"standard","meta":{"footnotes":""},"categories":[2816],"tags":[1111,11,4019,1777,674,118,1011,27,1908,12,2680,25,2312],"class_list":{"0":"post-467781","1":"post","2":"type-post","3":"status-publish","4":"format-standard","5":"has-post-thumbnail","7":"category-toulouse","8":"tag-actu","9":"tag-actualites","10":"tag-ecoles","11":"tag-eu","12":"tag-europe","13":"tag-faits-divers","14":"tag-fr","15":"tag-france","16":"tag-logement","17":"tag-news","18":"tag-occitanie","19":"tag-republique-francaise","20":"tag-toulouse"},"share_on_mastodon":{"url":"https:\/\/pubeurope.com\/@fr\/115384693885262411","error":""},"_links":{"self":[{"href":"https:\/\/www.europesays.com\/fr\/wp-json\/wp\/v2\/posts\/467781","targetHints":{"allow":["GET"]}}],"collection":[{"href":"https:\/\/www.europesays.com\/fr\/wp-json\/wp\/v2\/posts"}],"about":[{"href":"https:\/\/www.europesays.com\/fr\/wp-json\/wp\/v2\/types\/post"}],"author":[{"embeddable":true,"href":"https:\/\/www.europesays.com\/fr\/wp-json\/wp\/v2\/users\/2"}],"replies":[{"embeddable":true,"href":"https:\/\/www.europesays.com\/fr\/wp-json\/wp\/v2\/comments?post=467781"}],"version-history":[{"count":0,"href":"https:\/\/www.europesays.com\/fr\/wp-json\/wp\/v2\/posts\/467781\/revisions"}],"wp:featuredmedia":[{"embeddable":true,"href":"https:\/\/www.europesays.com\/fr\/wp-json\/wp\/v2\/media\/467782"}],"wp:attachment":[{"href":"https:\/\/www.europesays.com\/fr\/wp-json\/wp\/v2\/media?parent=467781"}],"wp:term":[{"taxonomy":"category","embeddable":true,"href":"https:\/\/www.europesays.com\/fr\/wp-json\/wp\/v2\/categories?post=467781"},{"taxonomy":"post_tag","embeddable":true,"href":"https:\/\/www.europesays.com\/fr\/wp-json\/wp\/v2\/tags?post=467781"}],"curies":[{"name":"wp","href":"https:\/\/api.w.org\/{rel}","templated":true}]}}