{"id":467785,"date":"2025-10-16T16:05:12","date_gmt":"2025-10-16T16:05:12","guid":{"rendered":"https:\/\/www.europesays.com\/fr\/467785\/"},"modified":"2025-10-16T16:05:12","modified_gmt":"2025-10-16T16:05:12","slug":"lille-la-marque-delirium-va-faire-un-retour-fracassant-avec-louverture-dun-bar-de-800-m%c2%b2","status":"publish","type":"post","link":"https:\/\/www.europesays.com\/fr\/467785\/","title":{"rendered":"Lille. La marque Delirium va faire un retour fracassant avec l&rsquo;ouverture d&rsquo;un bar de 800 m\u00b2"},"content":{"rendered":"<p>            Par<br \/>\n        <strong><br \/>\n            <a href=\"https:\/\/actu.fr\/auteur\/hervine-mahaud\" title=\"Consulter tous les articles de Hervine Mahaud\" target=\"_blank\" rel=\"noopener\">Hervine Mahaud<\/a><br \/>\n        <\/strong><\/p>\n<p>        Publi\u00e9 le<\/p>\n<p>            16 oct. 2025 \u00e0 17h52        <\/p>\n<p>Les fans de l\u2019iconique <b>marque de bi\u00e8re<\/b> \u00e0 l\u2019\u00e9l\u00e9phant rose le savent d\u00e9j\u00e0 : \u00e0 <a href=\"https:\/\/actu.fr\/lille\/\" target=\"_blank\" rel=\"noopener\">Lille<\/a>, les <b>bars Delirium Caf\u00e9<\/b> pr\u00e9sents au 50 rue Mass\u00e9na et 12 rue Royale n\u2019existent plus en tant que tels. <b>La franchise a \u00e9t\u00e9 reprise par un autre groupe<\/b>, bien connu des folles nuits lilloises. Les repreneurs pr\u00e9parent un <b>retour retentissant de la marque<\/b>, dans un lieu \u00e0 la hauteur de sa notori\u00e9t\u00e9.<\/p>\n<p>Le nouveau gros coup des rois de la f\u00eate \u00e0 Lille<\/p>\n<p class=\" wall-content\">Certains indices ne \u00ab\u00a0trompent\u00a0\u00bb pas : des \u00e9l\u00e9phants roses au-dessus des bars du groupe repreneur, une communication bien ficel\u00e9e sur les r\u00e9seaux sociaux, avec des jeux de mots qui mettent la puce \u00e0 l\u2019oreille.<\/p>\n<p>    <img   decoding=\"async\" loading=\"lazy\" class=\"size-large\" src=\"https:\/\/www.europesays.com\/fr\/wp-content\/uploads\/2025\/10\/762d5061bfe868a2d5061bfe87e2d5v-960x640.jpg\" alt=\"bar delirium cafe bierre lille\" width=\"960\" height=\"640\"\/><br \/>\n    Tout au long de la semaine, des \u00e9l\u00e9phants roses ont \u00e9t\u00e9 install\u00e9s au dessus de : Dona Bica, la p\u00e2tisserie portugaise \u00e0 laquelle Gilles et Edward sont associ\u00e9s ; du No Stress Bar, anciennement le Madre : d\u2019Amor Amor ; de Candy Shot. \u00a9Hervine Mahaud<\/p>\n<p class=\" wall-content\">Ce sont bien \u00e9videmment <b>Gilles Perthame et Edward Duquesne, fondateurs du Social Group<\/b> (les bars <a href=\"https:\/\/actu.fr\/hauts-de-france\/lille_59350\/ce-bar-du-vieux-lille-vient-d-etre-elu-comme-le-meilleur-de-france-dans-sa-categorie_57008015.html\" target=\"_blank\" rel=\"noopener\">Cartel<\/a>, <a href=\"https:\/\/actu.fr\/hauts-de-france\/lille_59350\/amor-amor-le-nouveau-bar-confidentiel-et-somptueux-a-decouvrir-dans-le-vieux-lille_59675444.html\" target=\"_blank\" rel=\"noopener\">Amor Amor<\/a>, <a href=\"https:\/\/actu.fr\/hauts-de-france\/lille_59350\/candy-shot-minuscule-bar-rose-bonbon-dedie-aux-shooters-ouvre-a-lille_59997275.html\" target=\"_blank\" rel=\"noopener\">Candy Shot<\/a>\u2026) qui sont aux manettes de la reprise de la marque Delirium pour Lille.\u00a0Alors qu\u2019il a ouvert <a href=\"https:\/\/actu.fr\/hauts-de-france\/lille_59350\/lille-fada-le-nouveau-restaurant-canon-et-festif-qui-promet-de-mettre-le-feu-a-vos-soirees_62717355.html\" target=\"_blank\" rel=\"noopener\">le gigantesque bar-resto Fada<\/a> en juin dernier, le bin\u00f4me voit toujours plus grand, et continue d\u2019\u00e9tendre son empire de la f\u00eate.<\/p>\n<p>    <img   decoding=\"async\" loading=\"lazy\" class=\"size-large\" src=\"https:\/\/www.europesays.com\/fr\/wp-content\/uploads\/2025\/10\/8a822061bfe868e822061bfe832922v-960x640.jpg\" alt=\"bar delirium cafe bierre lille\" width=\"960\" height=\"640\"\/><br \/>\n    Oreilles, d\u00e9fenses, m\u00e9moire\u2026 Des caract\u00e9ristiques propres \u00e0 l\u2019\u00e9l\u00e9phant. M\u00eame les couleurs, le rose et le bleu, et la typographie ne trompent pas. On parle bien de la marque Delirium. \u00a9Social Next House<\/p>\n<p class=\" wall-content\">Mais cette fois, le duo s\u2019installe en dehors de son p\u00e9rim\u00e8tre de pr\u00e9dilection du Vieux-Lille, mais sans s\u2019\u00e9loigner de la Grand\u2019Place. Une autre opportunit\u00e9 de reprise de local s\u2019est jou\u00e9e au 14 rue L\u00e9on Trulin, juste derri\u00e8re l\u2019Op\u00e9ra de Lille. C\u2019est ici que se trouvait le <b>Soho Urban Food, restaurant tr\u00e8s appr\u00e9ci\u00e9 pour ses brunchs<\/b>, ferm\u00e9 en mai dernier. Le duo a donc entre ses mains un <b>local gigantesque de 800 m\u00b2<\/b>, r\u00e9partis sur deux niveaux. Le lieu est actuellement en plein travaux.<\/p>\n<p class=\" wall-content\"><a href=\"https:\/\/www.instagram.com\/p\/DPtHEV_DELe\/embed\" title=\"Ouvrir le lien sur Instagram\" target=\"_blank\" rel=\"noopener\">Visualiser le contenu sur Instagram<\/a><\/p>\n<p class=\" wall-content\">Pour l\u2019heure, ni le concept ni la date d\u2019ouverture n\u2019ont \u00e9t\u00e9 officiellement d\u00e9voil\u00e9s. Pour vous tenir au courant, <a href=\"https:\/\/www.instagram.com\/p\/DPRr39KjAri\/?hl=fr\" target=\"_blank\" rel=\"noopener\">suivez sur Instagram le compte \u00ab\u00a0Social Next House\u00a0\u00bb<\/a>, nom provisoire du futur bar.<\/p>\n<p class=\" wall-content\">Personnalisez votre actualit\u00e9 en ajoutant vos villes et m\u00e9dias en favori avec <a href=\"https:\/\/moncompte.actu.fr\" title=\"D\u00e9couvez Mon Actu\" rel=\"nofollow noopener\" data-trk=\"{&quot;cta&quot;:{&quot;action&quot;:&quot;https:\\\/\\\/moncompte.actu.fr&quot;,&quot;category&quot;:&quot;mon compte&quot;,&quot;from&quot;:&quot;article footer&quot;,&quot;name&quot;:&quot;Mon actu&quot;,&quot;type&quot;:&quot;cta&quot;}}\" target=\"_blank\">Mon Actu<\/a>.<\/p>\n<p>                    <script async src=\"\/\/www.instagram.com\/embed.js\"><\/script><\/p>\n","protected":false},"excerpt":{"rendered":"Par Hervine Mahaud Publi\u00e9 le 16 oct. 2025 \u00e0 17h52 Les fans de l\u2019iconique marque de bi\u00e8re \u00e0&hellip;\n","protected":false},"author":2,"featured_media":467786,"comment_status":"","ping_status":"","sticky":false,"template":"","format":"standard","meta":{"footnotes":""},"categories":[2815],"tags":[1111,11,7722,33,1777,674,1011,27,811,1307,12,3147,25],"class_list":{"0":"post-467785","1":"post","2":"type-post","3":"status-publish","4":"format-standard","5":"has-post-thumbnail","7":"category-lille","8":"tag-actu","9":"tag-actualites","10":"tag-biere","11":"tag-economie","12":"tag-eu","13":"tag-europe","14":"tag-fr","15":"tag-france","16":"tag-hauts-de-france","17":"tag-lille","18":"tag-news","19":"tag-nouveaux-commerces","20":"tag-republique-francaise"},"share_on_mastodon":{"url":"https:\/\/pubeurope.com\/@fr\/115384703506481040","error":""},"_links":{"self":[{"href":"https:\/\/www.europesays.com\/fr\/wp-json\/wp\/v2\/posts\/467785","targetHints":{"allow":["GET"]}}],"collection":[{"href":"https:\/\/www.europesays.com\/fr\/wp-json\/wp\/v2\/posts"}],"about":[{"href":"https:\/\/www.europesays.com\/fr\/wp-json\/wp\/v2\/types\/post"}],"author":[{"embeddable":true,"href":"https:\/\/www.europesays.com\/fr\/wp-json\/wp\/v2\/users\/2"}],"replies":[{"embeddable":true,"href":"https:\/\/www.europesays.com\/fr\/wp-json\/wp\/v2\/comments?post=467785"}],"version-history":[{"count":0,"href":"https:\/\/www.europesays.com\/fr\/wp-json\/wp\/v2\/posts\/467785\/revisions"}],"wp:featuredmedia":[{"embeddable":true,"href":"https:\/\/www.europesays.com\/fr\/wp-json\/wp\/v2\/media\/467786"}],"wp:attachment":[{"href":"https:\/\/www.europesays.com\/fr\/wp-json\/wp\/v2\/media?parent=467785"}],"wp:term":[{"taxonomy":"category","embeddable":true,"href":"https:\/\/www.europesays.com\/fr\/wp-json\/wp\/v2\/categories?post=467785"},{"taxonomy":"post_tag","embeddable":true,"href":"https:\/\/www.europesays.com\/fr\/wp-json\/wp\/v2\/tags?post=467785"}],"curies":[{"name":"wp","href":"https:\/\/api.w.org\/{rel}","templated":true}]}}