{"id":467791,"date":"2025-10-16T16:09:11","date_gmt":"2025-10-16T16:09:11","guid":{"rendered":"https:\/\/www.europesays.com\/fr\/467791\/"},"modified":"2025-10-16T16:09:11","modified_gmt":"2025-10-16T16:09:11","slug":"les-galeries-lafayette-fermees-apres-des-debordements-lies-a-de-fortes-promotions","status":"publish","type":"post","link":"https:\/\/www.europesays.com\/fr\/467791\/","title":{"rendered":"les Galeries Lafayette ferm\u00e9es apr\u00e8s des d\u00e9bordements li\u00e9s \u00e0 de fortes promotions"},"content":{"rendered":"<p>\n    Le magasin du Centre-Bourse a \u00e9t\u00e9 ferm\u00e9 ce jeudi matin en raison d\u2019\u00e9chauffour\u00e9es. Un policier a \u00e9t\u00e9 l\u00e9g\u00e8rement bless\u00e9.<\/p>\n<p class=\"fig-paragraph\"><a href=\"http:\/\/www.lefigaro.fr\/societes\/jerome-permingeat-shein-aux-galeries-lafayette-et-au-bhv-c-est-le-loup-qui-entre-dans-la-bergerie-20251011\" data-fig-type=\"Article\" data-gtm-custom-categorie=\"navigation\" data-gtm-custom-action=\"crossclick\" data-gtm-custom-label=\"Contextuel\" data-gtm-event=\"customEventSPE\" data-fig-domain=\"LEFIGARO\" target=\"_blank\" rel=\"noopener\">Les Galeries Lafayette<\/a>\u00a0ont \u00e9t\u00e9 ferm\u00e9es une deuxi\u00e8me fois en deux jours apr\u00e8s des \u00e9chauffour\u00e9es, a appris Le Figaro de sources concordantes, confirmant une information de\u00a0<a href=\"https:\/\/www.bfmtv.com\/marseille\/faits-divers\/info-bfm-marseille-provence-face-a-la-cohue-les-galeries-lafayette-du-centre-bourse-de-nouveau-fermees-a-marseille_AN-202510160593.html\" target=\"_blank\" rel=\"sponsored noopener\" data-gtm-custom-categorie=\"navigation\" data-gtm-custom-action=\"crossclick\" data-gtm-custom-label=\"Contextuel\" data-gtm-event=\"customEventSPE\">BFM Marseille<\/a>. Les forces de l\u2019ordre ont \u00e9t\u00e9 r\u00e9quisitionn\u00e9es pour ramener le calme et un policier a \u00e9t\u00e9 l\u00e9g\u00e8rement bless\u00e9 au cours de l\u2019intervention.<\/p>\n<p class=\"fig-paragraph\">Le magasin, l\u2019un des deux points de vente des Galeries Lafayette \u00e0 Marseille, fermera ses portes le 30 novembre prochain. Fin mai dernier, un plan de sauvegarde de l\u2019emploi (PSE) valid\u00e9 par l\u2019\u00c9tat\u00a0<a href=\"http:\/\/www.lefigaro.fr\/marseille\/c-est-une-catastrophe-a-marseille-le-depart-ineluctable-des-galeries-lafayette-20250521\" data-fig-type=\"NewsFlash\" data-gtm-custom-categorie=\"navigation\" data-gtm-custom-action=\"crossclick\" data-gtm-custom-label=\"Contextuel\" data-gtm-event=\"customEventSPE\" data-fig-domain=\"LEFIGARO\" target=\"_blank\" rel=\"noopener\">avait sonn\u00e9 le glas de l\u2019\u00e9tablissement<\/a>. Ce dernier est install\u00e9 dans le Centre-Bourse, tout pr\u00e8s du Vieux-Port et de la Canebi\u00e8re. Le second point de vente, quant \u00e0 lui situ\u00e9 dans le centre commercial du Prado, fermera aussi en fin d\u2019ann\u00e9e, malgr\u00e9 les injonctions du pr\u00e9fet des Bouches-du-Rh\u00f4ne, Georges-Fran\u00e7ois Leclerc, qui a tent\u00e9 de faire changer d\u2019avis l\u2019entreprise. Un retrait provoqu\u00e9 par des \u00abpertes r\u00e9currentes\u00bb accumul\u00e9es \u00abdepuis plusieurs ann\u00e9es\u00bb.<\/p>\n<p>                                    <a class=\"fig-a11y-skip a11y-hidden\" href=\"#fig-a11y-skip-main-inarticle\"><br \/>\n        Passer la publicit\u00e9<br \/>\n    <\/a><\/p>\n<p>Bagarres et tentatives de vol<\/p>\n<p class=\"fig-paragraph\">La fin de l\u2019enseigne \u00e0 Marseille approchant, une courte op\u00e9ration de liquidations des articles a \u00e9t\u00e9 lanc\u00e9e par les propri\u00e9taires du magasin install\u00e9 dans le Centre-Bourse. Des promotions allant jusqu\u2019\u00e0 80% ont \u00e9t\u00e9 propos\u00e9es aux clients les plus rapides. Ces derniers se sont ru\u00e9s dans le magasin d\u00e8s son ouverture au cours de la journ\u00e9e de mercredi. Face \u00e0 l\u2019affluence impressionnante, le magasin a \u00e9t\u00e9 ferm\u00e9 une premi\u00e8re fois.<\/p>\n<p class=\"fig-paragraph\">Les lieux ont rouvert ce jeudi matin, avant de fermer \u00e0 nouveau dans la matin\u00e9e faute de calme. Selon nos confr\u00e8res de BFM Marseille, plusieurs incidents ont provoqu\u00e9 l\u2019intervention des forces de l\u2019ordre, confront\u00e9es \u00e0 des mouvements de foule, des bagarres et m\u00eame des tentatives de vol. La foule a \u00e9t\u00e9 \u00e9vacu\u00e9e par les policiers et l\u2019un des agents a \u00e9t\u00e9 bless\u00e9 au doigt, selon une source proche du dossier.<\/p>\n","protected":false},"excerpt":{"rendered":"Le magasin du Centre-Bourse a \u00e9t\u00e9 ferm\u00e9 ce jeudi matin en raison d\u2019\u00e9chauffour\u00e9es. Un policier a \u00e9t\u00e9 l\u00e9g\u00e8rement&hellip;\n","protected":false},"author":2,"featured_media":467792,"comment_status":"","ping_status":"","sticky":false,"template":"","format":"standard","meta":{"footnotes":""},"categories":[2814],"tags":[1111,11,1777,674,1011,27,18358,884,12,1072,882,25],"class_list":{"0":"post-467791","1":"post","2":"type-post","3":"status-publish","4":"format-standard","5":"has-post-thumbnail","7":"category-marseille","8":"tag-actu","9":"tag-actualites","10":"tag-eu","11":"tag-europe","12":"tag-fr","13":"tag-france","14":"tag-magasin","15":"tag-marseille","16":"tag-news","17":"tag-police","18":"tag-provence-alpes-cote-dazur","19":"tag-republique-francaise"},"share_on_mastodon":{"url":"https:\/\/pubeurope.com\/@fr\/115384717427479807","error":""},"_links":{"self":[{"href":"https:\/\/www.europesays.com\/fr\/wp-json\/wp\/v2\/posts\/467791","targetHints":{"allow":["GET"]}}],"collection":[{"href":"https:\/\/www.europesays.com\/fr\/wp-json\/wp\/v2\/posts"}],"about":[{"href":"https:\/\/www.europesays.com\/fr\/wp-json\/wp\/v2\/types\/post"}],"author":[{"embeddable":true,"href":"https:\/\/www.europesays.com\/fr\/wp-json\/wp\/v2\/users\/2"}],"replies":[{"embeddable":true,"href":"https:\/\/www.europesays.com\/fr\/wp-json\/wp\/v2\/comments?post=467791"}],"version-history":[{"count":0,"href":"https:\/\/www.europesays.com\/fr\/wp-json\/wp\/v2\/posts\/467791\/revisions"}],"wp:featuredmedia":[{"embeddable":true,"href":"https:\/\/www.europesays.com\/fr\/wp-json\/wp\/v2\/media\/467792"}],"wp:attachment":[{"href":"https:\/\/www.europesays.com\/fr\/wp-json\/wp\/v2\/media?parent=467791"}],"wp:term":[{"taxonomy":"category","embeddable":true,"href":"https:\/\/www.europesays.com\/fr\/wp-json\/wp\/v2\/categories?post=467791"},{"taxonomy":"post_tag","embeddable":true,"href":"https:\/\/www.europesays.com\/fr\/wp-json\/wp\/v2\/tags?post=467791"}],"curies":[{"name":"wp","href":"https:\/\/api.w.org\/{rel}","templated":true}]}}