{"id":467793,"date":"2025-10-16T16:10:11","date_gmt":"2025-10-16T16:10:11","guid":{"rendered":"https:\/\/www.europesays.com\/fr\/467793\/"},"modified":"2025-10-16T16:10:11","modified_gmt":"2025-10-16T16:10:11","slug":"un-an-apres-la-metropole-de-lyon-rappelle-les-travaux-realises-et-deplore-labsence-daides-de-letat","status":"publish","type":"post","link":"https:\/\/www.europesays.com\/fr\/467793\/","title":{"rendered":"un an apr\u00e8s, la M\u00e9tropole de Lyon\u00a0rappelle les travaux r\u00e9alis\u00e9s et\u00a0d\u00e9plore l\u2019absence d\u2019aides de l\u2019\u00c9tat"},"content":{"rendered":"<p>Le Pr\u00e9sident de la M\u00e9tropole de Lyon Bruno Bernard et le maire de Givors se sont rendus sur plusieurs sites touch\u00e9s par \u00ab\u00a0la crue de type centennale du 17 octobre 2024\u00a0\u00bb. \u00c0 cette occasion, \u00ab\u00a0les collectivit\u00e9s ont r\u00e9affirm\u00e9 leur mobilisation pour s\u00e9curiser la commune face au risque d\u2019inondation et ont rappel\u00e9 l\u2019engagement pris par le Premier ministre il y a un an.\u00a0\u00bb<\/p>\n<p>L\u2019\u00e9v\u00e9nement m\u00e9t\u00e9orologique avait caus\u00e9 d\u2019importants d\u00e9g\u00e2ts : \u00ab\u00a0500 habitants impact\u00e9s \u00e0 Givors, 100 commerces et 10 entreprises touch\u00e9es\u00a0\u00bb, ainsi que l\u2019interruption de \u00ab\u00a0la route de Rive de Gier et la route de Mornant\u00a0\u00bb, la d\u00e9gradation de plusieurs rues, de la ligne ferroviaire et de l\u2019A47.<\/p>\n<p>Apr\u00e8s les interventions d\u2019urgence, la M\u00e9tropole et la Ville ont financ\u00e9 la remise en \u00e9tat de plusieurs infrastructures. Parmi les op\u00e9rations cit\u00e9es : \u00ab\u00a0Remise en \u00e9tat de la route de Rive de Gier et de la route de Mornant, reprise des trottoirs et accotements sur la rue de la Paix, [\u2026] r\u00e9paration du Gymnase Jacques Anquetil et am\u00e9nagement du Parc du Moulin en tenant compte du risque d\u2019inondation.\u00a0\u00bb<\/p>\n<p>Les collectivit\u00e9s ont \u00e9galement g\u00e9r\u00e9 \u00ab\u00a0l\u2019\u00e9vacuation des d\u00e9chets et encombrants (plus de 1000 tonnes collect\u00e9es)\u00a0\u00bb pour un co\u00fbt de 560 000 euros.<\/p>\n<p>En janvier 2025, \u00ab\u00a0la M\u00e9tropole de Lyon a d\u00e9pos\u00e9 aupr\u00e8s de l\u2019\u00c9tat une demande de dotation de solidarit\u00e9.\u00a0\u00bb Mais \u00ab\u00a0la demande a \u00e9t\u00e9 refus\u00e9e et \u00e0 ce jour seules les collectivit\u00e9s territoriales ont assum\u00e9 le co\u00fbt de ces r\u00e9parations, contrairement aux annonces faites par le Premier ministre Barnier il y a un an.\u00a0\u00bb<\/p>\n<p>Un projet lourd pour s\u00e9curiser le Gier<\/p>\n<p>La M\u00e9tropole annonce d\u00e9sormais une strat\u00e9gie \u00e0 long terme. \u00ab\u00a0La s\u00e9curisation du Gier passe par la mise en place d\u2019une protection contre les crues centennales\u2026 \u00e0 travers un projet d\u2019am\u00e9nagement et de restauration des berges du Gier.\u00a0\u00bb<\/p>\n<p>Ce projet est \u00ab\u00a0pilot\u00e9 par le Syndicat mixte du Gier Rhodanien (SyGR) dont la M\u00e9tropole de Lyon est membre et principal financeur.\u00a0\u00bb Il s\u2019int\u00e8gre dans un Programme d\u2019Actions de Pr\u00e9vention des Inondations (PAPI) sur 5 ans. Une \u00ab\u00a0premi\u00e8re tranche\u00a0\u00bb concernera\u00a0\u00ab\u00a0l\u2019amont du Gier \u00e0 Givors (secteur Saint-Lazare et amont)\u00a0\u00bb, m\u00ealant \u00ab\u00a0la r\u00e9alisation de digues et les solutions fond\u00e9es sur la nature.\u00a0\u00bb<\/p>\n<p>Les tranches suivantes viseront \u00ab\u00a0l&rsquo;ensemble des berges jusqu&rsquo;\u00e0 la Confluence du Rh\u00f4ne en 15 ans.\u00a0\u00bb L\u2019op\u00e9ration est \u00ab\u00a0\u00e9valu\u00e9e \u00e0 70 millions d\u2019euros\u00a0\u00bb et fera l\u2019objet \u00ab\u00a0d\u2019un avant-projet arr\u00eat\u00e9 avant mars 2026.\u00a0\u00bb<\/p>\n<p>La M\u00e9tropole \u00ab\u00a0souhaite dans ce cadre un co-financement par le Fonds Barnier \u00e0 hauteur de 50%\u00a0\u00bb, rappelant \u00ab\u00a0l\u2019engagement pris par le Premier ministre Michel Barnier en octobre 2024 lors de sa visite post-inondations.\u00a0\u00bb<\/p>\n","protected":false},"excerpt":{"rendered":"Le Pr\u00e9sident de la M\u00e9tropole de Lyon Bruno Bernard et le maire de Givors se sont rendus sur&hellip;\n","protected":false},"author":2,"featured_media":467794,"comment_status":"","ping_status":"","sticky":false,"template":"","format":"standard","meta":{"footnotes":""},"categories":[1889],"tags":[1111,11,2813,2190,2430,1109,251,1112,2811,1777,674,118,1011,27,1922,1110,1114,2428,2810,12,241,316,25,2812,517,800],"class_list":{"0":"post-467793","1":"post","2":"type-post","3":"status-publish","4":"format-standard","5":"has-post-thumbnail","7":"category-lyon","8":"tag-actu","9":"tag-actualites","10":"tag-article","11":"tag-asvel","12":"tag-auvergne-rhone-alpes","13":"tag-breves","14":"tag-culture","15":"tag-depeches","16":"tag-economique","17":"tag-eu","18":"tag-europe","19":"tag-faits-divers","20":"tag-fr","21":"tag-france","22":"tag-info","23":"tag-informations","24":"tag-infos","25":"tag-lyon","26":"tag-lyonmag","27":"tag-news","28":"tag-ol","29":"tag-politique","30":"tag-republique-francaise","31":"tag-sociale","32":"tag-sport","33":"tag-transports"},"share_on_mastodon":{"url":"https:\/\/pubeurope.com\/@fr\/115384721513621185","error":""},"_links":{"self":[{"href":"https:\/\/www.europesays.com\/fr\/wp-json\/wp\/v2\/posts\/467793","targetHints":{"allow":["GET"]}}],"collection":[{"href":"https:\/\/www.europesays.com\/fr\/wp-json\/wp\/v2\/posts"}],"about":[{"href":"https:\/\/www.europesays.com\/fr\/wp-json\/wp\/v2\/types\/post"}],"author":[{"embeddable":true,"href":"https:\/\/www.europesays.com\/fr\/wp-json\/wp\/v2\/users\/2"}],"replies":[{"embeddable":true,"href":"https:\/\/www.europesays.com\/fr\/wp-json\/wp\/v2\/comments?post=467793"}],"version-history":[{"count":0,"href":"https:\/\/www.europesays.com\/fr\/wp-json\/wp\/v2\/posts\/467793\/revisions"}],"wp:featuredmedia":[{"embeddable":true,"href":"https:\/\/www.europesays.com\/fr\/wp-json\/wp\/v2\/media\/467794"}],"wp:attachment":[{"href":"https:\/\/www.europesays.com\/fr\/wp-json\/wp\/v2\/media?parent=467793"}],"wp:term":[{"taxonomy":"category","embeddable":true,"href":"https:\/\/www.europesays.com\/fr\/wp-json\/wp\/v2\/categories?post=467793"},{"taxonomy":"post_tag","embeddable":true,"href":"https:\/\/www.europesays.com\/fr\/wp-json\/wp\/v2\/tags?post=467793"}],"curies":[{"name":"wp","href":"https:\/\/api.w.org\/{rel}","templated":true}]}}