{"id":4678,"date":"2025-04-06T07:29:08","date_gmt":"2025-04-06T07:29:08","guid":{"rendered":"https:\/\/www.europesays.com\/fr\/4678\/"},"modified":"2025-04-06T07:29:08","modified_gmt":"2025-04-06T07:29:08","slug":"la-marche-pour-la-vie-sera-contree-par-le-collectif-droits-des-femmes-69-ce-dimanche","status":"publish","type":"post","link":"https:\/\/www.europesays.com\/fr\/4678\/","title":{"rendered":"la Marche pour la Vie sera contr\u00e9e par le Collectif droits des femmes 69 ce dimanche"},"content":{"rendered":"<p itemprop=\"description\"><strong><strong>Alors qu\u2019une moblisation \u00ab\u00a0pro-vie\u00a0\u00bb va se d\u00e9rouler ce dimanche \u00e0 Lyon, le Collectif droits des femmes 69 appelle ses militants \u00e0 manifester contre l\u2019extr\u00eame droite et pour le droit \u00e0 l\u2019avortement.<\/strong><\/strong><\/p>\n<p style=\"text-align:start\">Ce dimanche 6 avril aura lieu l\u2019\u00e9dition 2025 de la Marche pour la Vie de Lyon. Cette manifestation a pour objectif de r\u00e9clamer la fin du droit \u00e0 l\u2019avortement et d\u2019emp\u00eacher le droit \u00e0 l\u2019euthanasie. Celle-ci aura lieu l\u2019apr\u00e8s-midi \u00e0 partir de 15h, place Louis Pradel (Lyon 1er).<\/p>\n<p style=\"text-align:start\">En r\u00e9ponse \u00e0 cette marche, le Collectif droits des femmes 69 a appel\u00e9 les Lyonnais, par le biais d\u2019un communiqu\u00e9, \u00e0 descendre dans la rue pour l\u2019IVG et contre l\u2019extr\u00eame droite. L\u2019association souhaite \u00ab\u00a0affirmer et rappeler que les femmes et les minorit\u00e9s de genre disposent librement de leurs corps et selon leurs choix\u00a0\u00bb.<\/p>\n<p style=\"text-align:start\">Par la m\u00eame occasion, la manifestation aura pour objectif de lutter contre l\u2019extr\u00eame-droite.\u00a0\u00bbLes actions des anti-choix, ces personnes qui se pr\u00e9tendent \u201cpro-vie\u201d sont des actions d\u2019extr\u00eame droite. Celle d\u2019aujourd\u2019hui, doit \u00eatre fermement condamn\u00e9e, et leur propagande sexiste et transphobe, misogyne doit \u00eatre contr\u00e9e. Leurs mensonges \u00e9hont\u00e9s sur l\u2019\u00e9ducation \u00e0 la vie affective, relationnelle et sexuelle doivent \u00eatre affich\u00e9s comme tels, et combattus\u00a0\u00bb, peut-on lire dans ce m\u00eame communiqu\u00e9.<\/p>\n<p style=\"text-align:start\">La mobilisation pour le droit \u00e0 l\u2019avortement se d\u00e9roulera \u00e0 partir de 15h ce dimanche, place Guichard (Lyon 3e).<\/p>\n<p>            <a href=\"#\" class=\"back-page\" rel=\"back\">X<\/a><\/p>\n","protected":false},"excerpt":{"rendered":"Alors qu\u2019une moblisation \u00ab\u00a0pro-vie\u00a0\u00bb va se d\u00e9rouler ce dimanche \u00e0 Lyon, le Collectif droits des femmes 69 appelle&hellip;\n","protected":false},"author":2,"featured_media":4679,"comment_status":"","ping_status":"","sticky":false,"template":"","format":"standard","meta":{"footnotes":""},"categories":[1889],"tags":[1111,11,2813,2190,2430,1109,251,1112,2811,1777,674,118,1011,27,1922,1110,1114,2428,2810,12,241,316,25,2812,517,800],"class_list":{"0":"post-4678","1":"post","2":"type-post","3":"status-publish","4":"format-standard","5":"has-post-thumbnail","7":"category-lyon","8":"tag-actu","9":"tag-actualites","10":"tag-article","11":"tag-asvel","12":"tag-auvergne-rhone-alpes","13":"tag-breves","14":"tag-culture","15":"tag-depeches","16":"tag-economique","17":"tag-eu","18":"tag-europe","19":"tag-faits-divers","20":"tag-fr","21":"tag-france","22":"tag-info","23":"tag-informations","24":"tag-infos","25":"tag-lyon","26":"tag-lyonmag","27":"tag-news","28":"tag-ol","29":"tag-politique","30":"tag-republique-francaise","31":"tag-sociale","32":"tag-sport","33":"tag-transports"},"share_on_mastodon":{"url":"https:\/\/pubeurope.com\/@fr\/114289846812513553","error":""},"_links":{"self":[{"href":"https:\/\/www.europesays.com\/fr\/wp-json\/wp\/v2\/posts\/4678","targetHints":{"allow":["GET"]}}],"collection":[{"href":"https:\/\/www.europesays.com\/fr\/wp-json\/wp\/v2\/posts"}],"about":[{"href":"https:\/\/www.europesays.com\/fr\/wp-json\/wp\/v2\/types\/post"}],"author":[{"embeddable":true,"href":"https:\/\/www.europesays.com\/fr\/wp-json\/wp\/v2\/users\/2"}],"replies":[{"embeddable":true,"href":"https:\/\/www.europesays.com\/fr\/wp-json\/wp\/v2\/comments?post=4678"}],"version-history":[{"count":0,"href":"https:\/\/www.europesays.com\/fr\/wp-json\/wp\/v2\/posts\/4678\/revisions"}],"wp:featuredmedia":[{"embeddable":true,"href":"https:\/\/www.europesays.com\/fr\/wp-json\/wp\/v2\/media\/4679"}],"wp:attachment":[{"href":"https:\/\/www.europesays.com\/fr\/wp-json\/wp\/v2\/media?parent=4678"}],"wp:term":[{"taxonomy":"category","embeddable":true,"href":"https:\/\/www.europesays.com\/fr\/wp-json\/wp\/v2\/categories?post=4678"},{"taxonomy":"post_tag","embeddable":true,"href":"https:\/\/www.europesays.com\/fr\/wp-json\/wp\/v2\/tags?post=4678"}],"curies":[{"name":"wp","href":"https:\/\/api.w.org\/{rel}","templated":true}]}}