{"id":467801,"date":"2025-10-16T16:14:14","date_gmt":"2025-10-16T16:14:14","guid":{"rendered":"https:\/\/www.europesays.com\/fr\/467801\/"},"modified":"2025-10-16T16:14:14","modified_gmt":"2025-10-16T16:14:14","slug":"leglise-de-norvege-presente-ses-excuses-a-la-communaute-lgbt","status":"publish","type":"post","link":"https:\/\/www.europesays.com\/fr\/467801\/","title":{"rendered":"L&rsquo;Eglise de Norv\u00e8ge pr\u00e9sente ses excuses \u00e0 la communaut\u00e9 LGBT+"},"content":{"rendered":"\n<p class=\"c-chapo \">\n  \u00ab\u00a0L&rsquo;Eglise de Norv\u00e8ge a inflig\u00e9 la honte, de graves torts et de la douleur aux homosexuels\u00a0\u00bb, a d\u00e9clar\u00e9 jeudi son primat.\n<\/p>\n<p>      lire plus tard<\/p>\n<p id=\"dialog__title\" class=\"dialog__title\">Pour sauvegarder cet article, connectez-vous ou cr\u00e9ez un compte franceinfo<\/p>\n<p class=\"dialog__description\">Sans paiement. Sans abonnement.<\/p>\n<p>        Fermer la fen\u00eatre d\u2019activation des notifications France Info<\/p>\n<p>      cr\u00e9er votre compte<\/p>\n<p>      se connecter<\/p>\n<p>        Fermer la fen\u00eatre de pr\u00e9sentation<\/p>\n<p>    <img loading=\"lazy\" decoding=\"async\" class=\"signature__image lazyload\" width=\"100\" height=\"100\" data- alt=\"\" src=\"https:\/\/www.europesays.com\/fr\/wp-content\/uploads\/2025\/05\/64a68815cd1a7_placeholder-36b69ec8.png\"\/><\/p>\n<p>    Publi\u00e9 le 16\/10\/2025 17:34<\/p>\n<p>        Temps de lecture : 2min<\/p>\n<p>    <img decoding=\"async\"  alt=\"L'\u00e9v\u00eaque Olav Fykse Tveit, primat de l'Eglise de Norv\u00e8ge, le 16 octobre 2025 \u00e0 Olso. (JAVAD PARSA \/ NTB \/ AFP)\" width=\"432\" height=\"243\" src=\"https:\/\/www.europesays.com\/fr\/wp-content\/uploads\/2025\/10\/000-79273an-68f10da3d960f599301901.jpg\" fetchpriority=\"high\"\/><\/p>\n<p>      L&rsquo;\u00e9v\u00eaque Olav Fykse Tveit, primat de l&rsquo;Eglise de Norv\u00e8ge, le 16 octobre 2025 \u00e0 Olso. (JAVAD PARSA \/ NTB \/ AFP)<\/p>\n<p>\u00ab\u00a0Cela n&rsquo;aurait pas d\u00fb se produire et je leur dis aujourd&rsquo;hui pardon.\u00a0\u00bb L&rsquo;Eglise luth\u00e9rienne de Norv\u00e8ge a pr\u00e9sent\u00e9 ses excuses \u00e0 la communaut\u00e9 LGBT+, jeudi 16 octobre, dans un bar de la communaut\u00e9 gay \u00e0 Oslo, pour la fa\u00e7on dont elle les a trait\u00e9s dans le pass\u00e9. Le corps religieux, qui compte 3,4 millions de membres (soit plus de 60% de la population norv\u00e9gienne), a longtemps discrimin\u00e9 les personnes LGBT+.<\/p>\n<p>\u00ab\u00a0L&rsquo;Eglise de Norv\u00e8ge a inflig\u00e9 la honte, de graves torts et de la douleur aux homosexuels\u00a0\u00bb, a d\u00e9clar\u00e9 l&rsquo;\u00e9v\u00eaque Olav Fykse Tveit, primat de l&rsquo;Eglise de Norv\u00e8ge, \u00e0 l&rsquo;int\u00e9rieur du <a href=\"https:\/\/www.franceinfo.fr\/monde\/norvege\/norvege-des-tirs-dans-le-centre-d-oslo-font-deux-morts-et-plusieurs-blesses_5220262.html\" rel=\"nofollow noopener\" target=\"_blank\">London Pub, haut lieu de la communaut\u00e9 gay norv\u00e9gienne<\/a>. Il estime que \u00ab\u00a0la discrimination, la diff\u00e9rence de traitement et le harc\u00e8lement\u00a0\u00bb avaient conduit certains \u00e0 perdre la foi. Dans les ann\u00e9es 1950, la Conf\u00e9rence des \u00e9v\u00eaques avait qualifi\u00e9 les homosexuels de \u00ab\u00a0danger social d&rsquo;envergure mondiale\u00a0\u00bb, qualifiant leur orientation de \u00ab\u00a0perverse et m\u00e9prisable\u00a0\u00bb.<\/p>\n<p>Avec le temps, l&rsquo;Eglise de Norv\u00e8ge a adopt\u00e9 une approche plus lib\u00e9rale, jug\u00e9e tardive par beaucoup. Elle autorise les personnes LGBT+ \u00e0 devenir pasteur depuis 2007, ainsi que les unions religieuses de personnes du m\u00eame sexe depuis 2017.<\/p>\n<p>Pr\u00e9sidente d&rsquo;un r\u00e9seau chr\u00e9tien pour lesbiennes, Hanne Marie Pedersen-Eriksen, elle-m\u00eame pasteure, a jug\u00e9 que \u00ab\u00a0ces excuses repr\u00e9sentent une r\u00e9paration importante et marquent enfin la fin d&rsquo;un chapitre sombre de l&rsquo;histoire de l&rsquo;Eglise\u00a0\u00bb.\u00a0Ces excuses sont \u00ab\u00a0fortes et importantes\u00a0\u00bb mais arrivent \u00ab\u00a0trop tard pour ceux d&rsquo;entre nous qui sont morts du sida, (&#8230;) le c\u0153ur rempli d&rsquo;angoisse parce que l&rsquo;Eglise consid\u00e9rait que l&rsquo;\u00e9pid\u00e9mie \u00e9tait le ch\u00e2timent de Dieu\u00a0\u00bb, a de son c\u00f4t\u00e9 r\u00e9agi Stephen Adom, leader de l&rsquo;Association pour la diversit\u00e9 de genre et de sexualit\u00e9 en Norv\u00e8ge.<\/p>\n","protected":false},"excerpt":{"rendered":"\u00ab\u00a0L&rsquo;Eglise de Norv\u00e8ge a inflig\u00e9 la honte, de graves torts et de la douleur aux homosexuels\u00a0\u00bb, a d\u00e9clar\u00e9&hellip;\n","protected":false},"author":2,"featured_media":467802,"comment_status":"","ping_status":"","sticky":false,"template":"","format":"standard","meta":{"footnotes":""},"categories":[1888],"tags":[1111,1928,11,1927,1777,674,1011,27,12,1926,626,1925,25],"class_list":{"0":"post-467801","1":"post","2":"type-post","3":"status-publish","4":"format-standard","5":"has-post-thumbnail","7":"category-paris","8":"tag-actu","9":"tag-actu-paris","10":"tag-actualites","11":"tag-actualites-paris","12":"tag-eu","13":"tag-europe","14":"tag-fr","15":"tag-france","16":"tag-news","17":"tag-news-paris","18":"tag-paris","19":"tag-paris-news","20":"tag-republique-francaise"},"share_on_mastodon":{"url":"https:\/\/pubeurope.com\/@fr\/115384737683666399","error":""},"_links":{"self":[{"href":"https:\/\/www.europesays.com\/fr\/wp-json\/wp\/v2\/posts\/467801","targetHints":{"allow":["GET"]}}],"collection":[{"href":"https:\/\/www.europesays.com\/fr\/wp-json\/wp\/v2\/posts"}],"about":[{"href":"https:\/\/www.europesays.com\/fr\/wp-json\/wp\/v2\/types\/post"}],"author":[{"embeddable":true,"href":"https:\/\/www.europesays.com\/fr\/wp-json\/wp\/v2\/users\/2"}],"replies":[{"embeddable":true,"href":"https:\/\/www.europesays.com\/fr\/wp-json\/wp\/v2\/comments?post=467801"}],"version-history":[{"count":0,"href":"https:\/\/www.europesays.com\/fr\/wp-json\/wp\/v2\/posts\/467801\/revisions"}],"wp:featuredmedia":[{"embeddable":true,"href":"https:\/\/www.europesays.com\/fr\/wp-json\/wp\/v2\/media\/467802"}],"wp:attachment":[{"href":"https:\/\/www.europesays.com\/fr\/wp-json\/wp\/v2\/media?parent=467801"}],"wp:term":[{"taxonomy":"category","embeddable":true,"href":"https:\/\/www.europesays.com\/fr\/wp-json\/wp\/v2\/categories?post=467801"},{"taxonomy":"post_tag","embeddable":true,"href":"https:\/\/www.europesays.com\/fr\/wp-json\/wp\/v2\/tags?post=467801"}],"curies":[{"name":"wp","href":"https:\/\/api.w.org\/{rel}","templated":true}]}}