{"id":467805,"date":"2025-10-16T16:17:14","date_gmt":"2025-10-16T16:17:14","guid":{"rendered":"https:\/\/www.europesays.com\/fr\/467805\/"},"modified":"2025-10-16T16:17:14","modified_gmt":"2025-10-16T16:17:14","slug":"ce-quartier-du-20e-arrondissement-de-paris-recemment-elu-le-plus-cool-de-france-fascine-avec-son-street-art-a-chaque-coin-de-rue-et-son-ancienne-voie-ferree-transformee-en-spot-urbex-a-ciel-ouvert","status":"publish","type":"post","link":"https:\/\/www.europesays.com\/fr\/467805\/","title":{"rendered":"Ce quartier du 20e arrondissement de Paris, r\u00e9cemment \u00e9lu le plus cool de France, fascine avec son street-art \u00e0 chaque coin de rue et son ancienne voie ferr\u00e9e transform\u00e9e en spot Urbex \u00e0 ciel ouvert \u2014 pas \u00e9tonnant que tout le monde en parle !"},"content":{"rendered":"<p>\t\t\t\t\t\t\t\t\t\t\t\t\t\t\t\t\t\t\t\t\t\t<img loading=\"lazy\" decoding=\"async\" src=\"https:\/\/www.europesays.com\/fr\/wp-content\/uploads\/2025\/10\/Montage-photo-article-PARIS-SECRET-OFFICIEL-1620-x-1080-px-2025-10-16T162749.058-1024x683.jpg\" class=\"img-fluid\" alt=\"Ce quartier du 20e arrondissement de Paris, r\u00e9cemment \u00e9lu le plus cool de France, fascine avec son street-art \u00e0 chaque coin de rue et son ancienne voie ferr\u00e9e transform\u00e9e en spot Urbex \u00e0 ciel ouvert \u2014 pas \u00e9tonnant que tout le monde en parle !\" width=\"1024\" height=\"683\"\/><br \/>\n\t\t\t\t\t\t\t\t\t\t\t\t\t\t\t\t\t\t\t\t\t\t@hasardludique @ GARDEL BERTRAND \/ HEMIS.FRhemis.frHemis via AFP quartier cool paris<\/p>\n<p>    Save<\/p>\n<p>Et si le meilleur quartier\u2026 se trouvait \u00e0 c\u00f4t\u00e9 de chez vous ? Pourquoi aller si loin <strong>quand on peut profiter du quartier le plus cool de Paris<\/strong> (et de France) ? Selon Time Out, c\u2019est \u00e0 M\u00e9nilmontant, dans le 20\u1d49 arrondissement de Paris, que vous trouverez tout ce que votre c\u0153ur d\u00e9sire (et bien plus). Une ambiance arty \u00e0 souhait, de belles adresses et un charme fou qui hissent ce quartier<strong> \u00e0 la 7e position des quartiers les plus cools du monde et \u00e0 la 1\u1d49\u02b3\u1d49 place en France<\/strong>. Et voici pourquoi !<\/p>\n<p> M\u00e9nilmontant : le quartier le plus cool de France au c\u0153ur de Paris <\/p>\n<p>Comme chaque ann\u00e9e, Time Out vient de publier son palmar\u00e8s des quartiers les plus cools du monde ! Et surprise, un quartier fran\u00e7ais s\u2019est retrouv\u00e9 dans le top 10. Il s\u2019agit de M\u00e9nilmontant, dans le 20e arrondissement de Paris. Ce dernier vole la vedette \u00e0 Belleville, en se pla\u00e7ant \u00e0 la 7e position, battant ainsi son voisin qui \u00e9tait \u00e0 la 20e place l\u2019ann\u00e9e derni\u00e8re. Pour mener \u00e0 bien son classement, le city guide s\u2019est bas\u00e9 sur plusieurs crit\u00e8res <strong>comme les lieux de vie, les offres culturelles, l\u2019ambiance g\u00e9n\u00e9rale, le co\u00fbt de la vie, les restaurants et les bars.<\/strong><\/p>\n<p> <img fetchpriority=\"high\" decoding=\"async\" class=\"wp-image-39695 size-large\" src=\"data:image\/svg+xml,%3Csvg%20xmlns=\" http:=\"\" alt=\"Vinyl Market XXL 15 000 vinyles juin 2021 Hasard Ludique Petite Ceinture\" width=\"1024\" height=\"683\" data-lazy- data-lazy- data-lazy-src=\"https:\/\/www.europesays.com\/fr\/wp-content\/uploads\/2025\/10\/188729766_4136689573048333_5811449119774059809_n-1024x683.jpg\"\/>quarier cool paris @hasardludique <\/p>\n<p>Ancien village entour\u00e9 de vignes et de<a href=\"https:\/\/parissecret.com\/guinguette-bucolique-paris\/\" rel=\"follow nofollow noopener\" target=\"_self\" class=\"shortcode-outbound-link\" data-has-ga=\"true\" data-ga-type=\"click\" data-label=\"https:\/\/parissecret.com\/guinguette-bucolique-paris\/\" data-action=\"text_cta_0\" data-category=\"click_internal\"> guinguettes anim\u00e9es<\/a>, M\u00e9nilmontant a su conserver son esprit de \u00ab petit village paisible \u00bb dans la ville,<strong> tout en proposant une vie nocturne joyeuse et anim\u00e9e<\/strong>. Entre ses rues pav\u00e9es au charme fou, ses petites boutiques ind\u00e9pendantes et ses caf\u00e9s et bars styl\u00e9s, <strong>il y r\u00e8gne ici une atmosph\u00e8re toute particuli\u00e8re<\/strong>, qui donne envie de fl\u00e2ner des heures. Fan de <a href=\"https:\/\/parissecret.com\/street-art-paris\/\" rel=\"follow nofollow noopener\" target=\"_self\" class=\"shortcode-outbound-link\" data-has-ga=\"true\" data-ga-type=\"click\" data-label=\"https:\/\/parissecret.com\/street-art-paris\/\" data-action=\"text_cta_1\" data-category=\"click_internal\">street art<\/a> ? Vous adorerez vous perdre dans la rue Cascade, v\u00e9ritable mus\u00e9e \u00e0 ciel ouvert. Ses fresques color\u00e9es, parfois impressionnantes, <strong>sont une v\u00e9ritable source d\u2019inspiration et une invitation \u00e0 la r\u00eaverie. <\/strong><\/p>\n<p>Les<strong> amoureux d\u2019exploration urbaine connaissent forc\u00e9ment la <a href=\"https:\/\/parissecret.com\/petite-ceinture-nos-meilleures-adresses-au-fil-des-rails\/\" rel=\"follow nofollow noopener\" target=\"_self\" class=\"shortcode-outbound-link\" data-has-ga=\"true\" data-ga-type=\"click\" data-label=\"https:\/\/parissecret.com\/petite-ceinture-nos-meilleures-adresses-au-fil-des-rails\/\" data-action=\"text_cta_2\" data-category=\"click_internal\">petite ceinture<\/a><\/strong>. Cette ancienne voie ferr\u00e9e compl\u00e8tement d\u00e9saffect\u00e9e <strong>court tout autour de la capitale sur 32 km de long<\/strong>. Elle se situe pile entre les rues de M\u00e9nilmontant et la rue des Couronnes. Ici, la nature y a repris ses droits,<strong> et semble plonger les promeneurs et les badauds dans un vrai d\u00e9cor de film<\/strong>, digne d\u2019Hayao Miyazaki. Vous y trouverez \u00e9galement des adresses vraiment tr\u00e8s cools,<strong> comme le Hasard Ludique<\/strong>, un incontournable. Un enchantement pour les yeux, que vous prendrez plaisir \u00e0 d\u00e9couvrir toute l\u2019ann\u00e9e.<\/p>\n<p> <img loading=\"lazy\" decoding=\"async\" class=\"size-large wp-image-93847\" src=\"data:image\/svg+xml,%3Csvg%20xmlns=\" http:=\"\" alt=\"Paris nouveau rooftop\" width=\"1024\" height=\"683\" data-lazy- data-lazy- data-lazy-src=\"https:\/\/www.europesays.com\/fr\/wp-content\/uploads\/2025\/10\/Montage-photo-article-PS-2024-06-04T130840.650-1024x683.jpg\"\/>@bellevilloise <\/p>\n<p>Si vous aimez prendre de la hauteur, le rooftop la <a href=\"https:\/\/parissecret.com\/nouveau-rooftop-paris\/\" rel=\"follow nofollow noopener\" target=\"_self\" class=\"shortcode-outbound-link\" data-has-ga=\"true\" data-ga-type=\"click\" data-label=\"https:\/\/parissecret.com\/nouveau-rooftop-paris\/\" data-action=\"text_cta_3\" data-category=\"click_internal\">Bellevilloise<\/a>, et sa vue imprenable sur la Tour Eiffel et les toits de Paris, va vous enchanter. Un lieu bucolique, enti\u00e8rement v\u00e9g\u00e9talis\u00e9, parfois pour un verre ou un d\u00eener sous les \u00e9toiles.<\/p>\n<p>Bref, vous l\u2019aurez compris : M\u00e9nilmontant coche toutes les cases du quartier <strong>cool, vivant, festif, familial et verdoyant<\/strong> \u00e0 Paris. Une cons\u00e9cration largement m\u00e9rit\u00e9e !<br \/>Et vous, qu\u2019en pensez-vous ?<\/p>\n","protected":false},"excerpt":{"rendered":"@hasardludique @ GARDEL BERTRAND \/ HEMIS.FRhemis.frHemis via AFP quartier cool paris Save Et si le meilleur quartier\u2026 se&hellip;\n","protected":false},"author":2,"featured_media":467806,"comment_status":"","ping_status":"","sticky":false,"template":"","format":"standard","meta":{"footnotes":""},"categories":[1888],"tags":[11,1777,674,1011,27,12,626,25],"class_list":{"0":"post-467805","1":"post","2":"type-post","3":"status-publish","4":"format-standard","5":"has-post-thumbnail","7":"category-paris","8":"tag-actualites","9":"tag-eu","10":"tag-europe","11":"tag-fr","12":"tag-france","13":"tag-news","14":"tag-paris","15":"tag-republique-francaise"},"share_on_mastodon":{"url":"https:\/\/pubeurope.com\/@fr\/115384749499080662","error":""},"_links":{"self":[{"href":"https:\/\/www.europesays.com\/fr\/wp-json\/wp\/v2\/posts\/467805","targetHints":{"allow":["GET"]}}],"collection":[{"href":"https:\/\/www.europesays.com\/fr\/wp-json\/wp\/v2\/posts"}],"about":[{"href":"https:\/\/www.europesays.com\/fr\/wp-json\/wp\/v2\/types\/post"}],"author":[{"embeddable":true,"href":"https:\/\/www.europesays.com\/fr\/wp-json\/wp\/v2\/users\/2"}],"replies":[{"embeddable":true,"href":"https:\/\/www.europesays.com\/fr\/wp-json\/wp\/v2\/comments?post=467805"}],"version-history":[{"count":0,"href":"https:\/\/www.europesays.com\/fr\/wp-json\/wp\/v2\/posts\/467805\/revisions"}],"wp:featuredmedia":[{"embeddable":true,"href":"https:\/\/www.europesays.com\/fr\/wp-json\/wp\/v2\/media\/467806"}],"wp:attachment":[{"href":"https:\/\/www.europesays.com\/fr\/wp-json\/wp\/v2\/media?parent=467805"}],"wp:term":[{"taxonomy":"category","embeddable":true,"href":"https:\/\/www.europesays.com\/fr\/wp-json\/wp\/v2\/categories?post=467805"},{"taxonomy":"post_tag","embeddable":true,"href":"https:\/\/www.europesays.com\/fr\/wp-json\/wp\/v2\/tags?post=467805"}],"curies":[{"name":"wp","href":"https:\/\/api.w.org\/{rel}","templated":true}]}}