{"id":467807,"date":"2025-10-16T16:18:17","date_gmt":"2025-10-16T16:18:17","guid":{"rendered":"https:\/\/www.europesays.com\/fr\/467807\/"},"modified":"2025-10-16T16:18:17","modified_gmt":"2025-10-16T16:18:17","slug":"vers-un-rapprochement-de-lassociation-pour-le-developpement-de-la-danse-a-paris-et-de-latelier-de-paris","status":"publish","type":"post","link":"https:\/\/www.europesays.com\/fr\/467807\/","title":{"rendered":"Vers un rapprochement de l\u2019Association pour le D\u00e9veloppement de la danse \u00e0 Paris et de l\u2019Atelier de Paris ?"},"content":{"rendered":"<p><a href=\"https:\/\/sceneweb.fr\/wp-content\/uploads\/2025\/10\/atelier-de-paris-photo-patrick-berger.jpg\" rel=\"nofollow noopener\" target=\"_blank\"><\/p>\n<p><img loading=\"lazy\" decoding=\"async\" aria-describedby=\"caption-attachment-222065\" src=\"data:image\/svg+xml,%3Csvg%20xmlns=\" http:=\"\" alt=\"Atelier de Paris photo Patrick Berger\" width=\"1000\" height=\"686\" data-lazy- data-lazy- data-lazy-src=\"https:\/\/www.europesays.com\/fr\/wp-content\/uploads\/2025\/10\/atelier-de-paris-photo-patrick-berger-1000x686.jpg\"\/><\/p>\n<p><\/a><\/p>\n<p id=\"caption-attachment-222065\" class=\"wp-caption-text\">photo Patrick Berger<\/p>\n<blockquote>\n<p><strong>\u00ab\u00a0L\u2019Association pour le D\u00e9veloppement de la Danse \u00e0 Paris (ADDP) pourrait fusionner avec l\u2019Atelier de Paris \/ CDCN au sein d\u2019une m\u00eame entit\u00e9 administrative au terme d\u2019un processus engag\u00e9 avec la DRAC Ile-de-France et la Ville de Paris\u00a0\u00bb a indiqu\u00e9 ce matin lors d\u2019une conf\u00e9rence de presse Christophe Martin, le fondateur et directeur de l\u2019ADDP, qui partira \u00e0 la retraite fin f\u00e9vrier 2026.<\/strong><\/p>\n<\/blockquote>\n<p>L\u2019ADDP d\u00e9veloppe son activit\u00e9 autour du\u00a0<a href=\"https:\/\/www.faitsdhiver.com\/\" target=\"_blank\" rel=\"noopener noreferrer nofollow\">Festival Faits d\u2019hiver<\/a>, en partenariat avec un r\u00e9seau de lieux partenaires, et de micadanses-Paris, centre de cr\u00e9ation, de d\u00e9veloppement et de formation en danse cr\u00e9\u00e9 en avril 2004 avec 5 studios ouverts de 8h \u00e0 22h tous les jours de l\u2019ann\u00e9e, recevant 200 000 usagers, 750 adh\u00e9rents, et 400 projets chor\u00e9graphiques par an. La 28e \u00e9dition du festival Faits d\u2019hiver se d\u00e9roulera du 19 janvier au 20 f\u00e9vrier 2026, avec 51 repr\u00e9sentations, dont 12 cr\u00e9ations, dans 17 lieux \u00e0 Paris et en petite couronne sur le th\u00e8me \u00ab G\u00e9n\u00e9rations \u00bb.<\/p>\n<p>Fond\u00e9 par la chor\u00e9graphe <strong>Carolyn Carlson<\/strong> en 1999 et labellis\u00e9 CDCN en 2015, <a href=\"https:\/\/www.atelierdeparis.org\/\" target=\"_blank\" rel=\"noopener nofollow\">L\u2019Atelier de Paris<\/a> est l\u2019un des 16 centres de d\u00e9veloppement chor\u00e9graphiques nationaux. Il est dirig\u00e9 par Anne Sauvage et situ\u00e9 sur le site de la Cartoucherie dans le 12e arrondissement \u00e0 Paris. Le soutien \u00e0 la cr\u00e9ation est l\u2019une de ses premi\u00e8res missions. Les r\u00e9sidences de cr\u00e9ation donnent lieu \u00e0 la pr\u00e9sentation de spectacles dans le cadre de la saison ou lors du festival JUNE EVENTS.<\/p>\n<p><a data-no-instant=\"1\" href=\"https:\/\/www.tnp-villeurbanne.com\/spectacle\/amadoca\/\" rel=\"noopener nofollow\" class=\"a2t-link\" target=\"_blank\" aria-label=\"Amadoca TNP Bas de page\"><\/p>\n<p><img loading=\"lazy\" decoding=\"async\" src=\"data:image\/svg+xml,%3Csvg%20xmlns=\" http:=\"\" alt=\"\" data-lazy- data-lazy- width=\"960\" height=\"300\" data-lazy-src=\"https:\/\/www.europesays.com\/fr\/wp-content\/uploads\/2025\/10\/amadoca-tnp-bas-de-page.jpg\"\/><\/p>\n<p><\/a><\/p>\n","protected":false},"excerpt":{"rendered":"photo Patrick Berger \u00ab\u00a0L\u2019Association pour le D\u00e9veloppement de la Danse \u00e0 Paris (ADDP) pourrait fusionner avec l\u2019Atelier de&hellip;\n","protected":false},"author":2,"featured_media":467808,"comment_status":"","ping_status":"","sticky":false,"template":"","format":"standard","meta":{"footnotes":""},"categories":[1888],"tags":[11,1777,674,1011,27,12,626,25],"class_list":{"0":"post-467807","1":"post","2":"type-post","3":"status-publish","4":"format-standard","5":"has-post-thumbnail","7":"category-paris","8":"tag-actualites","9":"tag-eu","10":"tag-europe","11":"tag-fr","12":"tag-france","13":"tag-news","14":"tag-paris","15":"tag-republique-francaise"},"share_on_mastodon":{"url":"https:\/\/pubeurope.com\/@fr\/115384752841342224","error":""},"_links":{"self":[{"href":"https:\/\/www.europesays.com\/fr\/wp-json\/wp\/v2\/posts\/467807","targetHints":{"allow":["GET"]}}],"collection":[{"href":"https:\/\/www.europesays.com\/fr\/wp-json\/wp\/v2\/posts"}],"about":[{"href":"https:\/\/www.europesays.com\/fr\/wp-json\/wp\/v2\/types\/post"}],"author":[{"embeddable":true,"href":"https:\/\/www.europesays.com\/fr\/wp-json\/wp\/v2\/users\/2"}],"replies":[{"embeddable":true,"href":"https:\/\/www.europesays.com\/fr\/wp-json\/wp\/v2\/comments?post=467807"}],"version-history":[{"count":0,"href":"https:\/\/www.europesays.com\/fr\/wp-json\/wp\/v2\/posts\/467807\/revisions"}],"wp:featuredmedia":[{"embeddable":true,"href":"https:\/\/www.europesays.com\/fr\/wp-json\/wp\/v2\/media\/467808"}],"wp:attachment":[{"href":"https:\/\/www.europesays.com\/fr\/wp-json\/wp\/v2\/media?parent=467807"}],"wp:term":[{"taxonomy":"category","embeddable":true,"href":"https:\/\/www.europesays.com\/fr\/wp-json\/wp\/v2\/categories?post=467807"},{"taxonomy":"post_tag","embeddable":true,"href":"https:\/\/www.europesays.com\/fr\/wp-json\/wp\/v2\/tags?post=467807"}],"curies":[{"name":"wp","href":"https:\/\/api.w.org\/{rel}","templated":true}]}}