{"id":467813,"date":"2025-10-16T16:21:18","date_gmt":"2025-10-16T16:21:18","guid":{"rendered":"https:\/\/www.europesays.com\/fr\/467813\/"},"modified":"2025-10-16T16:21:18","modified_gmt":"2025-10-16T16:21:18","slug":"voici-le-programme-tv-du-grand-prix-des-etats-unis-2025","status":"publish","type":"post","link":"https:\/\/www.europesays.com\/fr\/467813\/","title":{"rendered":"Voici le programme TV du Grand Prix des \u00c9tats-Unis 2025"},"content":{"rendered":"<p itemprop=\"description\">Pour ne rien rater de ce nouveau week-end de Formule 1 de la saison 2025, voici le programme TV complet du Grand Prix des \u00c9tats-Unis.<\/p>\n<p>La cat\u00e9gorie reine du sport automobile est de retour ce week-end <strong>pour le Grand Prix des \u00c9tats-Unis sur le circuit d\u2019Austin<\/strong>, au Texas. La Formule 1 restera sur le continent am\u00e9ricain, car, en plus de ce Grand Prix des \u00c9tats-Unis, nous nous rendrons successivement au Mexique, au Br\u00e9sil, puis une nouvelle fois aux \u00c9tats-Unis pour le Grand Prix de Las Vegas.<\/p>\n<p><strong>Qui, de Lando Norris ou d\u2019Oscar Piastri, parviendra \u00e0 sortir vainqueur de cette tourn\u00e9e sur le continent am\u00e9ricain ?<\/strong> Voil\u00e0 toute la question qui se pose aujourd\u2019hui. Si l\u2019avantage revient \u00e0 Norris lors des deux derniers Grands Prix, c\u2019est toujours Oscar Piastri qui reste en t\u00eate du championnat du monde des pilotes. Cependant, <strong>l\u2019\u00e9cart s\u2019est consid\u00e9rablement r\u00e9duit<\/strong>. Une chose est s\u00fbre : rien n\u2019est encore jou\u00e9 !<\/p>\n<p>Il y a un param\u00e8tre important \u00e0 prendre en compte : l\u2019ambiance au sein de l\u2019\u00e9curie McLaren. Selon toute vraisemblance, le coup de roue de Lando Norris port\u00e9 sur son co\u00e9quipier au d\u00e9part de la course \u00e0 Singapour n\u2019a absolument pas plu \u00e0 Oscar Piastri. <strong>Ce geste aura-t-il un impact sur la conduite de l\u2019Australien pour la fin de ce championnat ?<\/strong> Seul l\u2019avenir nous le dira. Pour avoir un d\u00e9but de r\u00e9ponse, le rendez-vous est donn\u00e9 \u00e0 Austin ce week-end pour le Grand Prix des \u00c9tats-Unis.<\/p>\n<p>    <strong>Programme TV complet\u00a0du GP des \u00c9tats-Unis<\/strong> <\/p>\n<p>Ce week-end, il n\u2019y aura pas de Formule 2 au programme. En effet, la prochaine course de Formule 2 aura lieu le 30 novembre, en marge du Grand Prix du Qatar, sur le circuit de Losail. Pour ce qui est du Grand Prix des \u00c9tats-Unis, les diff\u00e9rentes s\u00e9ances (essais, qualifications, course) seront \u00e0 suivre sur les cha\u00eenes du groupe Canal+ en France. Chez nos voisins belges, il faudra se rendre sur la cha\u00eene TIPIK.<\/p>\n<p><strong>Vendredi 17 octobre 2025 :<\/strong><\/p>\n<ul>\n<li>F1 &#8211; Essais libres 1 \u00e0 <strong>19h20<\/strong> (Canal+ Sport).<\/li>\n<li>F1 &#8211; Qualifications Sprint \u00e0 <strong>23h15<\/strong> (Canal+ Sport).<\/li>\n<li>F1 &#8211; Qualifications Sprint \u00e0 <strong>23h25<\/strong> (Tipik, Belgique).<\/li>\n<\/ul>\n<p><strong>Samedi 18 octobre 2025 :<\/strong><\/p>\n<ul>\n<li>F1 &#8211; Sprint \u00e0 <strong>18h45<\/strong> (Canal+ Sport).<\/li>\n<li>F1 &#8211; Sprint \u00e0 <strong>18h55<\/strong> (Tipik, Belgique).<\/li>\n<li>F1 &#8211; Qualifications \u00e0 <strong>22h40<\/strong> (Canal+ Sport).<\/li>\n<li>F1 &#8211; Qualifications \u00e0 <strong>22h55<\/strong> (Tipik, Belgique).<\/li>\n<\/ul>\n<p><strong>Dimanche 19 octobre 2025 :<\/strong><\/p>\n<ul>\n<li>F1 &#8211; \u00ab\u00a0La Grille\u00a0\u00bb \u00e0 <strong>19h55<\/strong> (Canal+ Sport360).<\/li>\n<li>F1 &#8211; \u00ab\u00a0Warm Up\u00a0\u00bb \u00e0 <strong>20h30<\/strong> (Tipik, Belgique).<\/li>\n<li>F1 &#8211; Le Grand Prix des Etats-Unis \u00e0 <strong>20h55<\/strong> (Canal+ Sport360 \/ Tipik, Belgique).<\/li>\n<li>F1 &#8211; \u00ab\u00a0Formula One, le mag\u00a0\u00bb \u00e0 <strong>22h55<\/strong> (Canal+ Sport360). <\/li>\n<\/ul>\n","protected":false},"excerpt":{"rendered":"Pour ne rien rater de ce nouveau week-end de Formule 1 de la saison 2025, voici le programme&hellip;\n","protected":false},"author":2,"featured_media":467814,"comment_status":"","ping_status":"","sticky":false,"template":"","format":"standard","meta":{"footnotes":""},"categories":[1589],"tags":[11,73,1866,1638,12,1864,1865,1863,308],"class_list":{"0":"post-467813","1":"post","2":"type-post","3":"status-publish","4":"format-standard","5":"has-post-thumbnail","7":"category-etats-unis","8":"tag-actualites","9":"tag-etats-unis","10":"tag-etats-unis-damerique","11":"tag-has_diapo","12":"tag-news","13":"tag-united-states","14":"tag-united-states-of-america","15":"tag-us","16":"tag-usa"},"share_on_mastodon":{"url":"https:\/\/pubeurope.com\/@fr\/115384764651077337","error":""},"_links":{"self":[{"href":"https:\/\/www.europesays.com\/fr\/wp-json\/wp\/v2\/posts\/467813","targetHints":{"allow":["GET"]}}],"collection":[{"href":"https:\/\/www.europesays.com\/fr\/wp-json\/wp\/v2\/posts"}],"about":[{"href":"https:\/\/www.europesays.com\/fr\/wp-json\/wp\/v2\/types\/post"}],"author":[{"embeddable":true,"href":"https:\/\/www.europesays.com\/fr\/wp-json\/wp\/v2\/users\/2"}],"replies":[{"embeddable":true,"href":"https:\/\/www.europesays.com\/fr\/wp-json\/wp\/v2\/comments?post=467813"}],"version-history":[{"count":0,"href":"https:\/\/www.europesays.com\/fr\/wp-json\/wp\/v2\/posts\/467813\/revisions"}],"wp:featuredmedia":[{"embeddable":true,"href":"https:\/\/www.europesays.com\/fr\/wp-json\/wp\/v2\/media\/467814"}],"wp:attachment":[{"href":"https:\/\/www.europesays.com\/fr\/wp-json\/wp\/v2\/media?parent=467813"}],"wp:term":[{"taxonomy":"category","embeddable":true,"href":"https:\/\/www.europesays.com\/fr\/wp-json\/wp\/v2\/categories?post=467813"},{"taxonomy":"post_tag","embeddable":true,"href":"https:\/\/www.europesays.com\/fr\/wp-json\/wp\/v2\/tags?post=467813"}],"curies":[{"name":"wp","href":"https:\/\/api.w.org\/{rel}","templated":true}]}}