{"id":467821,"date":"2025-10-16T16:25:34","date_gmt":"2025-10-16T16:25:34","guid":{"rendered":"https:\/\/www.europesays.com\/fr\/467821\/"},"modified":"2025-10-16T16:25:34","modified_gmt":"2025-10-16T16:25:34","slug":"on-a-eu-le-sentiment-que-la-republique-tremblait-sept-ans-apres-leur-film-les-braises-ne-en-bretagne-revient-sur-le-mouvement-des-gilets-jaune","status":"publish","type":"post","link":"https:\/\/www.europesays.com\/fr\/467821\/","title":{"rendered":"\u00ab\u00a0On a eu le sentiment que la R\u00e9publique tremblait\u00a0\u00bb\u00a0: sept ans apr\u00e8s, leur film \u00ab\u00a0Les Braises\u00a0\u00bb, n\u00e9 en Bretagne, revient sur le mouvement des gilets jaunes"},"content":{"rendered":"<p>Le film est n\u00e9 en Bretagne, de rencontres avec des gilets jaunes dont certains ont rencontr\u00e9 Virginie Efira pour l\u2019aider \u00e0 s\u2019impr\u00e9gner du mouvement avant le tournage. Il \u00e9tait important de parler de cet engagement avec ceux qui l\u2019ont v\u00e9cu\u00a0?<\/p>\n<p>Thomas Kruithof\u00a0: \u00ab\u00a0C\u2019est gr\u00e2ce \u00e0 une amie que nous avons, au d\u00e9part, rencontr\u00e9 une premi\u00e8re personne \u00e0 Lamballe (22), puis cela a d\u00e9coul\u00e9 sur des entretiens. On s\u2019est rendu compte que ces anciens gilets jaunes avaient des parcours tr\u00e8s diff\u00e9rents, certains n\u2019avaient jamais \u00e9t\u00e9 engag\u00e9s politiquement auparavant. Ce mouvement a initi\u00e9 beaucoup de gens \u00e0 la contestation et cela cadrait avec l\u2019id\u00e9e du personnage de Virginie (Elfira)\u00a0: comment la d\u00e9couverte du collectif te remplit d\u2019\u00e9nergie, d\u2019espoir, etc. On voulait incarner ce mouvement \u00e0 travers l\u2019engagement et l\u2019engagement dans un couple.\u00a0\u00bb<\/p>\n<blockquote><p>On voulait entrem\u00ealer le couple et la politique, car le couple est aussi politique\u00a0: c\u2019est la construction d\u2019un avenir commun.<\/p><\/blockquote>\n<p>Justement, pourquoi ce choix\u00a0?<\/p>\n<p>Thomas Kruithof\u00a0: \u00ab\u00a0Ce couple-l\u00e0 avait une force romanesque et romantique. Le projet, c\u2019\u00e9tait d\u2019\u00eatre pr\u00eat de l\u2019intimit\u00e9 d\u2019un couple et de la grandeur du mouvement. On a cette cuisine, la leur, et la foule, immense, des manifestations\u00a0: ce sont les deux principaux d\u00e9cors du film. Ensuite, on voulait entrem\u00ealer le couple et la politique, car le couple est aussi politique\u00a0: c\u2019est la construction d\u2019un avenir commun, notamment \u00e0 travers les enfants. C\u2019est un couple qui s\u2019aime, qui a une haute id\u00e9e de son amour et s\u2019efforce de maintenir ce qui peut l\u2019\u00eatre \u00e0 mesure que son engagement \u00e0 elle grandit.<\/p>\n<p>Jean-Baptiste Delafon\u00a0: \u00c0 travers le couple, qui est une mati\u00e8re vivante, on pouvait parler de comment construire l\u2019avenir lorsqu\u2019on n\u2019arrive plus \u00e0 se comprendre.<\/p>\n<p><img decoding=\"async\" src=\"https:\/\/www.europesays.com\/fr\/wp-content\/uploads\/2025\/10\/68f101e22f701d104102bdb5.1.jpeg\" width=\"480\" height=\"300\" class=\"web_golden_m\" loading=\"lazy\" alt=\"Thomas Kruithof, 49 ans, est le r\u00e9alisateur du film \u00ab\u00a0Les Braises\u00a0\u00bb, qui revient sur le mouvement des Gilets Jaunes \u00e0 travers l\u2019histoire d\u2019amour de Karine et Jimmy, jou\u00e9s par Virginie Efira, Arieh Worthalter.\"\/>Thomas Kruithof, 49 ans, est le r\u00e9alisateur du film \u00ab\u00a0Les Braises\u00a0\u00bb, qui revient sur le mouvement des Gilets Jaunes \u00e0 travers l\u2019histoire d\u2019amour de Karine et Jimmy, jou\u00e9s par Virginie Efira, Arieh Worthalter. (Le T\u00e9l\u00e9gramme\/Camille Andr\u00e9)Le mouvement, et on le per\u00e7oit dans le film, a pu g\u00e9n\u00e9rer, du fait de sa longueur et parfois de sa violence, un ras-le-bol chez une partie de la population. Sept ans apr\u00e8s, \u00e9tait-ce le bon moment pour y revenir \u00e0 travers un film\u00a0?<\/p>\n<p>Jean-Baptiste Delafon\u00a0: On ne le sait pas\u00a0! En revanche, on sait que plus le syst\u00e8me de gouvernement actuel pers\u00e9v\u00e8re, plus <a href=\"https:\/\/www.letelegramme.fr\/france\/les-gens-nen-peuvent-plus-de-cette-classe-politique-danciens-gilets-jaunes-scrutent-avec-interet-le-mouvement-du-10-septembre-6883895.php\" target=\"_blank\" rel=\"noopener\">le ras-le-bol est g\u00e9n\u00e9ral<\/a>. Pas mal de gens \u00e0 l\u2019\u00e9poque heurt\u00e9s par les d\u00e9bordements du mouvement des gilets jaunes sont peut-\u00eatre pr\u00eats \u00e0 plus d\u2019empathie aujourd\u2019hui\u2026<\/p>\n<p>Thomas Kruithof\u00a0: C\u2019est vrai, depuis, <a href=\"https:\/\/www.letelegramme.fr\/france\/le-493-souleve-des-interrogations-au-regard-de-la-separation-des-pouvoirs-estime-le-conseil-de-leurope-6372347.php\" target=\"_blank\" rel=\"noopener\">il y a eu les 49.3,<\/a> le <a href=\"https:\/\/www.letelegramme.fr\/economie\/retraites\/deux-ans-et-demi-plus-tard-la-reforme-des-retraites-revient-en-boomerang-6905734.php\" target=\"_blank\" rel=\"noopener\">mouvement contre la r\u00e9forme des retraites<\/a>\u2026 Jusqu\u2019\u00e0 pr\u00e9sent, peu de fictions ont \u00e9t\u00e9 r\u00e9alis\u00e9es sur les gilets jaunes. On y voyait cin\u00e9matographiquement plein de choses int\u00e9ressantes \u00e0 travailler. Et, pour le moment, les avant-premi\u00e8res donnent lieu \u00e0 des d\u00e9bats passionnants, cela montre que les spectateurs font le voyage du film.<\/p>\n<blockquote><p>Les braises sont un entre-deux, quelque chose qui pourrait s\u2019\u00e9teindre ou bien br\u00fbler plus fort.<\/p><\/blockquote>\n<p>Y avait-il une vocation documentaire \u00e0 ce travail\u00a0?<\/p>\n<p>Jean-Baptiste Delafon\u00a0: Non, c\u2019est plut\u00f4t un vecteur de communication. Une exp\u00e9rience de cin\u00e9ma par les personnages et leur histoire qui permet de sortir un peu ce que l\u2019on a vu du mouvement \u00e0 l\u2019\u00e9poque, notamment dans certains m\u00e9dias et qui se r\u00e9sumait aux d\u00e9bordements et aux manifs du samedi. Ici, on raconte ce mouvement de l\u2019int\u00e9rieur, \u00e0 l\u2019horizon d\u2019un couple.<\/p>\n<p><img decoding=\"async\" src=\"https:\/\/www.europesays.com\/fr\/wp-content\/uploads\/2025\/10\/68f101e22f701d104102bdb4.1.jpeg\" width=\"480\" height=\"300\" class=\"web_golden_m\" loading=\"lazy\" alt=\"L\u2019\u00e9quipe du film \u00ab\u00a0Les Braises\u00a0\u00bb est en tourn\u00e9e en Bretagne avant la sortie officielle pr\u00e9vue le 5\u00a0novembre 2025. Jean-Baptiste Delafon, sc\u00e9nariste, a notamment travaill\u00e9 sur les documentaires \u00ab\u00a0Une amie d\u00e9vou\u00e9e\u00a0\u00bb (HBO Max) et \u00ab\u00a0Tapie\u00a0\u00bb (Netflix).\"\/>L\u2019\u00e9quipe du film \u00ab\u00a0Les Braises\u00a0\u00bb est en tourn\u00e9e en Bretagne avant la sortie officielle pr\u00e9vue le 5\u00a0novembre 2025. Jean-Baptiste Delafon, sc\u00e9nariste, a notamment travaill\u00e9 sur les documentaires \u00ab\u00a0Une amie d\u00e9vou\u00e9e\u00a0\u00bb (HBO Max) et \u00ab\u00a0Tapie\u00a0\u00bb (Netflix). (Le T\u00e9l\u00e9gramme\/Camille Andr\u00e9)Comment avez-vous v\u00e9cu, \u00e0 titre personnel, ce mouvement des gilets jaunes, en 2018\u00a0?<\/p>\n<p>Thomas Kruithof\u00a0: Il y avait quelque chose d\u2019impressionnant et de questionnant. J\u2019\u00e9tais fascin\u00e9 par cette activit\u00e9 des ronds-points, par ces lieux de bric et de broc o\u00f9 vivait nuit et jour la discussion.<\/p>\n<p>Jean-Baptiste Delafon\u00a0: Pour moi aussi, il y avait cette fascination, car on a eu le sentiment que la R\u00e9publique tremblait, et aussi de l\u2019empathie.<\/p>\n<p>Le titre, \u00ab\u00a0Les Braises\u00a0\u00bb, r\u00e9sonne \u00e0 la fois pour la passion amoureuse du couple et pour les militants\u00a0?<\/p>\n<p>Oui, c\u2019est un titre que l\u2019on a trouv\u00e9 t\u00f4t et qui nous a inspir\u00e9s. Les braises sont un entre-deux, quelque chose qui pourrait s\u2019\u00e9teindre ou bien br\u00fbler plus fort. Dans le film, on est constamment dans cet entre-deux, autant concernant le mouvement que l\u2019histoire d\u2019amour de Karine et Jimmy.<\/p>\n<p>Pratique<\/p>\n<p class=\"note\">\u00ab\u00a0Les Braises\u00a0\u00bb, en salle mercredi 5 novembre 2025. Dur\u00e9e\u00a0: 1\u00a0h\u00a042. En avant-premi\u00e8re, ce vendredi 17 octobre 2025, <a href=\"https:\/\/www.letelegramme.fr\/morbihan\/pontivy-56300\/avant-premiere-du-film-les-braises-en-presence-du-realisateur-au-cinema-le-rex-a-pontivy-6910351.php\" target=\"_blank\" rel=\"noopener\">au Rex de Pontivy (56),<\/a> \u00e0 20\u00a0h\u00a030\u00a0; samedi au Katorza de Quimper \u00e0 18\u00a0h\u00a030, puis au Cin\u00e9ville de Lorient \u00e0 20\u00a0h\u00a045. Dimanche, au Cin\u00e9ville de Saint-Nazaire, \u00e0 16\u00a0h.<\/p>\n","protected":false},"excerpt":{"rendered":"Le film est n\u00e9 en Bretagne, de rencontres avec des gilets jaunes dont certains ont rencontr\u00e9 Virginie Efira&hellip;\n","protected":false},"author":2,"featured_media":467822,"comment_status":"","ping_status":"","sticky":false,"template":"","format":"standard","meta":{"footnotes":""},"categories":[1586],"tags":[11,829,650,2171,251,765,1777,674,1779,1011,27,1781,12,6099,3319,25,4937,1778,364],"class_list":{"0":"post-467821","1":"post","2":"type-post","3":"status-publish","4":"format-standard","5":"has-post-thumbnail","7":"category-europe","8":"tag-actualites","9":"tag-bretagne","10":"tag-cinema","11":"tag-cotes-darmor","12":"tag-culture","13":"tag-en-continu","14":"tag-eu","15":"tag-europe","16":"tag-european-union","17":"tag-fr","18":"tag-france","19":"tag-lorient","20":"tag-news","21":"tag-pontivy","22":"tag-quimper","23":"tag-republique-francaise","24":"tag-saint-brieuc","25":"tag-ue","26":"tag-union-europeenne"},"share_on_mastodon":{"url":"https:\/\/pubeurope.com\/@fr\/115384781040111404","error":""},"_links":{"self":[{"href":"https:\/\/www.europesays.com\/fr\/wp-json\/wp\/v2\/posts\/467821","targetHints":{"allow":["GET"]}}],"collection":[{"href":"https:\/\/www.europesays.com\/fr\/wp-json\/wp\/v2\/posts"}],"about":[{"href":"https:\/\/www.europesays.com\/fr\/wp-json\/wp\/v2\/types\/post"}],"author":[{"embeddable":true,"href":"https:\/\/www.europesays.com\/fr\/wp-json\/wp\/v2\/users\/2"}],"replies":[{"embeddable":true,"href":"https:\/\/www.europesays.com\/fr\/wp-json\/wp\/v2\/comments?post=467821"}],"version-history":[{"count":0,"href":"https:\/\/www.europesays.com\/fr\/wp-json\/wp\/v2\/posts\/467821\/revisions"}],"wp:featuredmedia":[{"embeddable":true,"href":"https:\/\/www.europesays.com\/fr\/wp-json\/wp\/v2\/media\/467822"}],"wp:attachment":[{"href":"https:\/\/www.europesays.com\/fr\/wp-json\/wp\/v2\/media?parent=467821"}],"wp:term":[{"taxonomy":"category","embeddable":true,"href":"https:\/\/www.europesays.com\/fr\/wp-json\/wp\/v2\/categories?post=467821"},{"taxonomy":"post_tag","embeddable":true,"href":"https:\/\/www.europesays.com\/fr\/wp-json\/wp\/v2\/tags?post=467821"}],"curies":[{"name":"wp","href":"https:\/\/api.w.org\/{rel}","templated":true}]}}