{"id":467825,"date":"2025-10-16T16:27:13","date_gmt":"2025-10-16T16:27:13","guid":{"rendered":"https:\/\/www.europesays.com\/fr\/467825\/"},"modified":"2025-10-16T16:27:13","modified_gmt":"2025-10-16T16:27:13","slug":"toute-ambition-de-reduction-de-limmigration-est-abandonnee","status":"publish","type":"post","link":"https:\/\/www.europesays.com\/fr\/467825\/","title":{"rendered":"\u00abToute ambition de r\u00e9duction de l\u2019immigration est abandonn\u00e9e\u00bb"},"content":{"rendered":"<p>\n    <strong>INFO LE FIGARO &#8211; <\/strong>L\u2019ancien parlementaire LR de l\u2019Yonne avait succ\u00e9d\u00e9 \u00e0 R\u00e9my Schwartz \u00e0 la t\u00eate du conseil d\u2019administration de cette institution charg\u00e9e de l\u2019accueil et de l\u2019int\u00e9gration des \u00e9trangers en France.<\/p>\n<p class=\"fig-paragraph\"><a href=\"http:\/\/www.lefigaro.fr\/actualite-france\/l-ancien-depute-lr-guillaume-larrive-nomme-president-de-l-office-francais-de-l-immigration-et-de-l-integration-20250908\" data-fig-type=\"Article\" data-gtm-custom-categorie=\"navigation\" data-gtm-custom-action=\"crossclick\" data-gtm-custom-label=\"Contextuel\" data-gtm-event=\"customEventSPE\" data-fig-domain=\"LEFIGARO\" rel=\"nofollow noopener\" target=\"_blank\">Un mois seulement apr\u00e8s son arriv\u00e9e<\/a>\u00a0\u00e0 la t\u00eate du conseil d\u2019administration de l<a href=\"http:\/\/www.lefigaro.fr\/actualite-france\/immigration-les-debats-ne-sont-pas-raisonnables-pointe-le-directeur-de-l-ofii-didier-leschi-20250129\" data-fig-type=\"NewsFlash\" data-gtm-custom-categorie=\"navigation\" data-gtm-custom-action=\"crossclick\" data-gtm-custom-label=\"Contextuel\" data-gtm-event=\"customEventSPE\" data-fig-domain=\"LEFIGARO\" rel=\"nofollow noopener\" target=\"_blank\">\u2019Office fran\u00e7ais de l\u2019immigration et de l\u2019int\u00e9gration (OFII)<\/a>, l\u2019ancien d\u00e9put\u00e9 LR Guillaume Larriv\u00e9 a annonc\u00e9 dans un courrier adress\u00e9 \u00e0 l\u2019\u00c9lys\u00e9e ce 16 octobre sa d\u00e9mission, regrettant l\u2019abandon de \u00abtoute ambition de r\u00e9duction de l\u2019immigration (&#8230;) par le gouvernement.\u00bb<\/p>\n<p class=\"fig-paragraph\">Le vice-pr\u00e9sident des R\u00e9publicains avait \u00e9t\u00e9 nomm\u00e9 par\u00a0<a href=\"http:\/\/www.lefigaro.fr\/politique\/immigration-faits-divers-emmanuel-macron-denonce-une-surenchere-securitaire-20250608\" data-fig-type=\"Article\" data-gtm-custom-categorie=\"navigation\" data-gtm-custom-action=\"crossclick\" data-gtm-custom-label=\"Contextuel\" data-gtm-event=\"customEventSPE\" data-fig-domain=\"LEFIGARO\" rel=\"nofollow noopener\" target=\"_blank\">Emmanuel Macron<\/a>\u00a0le 5 septembre dernier \u00e0 la t\u00eate de cet \u00e9tablissement public charg\u00e9 de l\u2019accueil des demandeurs d\u2019asile, de l\u2019int\u00e9gration des \u00e9trangers et de la gestion des retours, pour un mandat de trois ans. Il en claque la porte \u00e0 la suite de \u00abl\u2019\u00e9coute de la d\u00e9claration de politique g\u00e9n\u00e9rale prononc\u00e9e par le nouveau premier ministre (&#8230;) et \u00e0 la lecture du projet de loi de finances\u00bb.<\/p>\n<p>\u00abLe chaos migratoire ne fera que s\u2019amplifier\u00bb<\/p>\n<p class=\"fig-paragraph\">\u00abAucune rupture avec le carcan juridique et diplomatique qui emp\u00eache la France de r\u00e9duire l\u2019immigration ne sera d\u00e9cid\u00e9e\u00bb, regrette ainsi l\u2019ex \u00e9lu dans son courrier. Le parlementaire s\u2019\u00e9tait impos\u00e9 au cours de\u2026<\/p>\n<p class=\"fig-premium-paywall__infos\">\n        Cet article est r\u00e9serv\u00e9 aux abonn\u00e9s.        Il vous reste 42% \u00e0 d\u00e9couvrir.\n    <\/p>\n<p>                <img  data- alt=\"Le Figaro\" class=\"fig-img--complete fig-img\"\/><\/p>\n<p class=\"fig-premium-paywall__title\">Vous avez envie de lire la suite ?<\/p>\n<p class=\"fig-premium-paywall__subtitle\">D\u00e9bloquez tous les articles imm\u00e9diatement.<\/p>\n<p class=\"fig-premium-paywall__connect\">\n                D\u00e9j\u00e0 abonn\u00e9\u00a0?                <a class=\"fig-premium-paywall__connect-link\" href=\"https:\/\/connect.lefigaro.fr\/login?client=horizon_web&amp;type=main&amp;redirect_uri=https%3A%2F%2Fwww.lefigaro.fr%2Fpolitique%2Fun-mois-apres-son-arrivee-guillaume-larrive-quitte-la-direction-de-l-ofii-toute-ambition-de-reduction-de-l-immigration-est-abandonnee-20251016\" data-js-gtm=\"{&quot;customCategorie&quot;: &quot;conversion&quot;, &quot;customAction&quot;: &quot;before_Landing_Connexion_paywall_auto&quot;, &quot;customLabel&quot;: &quot;bGVmaWdhcm8uZnJfXzFmMGFhOWRlLThlMTItNjgyOC05NjIxLTM1NmJjZDQ5ZjlmZF9fQXJ0aWNsZQ==_Un mois apr\u00e8s sa nomination, Guillaume Larriv\u00e9 quitte la direction de l\u2019Ofii\u00a0: \u00abToute ambition de r\u00e9duction de l\u2019immigration est abandonn\u00e9e\u00bb_206&quot;, &quot;customIDSPE&quot;: &quot;bGVmaWdhcm8uZnJfXzFmMGFhOWRlLThlMTItNjgyOC05NjIxLTM1NmJjZDQ5ZjlmZF9fQXJ0aWNsZQ==&quot;, &quot;event&quot;: &quot;customEventSPE&quot;}\" rel=\"nofollow noopener\" target=\"_blank\"><br \/>\n                    Connectez-vous<br \/>\n                <\/a>\n            <\/p>\n","protected":false},"excerpt":{"rendered":"INFO LE FIGARO &#8211; L\u2019ancien parlementaire LR de l\u2019Yonne avait succ\u00e9d\u00e9 \u00e0 R\u00e9my Schwartz \u00e0 la t\u00eate du&hellip;\n","protected":false},"author":2,"featured_media":467826,"comment_status":"","ping_status":"","sticky":false,"template":"","format":"standard","meta":{"footnotes":""},"categories":[2],"tags":[11,1011,27,1061,12,25],"class_list":{"0":"post-467825","1":"post","2":"type-post","3":"status-publish","4":"format-standard","5":"has-post-thumbnail","7":"category-actualites","8":"tag-actualites","9":"tag-fr","10":"tag-france","11":"tag-immigration","12":"tag-news","13":"tag-republique-francaise"},"share_on_mastodon":{"url":"https:\/\/pubeurope.com\/@fr\/115384788258773723","error":""},"_links":{"self":[{"href":"https:\/\/www.europesays.com\/fr\/wp-json\/wp\/v2\/posts\/467825","targetHints":{"allow":["GET"]}}],"collection":[{"href":"https:\/\/www.europesays.com\/fr\/wp-json\/wp\/v2\/posts"}],"about":[{"href":"https:\/\/www.europesays.com\/fr\/wp-json\/wp\/v2\/types\/post"}],"author":[{"embeddable":true,"href":"https:\/\/www.europesays.com\/fr\/wp-json\/wp\/v2\/users\/2"}],"replies":[{"embeddable":true,"href":"https:\/\/www.europesays.com\/fr\/wp-json\/wp\/v2\/comments?post=467825"}],"version-history":[{"count":0,"href":"https:\/\/www.europesays.com\/fr\/wp-json\/wp\/v2\/posts\/467825\/revisions"}],"wp:featuredmedia":[{"embeddable":true,"href":"https:\/\/www.europesays.com\/fr\/wp-json\/wp\/v2\/media\/467826"}],"wp:attachment":[{"href":"https:\/\/www.europesays.com\/fr\/wp-json\/wp\/v2\/media?parent=467825"}],"wp:term":[{"taxonomy":"category","embeddable":true,"href":"https:\/\/www.europesays.com\/fr\/wp-json\/wp\/v2\/categories?post=467825"},{"taxonomy":"post_tag","embeddable":true,"href":"https:\/\/www.europesays.com\/fr\/wp-json\/wp\/v2\/tags?post=467825"}],"curies":[{"name":"wp","href":"https:\/\/api.w.org\/{rel}","templated":true}]}}