{"id":467833,"date":"2025-10-16T16:32:11","date_gmt":"2025-10-16T16:32:11","guid":{"rendered":"https:\/\/www.europesays.com\/fr\/467833\/"},"modified":"2025-10-16T16:32:11","modified_gmt":"2025-10-16T16:32:11","slug":"en-raison-de-problemes-physiques-lempechant-devoluer-a-son-meilleur-niveau-emma-raducanu-met-un-terme-a-sa-saison-lequipe","status":"publish","type":"post","link":"https:\/\/www.europesays.com\/fr\/467833\/","title":{"rendered":"En raison de probl\u00e8mes physiques l&#039;emp\u00eachant d&#039;\u00e9voluer \u00e0 son meilleur niveau, Emma Raducanu met un terme \u00e0 sa saison &#8211; L&#039;\u00c9quipe"},"content":{"rendered":"<ol>\n<li><a href=\"https:\/\/news.google.com\/rss\/articles\/CBMi9wFBVV95cUxNUTFTeF9RaHhzWFpNM3lIckozcHozOFZ2OUx2Rlh5S0FGYlV1UkdSWm03T3IyVm5JTVkxdzBJVEFiRS1BcjVxVWRyWUIxOG1lczQ4WmVKOFZqa19CUUJabXlyMXRzOC1VZGxkSDR3REVwMnVVMURVdXZVeHRNU3hMamJHNmItMjU0VVhLbGlUQUxGeHRiX0Y2WGhLYzRhWjlJeGdQVjlHNWdxWi1UZ2pXd2NQZ2t4UEhoRDdCeF8tdk5NN0RfZ0g3aHl2QVNqMVdTcWhmN2FkNXZRQUVJR05CRlZaajJrU09ScmVVWFpIaDhkeUxWU0FB?oc=5\" target=\"_blank\" rel=\"nofollow noopener\">En raison de probl\u00e8mes physiques l&#8217;emp\u00eachant d&rsquo;\u00e9voluer \u00e0 son meilleur niveau, Emma Raducanu met un terme \u00e0 sa saison<\/a>&nbsp;&nbsp;L&rsquo;\u00c9quipe<\/li>\n<li><a href=\"https:\/\/news.google.com\/rss\/articles\/CBMiqgFBVV95cUxQQ0tKSnZlWnQ3ZWw1ZWNWeEJoa00xdUpYWVRxS2NsenBMTTY5TWtacUJvMzhfY2d5Z05leUd0amZwVUY4dUdQemhJWWZEZkRiN0RoSjRNMnMtUGN5bTFzN29PdDZNSXpkUzBMZ2dVRExET2w1V1hGTUxSYXBYNE5XOE0wR0c4UXFmal9oOFp3cXdqdENKQlpQN1RxdXB6VWw4RlBxeUZTUVNZdw?oc=5\" target=\"_blank\" rel=\"nofollow noopener\">Tennis : Emma Raducanu met pr\u00e9matur\u00e9ment un terme \u00e0 sa saison<\/a>&nbsp;&nbsp;Le Figaro<\/li>\n<li><a href=\"https:\/\/news.google.com\/rss\/articles\/CBMirgFBVV95cUxOWDlPMUExZUh5Rm43WXFVMXI3V2w3YllLRlU4bmtuUmc0NnY1MkN6VWVDdUFBenFKNmxzendkRmNEVHUxOGhGU0pVSHlmaGdudkxSOW14WTVLQy01ZXo2dHRIUkg0SWdTb2R1aVFfdWg5dXhvaEdCb0RpNWNjeW54SEVKaWJMRGZLODlOR3NiUmNLWWhnTmlkZmtZanJiR3NuNHhNdEx2Mlp6RDdyR3c?oc=5\" target=\"_blank\" rel=\"nofollow noopener\">Ningbo &#8211; Raducanu prend la porte d\u00e8s le premier tour<\/a>&nbsp;&nbsp;Orange Actualit\u00e9s | Sports<\/li>\n<li><a href=\"https:\/\/news.google.com\/rss\/articles\/CBMihAFBVV95cUxPd3FpNjFxSmdyaGhlSzlZQ3NUMGp4OEVqUGd6dWZnT0taclZQTUZuYjRGd29FWGh6VDN4SHgydWxVOHNDQktjaE9PMS1kcXFHUVk1aDFLQUs2UkRDN29xZUMtWlBLWGZNaTN4ZDd2ZXdqd1JoanVuclVYMHRnOUJ1Tnlxdi0?oc=5\" target=\"_blank\" rel=\"nofollow noopener\">Raducanu, qui met fin \u00e0 sa saison, confirme que Roig sera toujours son entra\u00eeneur en 2026<\/a>&nbsp;&nbsp;Tennis Temple<\/li>\n<li><a href=\"https:\/\/news.google.com\/rss\/articles\/CBMimAFBVV95cUxOVndFYjIyczlUcUtLTi1kbmdnSlFCUldoTGpkTHdTdmZydHMyTGRIS09fM0ZHSTJaUTNyZ3M2LTdsSUhibnEwaTR3c3pSckl3RGtPMk16UXlCZE0zMHRrQUxjdUhuR28wZ19pWU1palFXM3JIT0ppbXlVWlJYYlN6TEpfbDlFV0l0NVFkcEJrRmpHeEFUU0kzaw?oc=5\" target=\"_blank\" rel=\"nofollow noopener\">Fin de saison pour Raducanu qui range les raquettes<\/a>&nbsp;&nbsp;Univers Tennis<\/li>\n<\/ol>\n","protected":false},"excerpt":{"rendered":"En raison de probl\u00e8mes physiques l&#8217;emp\u00eachant d&rsquo;\u00e9voluer \u00e0 son meilleur niveau, Emma Raducanu met un terme \u00e0 sa&hellip;\n","protected":false},"author":2,"featured_media":467834,"comment_status":"","ping_status":"","sticky":false,"template":"","format":"standard","meta":{"footnotes":""},"categories":[1415],"tags":[1011,27,60,1467],"class_list":{"0":"post-467833","1":"post","2":"type-post","3":"status-publish","4":"format-standard","5":"has-post-thumbnail","7":"category-tennis","8":"tag-fr","9":"tag-france","10":"tag-sports","11":"tag-tennis"},"share_on_mastodon":{"url":"https:\/\/pubeurope.com\/@fr\/115384807778738997","error":""},"_links":{"self":[{"href":"https:\/\/www.europesays.com\/fr\/wp-json\/wp\/v2\/posts\/467833","targetHints":{"allow":["GET"]}}],"collection":[{"href":"https:\/\/www.europesays.com\/fr\/wp-json\/wp\/v2\/posts"}],"about":[{"href":"https:\/\/www.europesays.com\/fr\/wp-json\/wp\/v2\/types\/post"}],"author":[{"embeddable":true,"href":"https:\/\/www.europesays.com\/fr\/wp-json\/wp\/v2\/users\/2"}],"replies":[{"embeddable":true,"href":"https:\/\/www.europesays.com\/fr\/wp-json\/wp\/v2\/comments?post=467833"}],"version-history":[{"count":0,"href":"https:\/\/www.europesays.com\/fr\/wp-json\/wp\/v2\/posts\/467833\/revisions"}],"wp:featuredmedia":[{"embeddable":true,"href":"https:\/\/www.europesays.com\/fr\/wp-json\/wp\/v2\/media\/467834"}],"wp:attachment":[{"href":"https:\/\/www.europesays.com\/fr\/wp-json\/wp\/v2\/media?parent=467833"}],"wp:term":[{"taxonomy":"category","embeddable":true,"href":"https:\/\/www.europesays.com\/fr\/wp-json\/wp\/v2\/categories?post=467833"},{"taxonomy":"post_tag","embeddable":true,"href":"https:\/\/www.europesays.com\/fr\/wp-json\/wp\/v2\/tags?post=467833"}],"curies":[{"name":"wp","href":"https:\/\/api.w.org\/{rel}","templated":true}]}}