{"id":467835,"date":"2025-10-16T16:34:12","date_gmt":"2025-10-16T16:34:12","guid":{"rendered":"https:\/\/www.europesays.com\/fr\/467835\/"},"modified":"2025-10-16T16:34:12","modified_gmt":"2025-10-16T16:34:12","slug":"cette-chute-a-completement-mis-un-terme-a-la-carriere-de-marquez-la-lourde-declaration-de-jorge-lorenzo","status":"publish","type":"post","link":"https:\/\/www.europesays.com\/fr\/467835\/","title":{"rendered":"\u201cCette chute a compl\u00e8tement mis un terme \u00e0 la carri\u00e8re de M\u00e1rquez\u201d, la lourde d\u00e9claration de Jorge Lorenzo"},"content":{"rendered":"<p>Dans les ann\u00e9es 2010, c\u2019\u00e9tait la moto la plus puissante du plateau. La Honda qui a connu Marc M\u00e1rquez et Jorge Lorenzo et a gagn\u00e9 6 titres de champion du monde de 2013 \u00e0 2019. Permettant \u00e0 lui tout seul de faire briller et dominer l\u2019\u00e9curie japonaise au sein de la cat\u00e9gorie MotoGP.\u00a0<\/p>\n<p><b>2020 l\u2019ann\u00e9e qui a tout fait basculer<\/b><\/p>\n<p>Mais \u00e0 Jerez en 2020 tout bascule, Marc M\u00e1rquez chute lourdement. Suite \u00e0 \u00e7a plusieurs blessures, et s\u2019en suivent plusieurs op\u00e9rations. Le pilote espagnol, d\u00e9cidant de faire un retour anticip\u00e9 dans la cat\u00e9gorie reine, se blesse encore plus. Un encha\u00eenement de chutes et de d\u00e9sespoir qui ont travers\u00e9 l\u2019esprit de Marc Marquez avec l\u2019envie d\u2019arr\u00eater sa carri\u00e8re. Apr\u00e8s cela, l\u2019\u00e9quipe Honda l&rsquo;arr\u00eat de leur r\u00e9f\u00e9rence Marc M\u00e1rquez, l\u2019\u00e9quipe Honda a arr\u00eat\u00e9 ses progr\u00e8s.\u00a0<\/p>\n<p>Un coup dur pour la machine dominante de l\u2019\u00e9quipe selon le champion du monde Jorge Lorenzo. \u201cUn coup de malchance peut changer le cours d\u2019une vie. Et cette chute \u00e0 Jerez en 2020 a compl\u00e8tement mis un terme \u00e0 la carri\u00e8re de Marquez, car je suis s\u00fbr que s\u2019il avait remport\u00e9 un autre titre mondial, il aurait \u00e9t\u00e9 encore bien sup\u00e9rieur aux autres.\u201d explique-t-il via des propos relay\u00e9s par <a href=\"https:\/\/www.paddock-gp.com\/motogp-jorge-lorenzo-est-convaincu-sans-la-blessure-de-marc-marquez-honda-dominerait-toujours\/\" target=\"_blank\" rel=\"noopener\">paddock-gp<\/a>. L\u2019Espagnol a \u00e9galement dit que sans cette blessure, Honda aurait continu\u00e9 \u00e0 progresser. \u201cS\u2019il \u00e9tait rest\u00e9 actif, il aurait aid\u00e9 les ing\u00e9nieurs \u00e0 am\u00e9liorer chaque d\u00e9tail. L\u2019absence de Marquez pendant deux ans a fait perdre du terrain \u00e0 Honda.\u201d conclut-il.<\/p>\n<p>D\u00e9sormais ce sont Luca Marini et Joan Mir qui portent les couleurs d\u2019Honda et qui aident l\u2019\u00e9curie japonaise \u00e0 rena\u00eetre de ses cendres.\u00a0<\/p>\n<p>    Partagez cette info avec vos amis et vos proches en cliquant ici  <\/p>\n<p> Podcasts \u00e0 la une MEN LIFE <\/p>\n<p>    Pour r\u00e9sumer<\/p>\n<p>Dans les ann\u00e9es 2010, la moto japonaise Honda, \u00e9tait la moto la plus dominante avec Marc M\u00e1rquez et Jorge Lorenzo au guidon, jusqu&rsquo;en 2020 o\u00f9 une chute \u00e0 tout fait basculer. Une chute qui a \u00e9t\u00e9 la descente aux enfers pour l&rsquo;\u00e9curie japonaise.<\/p>\n<p>R\u00e9dacteur<\/p>\n<p><img decoding=\"async\" width=\"76\" height=\"76\" loading=\"lazy\" src=\"https:\/\/www.europesays.com\/fr\/wp-content\/uploads\/2025\/04\/avatar-sport-am.png\" alt=\"Cylia Espiau\"\/><\/p>\n","protected":false},"excerpt":{"rendered":"Dans les ann\u00e9es 2010, c\u2019\u00e9tait la moto la plus puissante du plateau. La Honda qui a connu Marc&hellip;\n","protected":false},"author":2,"featured_media":467836,"comment_status":"","ping_status":"","sticky":false,"template":"","format":"standard","meta":{"footnotes":""},"categories":[1413],"tags":[1011,27,1457,1456,60],"class_list":{"0":"post-467835","1":"post","2":"type-post","3":"status-publish","4":"format-standard","5":"has-post-thumbnail","7":"category-moto","8":"tag-fr","9":"tag-france","10":"tag-moto","11":"tag-motocycle","12":"tag-sports"},"share_on_mastodon":{"url":"https:\/\/pubeurope.com\/@fr\/115384816605971499","error":""},"_links":{"self":[{"href":"https:\/\/www.europesays.com\/fr\/wp-json\/wp\/v2\/posts\/467835","targetHints":{"allow":["GET"]}}],"collection":[{"href":"https:\/\/www.europesays.com\/fr\/wp-json\/wp\/v2\/posts"}],"about":[{"href":"https:\/\/www.europesays.com\/fr\/wp-json\/wp\/v2\/types\/post"}],"author":[{"embeddable":true,"href":"https:\/\/www.europesays.com\/fr\/wp-json\/wp\/v2\/users\/2"}],"replies":[{"embeddable":true,"href":"https:\/\/www.europesays.com\/fr\/wp-json\/wp\/v2\/comments?post=467835"}],"version-history":[{"count":0,"href":"https:\/\/www.europesays.com\/fr\/wp-json\/wp\/v2\/posts\/467835\/revisions"}],"wp:featuredmedia":[{"embeddable":true,"href":"https:\/\/www.europesays.com\/fr\/wp-json\/wp\/v2\/media\/467836"}],"wp:attachment":[{"href":"https:\/\/www.europesays.com\/fr\/wp-json\/wp\/v2\/media?parent=467835"}],"wp:term":[{"taxonomy":"category","embeddable":true,"href":"https:\/\/www.europesays.com\/fr\/wp-json\/wp\/v2\/categories?post=467835"},{"taxonomy":"post_tag","embeddable":true,"href":"https:\/\/www.europesays.com\/fr\/wp-json\/wp\/v2\/tags?post=467835"}],"curies":[{"name":"wp","href":"https:\/\/api.w.org\/{rel}","templated":true}]}}