{"id":467837,"date":"2025-10-16T16:35:12","date_gmt":"2025-10-16T16:35:12","guid":{"rendered":"https:\/\/www.europesays.com\/fr\/467837\/"},"modified":"2025-10-16T16:35:12","modified_gmt":"2025-10-16T16:35:12","slug":"le-duel-fratricide-continue-en-f1-chez-mclaren","status":"publish","type":"post","link":"https:\/\/www.europesays.com\/fr\/467837\/","title":{"rendered":"le duel fratricide continue en F1 chez McLaren"},"content":{"rendered":"<p>Le sprint final est lanc\u00e9\u00a0! Les deux pilotes McLaren, Oscar Piastri et Lando Norris, vont poursuivre leur duel fratricide pour le titre mondial de Formule\u00a01 ce week-end au Grand Prix des \u00c9tats-Unis, 19e\u00a0manche sur 24 de la saison. Deux semaines apr\u00e8s le contact entre les deux hommes au d\u00e9part du GP de Singapour, quand Norris avait forc\u00e9 le passage face \u00e0 Piastri, le comportement des deux hommes sera scrut\u00e9 de pr\u00e8s, d\u2019autant que l\u2019\u00e9preuve texane sera marqu\u00e9e par deux courses puisque le quatri\u00e8me des six sprints de la saison est programm\u00e9 samedi.<\/p>\n<p>L\u2019Australien, qui n\u2019avait pas cach\u00e9 sa col\u00e8re \u00e0\u00a0la radio apr\u00e8s que l\u2019Anglais l\u2019avait d\u00e9pass\u00e9 de mani\u00e8re \u00ab\u00a0pas tr\u00e8s fair-play\u00a0\u00bb selon lui, poss\u00e8de encore vingt-deux longueurs d\u2019avance sur son voisin de garage et tentera de reprendre le dessus apr\u00e8s avoir \u00e9t\u00e9 battu trois fois de suite par le vice-champion du monde 2024. \u00ab\u00a0J\u2019ai h\u00e2te de retrouver la piste sur le Circuit des Am\u00e9riques, d\u2019autant plus qu\u2019il y a un sprint ce week-end, a d\u00e9clar\u00e9 Piastri. L\u2019objectif sera de remporter le maximum de points \u00e0 chaque course. Le trac\u00e9 est vraiment cool et permet de belles bagarres donc le week-end devrait \u00eatre sympa.\u00a0\u00bb<\/p>\n<p>Verstappen et Russell en arbitres<\/p>\n<p>\u00ab\u00a0J\u2019adore venir ici car les supporteurs mettent toujours une ambiance incroyable, a ajout\u00e9 Norris. Le trac\u00e9 est tr\u00e8s agr\u00e9able et offre des opportunit\u00e9s de d\u00e9passement donc je suis tr\u00e8s enthousiaste \u00e0 l\u2019id\u00e9e de venir piloter ici.\u00a0\u00bb McLaren, qui arrive \u00e0 Austin avec le titre des constructeurs en poche, a toutefois vu sa domination s\u2019effriter ces derni\u00e8res semaines puisque l\u2019\u00e9curie anglaise n\u2019a remport\u00e9 aucune des trois derni\u00e8res courses, une premi\u00e8re cette saison.<\/p>\n<p>Le quadruple champion du monde Max Verstappen, vainqueur \u00e0 Monza et Bakou puis deuxi\u00e8me \u00e0 Singapour, devrait une nouvelle fois jouer le r\u00f4le d\u2019arbitre du duel Piastri\u00a0&#8211; Norris au volant de sa Red Bull, puisqu\u2019il compte soixante-sept points de retard sur l\u2019Australien et ne semble plus en mesure de se m\u00ealer \u00e0 la bagarre pour le titre. \u00ab\u00a0Nous avons encore progress\u00e9 \u00e0 Singapour. On reste sur une s\u00e9rie de courses tr\u00e8s solides et on veut poursuivre sur cette lanc\u00e9e donc j\u2019esp\u00e8re qu\u2019on pourra encore s\u2019am\u00e9liorer ce week-end\u00a0\u00bb, a soulign\u00e9 le N\u00e9erlandais. George Russell, <a target=\"_blank\" href=\"https:\/\/www.lanouvellerepublique.fr\/sports\/formule-1-george-russell-s-impose-a-singapour-devant-max-verstappen-mclaren-titree-1759680997\" rel=\"nofollow noopener\">vainqueur \u00e0 Marina Bay<\/a> et deuxi\u00e8me \u00e0 Bakou, pourrait aussi jouer les trouble-f\u00eates. Le Britannique se pr\u00e9sentera au Texas avec le moral regonfl\u00e9 \u00e0 bloc par ses r\u00e9centes performances et l\u2019esprit tranquille apr\u00e8s avoir enfin prolong\u00e9 son contrat avec Mercedes pour 2026.<\/p>\n<p>Une fois n\u2019est pas coutume, les pilotes n\u2019auront qu\u2019une seule s\u00e9ance d\u2019essais libres pour peaufiner les r\u00e9glages de leur monoplace, ce vendredi midi, puisqu\u2019ils devront ensuite disputer les qualifications du sprint quelques heures plus tard. Cela ne devrait pas favoriser les \u00e9curies dont les voitures sont tr\u00e8s irr\u00e9guli\u00e8res, comme la Haas d\u2019Esteban Ocon et l\u2019Alpine de Pierre Gasly. Isack Hadjar, le troisi\u00e8me Fran\u00e7ais, aura en revanche un coup \u00e0 jouer avec sa Racing Bulls et pourra continuer de prouver qu\u2019il a les \u00e9paules pour rejoindre Red Bull et devenir le co\u00e9quipier de Verstappen l\u2019an prochain.<\/p>\n<p>Ce vendredi 17\u00a0octobre, qualifs sprint \u00e0 23\u00a0h\u00a015, sur Canal+\u00a0Sport. Samedi 18\u00a0octobre, sprint \u00e0 18\u00a0h\u00a045 et qualifs \u00e0 22\u00a0h\u00a040, sur Canal+\u00a0Sport. Dimanche 19\u00a0octobre, course \u00e0 21\u00a0h, sur Canal+\u00a0Sport 360.<\/p>\n","protected":false},"excerpt":{"rendered":"Le sprint final est lanc\u00e9\u00a0! Les deux pilotes McLaren, Oscar Piastri et Lando Norris, vont poursuivre leur duel&hellip;\n","protected":false},"author":2,"featured_media":467838,"comment_status":"","ping_status":"","sticky":false,"template":"","format":"standard","meta":{"footnotes":""},"categories":[1412],"tags":[646,1451,1452,1453,1454,1455,1011,27,74,60],"class_list":{"0":"post-467837","1":"post","2":"type-post","3":"status-publish","4":"format-standard","5":"has-post-thumbnail","7":"category-f1","8":"tag-automobile","9":"tag-f1","10":"tag-formula-1","11":"tag-formula1","12":"tag-formule-1","13":"tag-formule1","14":"tag-fr","15":"tag-france","16":"tag-monde","17":"tag-sports"},"share_on_mastodon":{"url":"https:\/\/pubeurope.com\/@fr\/115384819704006025","error":""},"_links":{"self":[{"href":"https:\/\/www.europesays.com\/fr\/wp-json\/wp\/v2\/posts\/467837","targetHints":{"allow":["GET"]}}],"collection":[{"href":"https:\/\/www.europesays.com\/fr\/wp-json\/wp\/v2\/posts"}],"about":[{"href":"https:\/\/www.europesays.com\/fr\/wp-json\/wp\/v2\/types\/post"}],"author":[{"embeddable":true,"href":"https:\/\/www.europesays.com\/fr\/wp-json\/wp\/v2\/users\/2"}],"replies":[{"embeddable":true,"href":"https:\/\/www.europesays.com\/fr\/wp-json\/wp\/v2\/comments?post=467837"}],"version-history":[{"count":0,"href":"https:\/\/www.europesays.com\/fr\/wp-json\/wp\/v2\/posts\/467837\/revisions"}],"wp:featuredmedia":[{"embeddable":true,"href":"https:\/\/www.europesays.com\/fr\/wp-json\/wp\/v2\/media\/467838"}],"wp:attachment":[{"href":"https:\/\/www.europesays.com\/fr\/wp-json\/wp\/v2\/media?parent=467837"}],"wp:term":[{"taxonomy":"category","embeddable":true,"href":"https:\/\/www.europesays.com\/fr\/wp-json\/wp\/v2\/categories?post=467837"},{"taxonomy":"post_tag","embeddable":true,"href":"https:\/\/www.europesays.com\/fr\/wp-json\/wp\/v2\/tags?post=467837"}],"curies":[{"name":"wp","href":"https:\/\/api.w.org\/{rel}","templated":true}]}}