{"id":467839,"date":"2025-10-16T16:36:16","date_gmt":"2025-10-16T16:36:16","guid":{"rendered":"https:\/\/www.europesays.com\/fr\/467839\/"},"modified":"2025-10-16T16:36:16","modified_gmt":"2025-10-16T16:36:16","slug":"mathieu-burgaudeau-prolonge-son-bail-actualite","status":"publish","type":"post","link":"https:\/\/www.europesays.com\/fr\/467839\/","title":{"rendered":"Mathieu Burgaudeau prolonge son bail &#8211; Actualit\u00e9"},"content":{"rendered":"<p style=\"text-align: justify;\">Mathieu Burgaudeau va poursuivre son aventure avec TotalEnergies. La structure de Jean-Ren\u00e9 Bernaudeau a prolong\u00e9 son contrat, marquant ainsi sa huiti\u00e8me saison au sein de la ProTeam.<\/p>\n<p><strong><a href=\"https:\/\/www.directvelo.com\/coureur\/14131\/mathieu-burgaudeau\" target=\"_blank\" rel=\"noopener\">Mathieu Burgaudeau<\/a><\/strong>, 26 ans, a termin\u00e9 8e d&rsquo;une \u00e9tape du Tour de France, 9e d&rsquo;une \u00e9tape du Tour de Luxembourg et d&rsquo;une \u00e9tape du CIC Tour de la Provence, ou encore 10e de la Classic Var et 11e de la Faun Dr\u00f4me Classic.<\/p>\n<p>L&rsquo;ancien soci\u00e9taire du Vend\u00e9e U a d\u00e9j\u00e0 d\u00e9croch\u00e9 cinq succ\u00e8s chez les pros : une \u00e9tape de Paris-Nice 2022, une \u00e9tape du Tour du Limousin 2024 mais aussi deux \u00e9tapes du Tour d&rsquo;Istanbul 2024, avec le classement g\u00e9n\u00e9ral.<\/p>\n","protected":false},"excerpt":{"rendered":"Mathieu Burgaudeau va poursuivre son aventure avec TotalEnergies. La structure de Jean-Ren\u00e9 Bernaudeau a prolong\u00e9 son contrat, marquant&hellip;\n","protected":false},"author":2,"featured_media":467840,"comment_status":"","ping_status":"","sticky":false,"template":"","format":"standard","meta":{"footnotes":""},"categories":[1411],"tags":[834,828,836,829,837,827,83,826,824,823,1154,207,814,817,815,816,822,821,832,211,839,1011,27,820,818,819,835,831,830,833,838,60,212,208,825],"class_list":{"0":"post-467839","1":"post","2":"type-post","3":"status-publish","4":"format-standard","5":"has-post-thumbnail","7":"category-cyclisme","8":"tag-attaque","9":"tag-belgique","10":"tag-braquet","11":"tag-bretagne","12":"tag-chute","13":"tag-competition","14":"tag-coupe-de-france","15":"tag-coureur","16":"tag-course-cyclisme","17":"tag-course-cycliste","18":"tag-cycling","19":"tag-cyclisme","20":"tag-direct","21":"tag-direct-velo","22":"tag-directvelo","23":"tag-directvelo-com","24":"tag-epreuve","25":"tag-epreuve-cycliste","26":"tag-federation-francaise-de-cyclisme","27":"tag-ffc","28":"tag-flandres","29":"tag-fr","30":"tag-france","31":"tag-live","32":"tag-live-course","33":"tag-live-epreuve","34":"tag-peloton","35":"tag-radio-peloton","36":"tag-radio-tour","37":"tag-ravitaillement","38":"tag-relance","39":"tag-sports","40":"tag-uci","41":"tag-velo","42":"tag-velos"},"share_on_mastodon":{"url":"https:\/\/pubeurope.com\/@fr\/115384823588430014","error":""},"_links":{"self":[{"href":"https:\/\/www.europesays.com\/fr\/wp-json\/wp\/v2\/posts\/467839","targetHints":{"allow":["GET"]}}],"collection":[{"href":"https:\/\/www.europesays.com\/fr\/wp-json\/wp\/v2\/posts"}],"about":[{"href":"https:\/\/www.europesays.com\/fr\/wp-json\/wp\/v2\/types\/post"}],"author":[{"embeddable":true,"href":"https:\/\/www.europesays.com\/fr\/wp-json\/wp\/v2\/users\/2"}],"replies":[{"embeddable":true,"href":"https:\/\/www.europesays.com\/fr\/wp-json\/wp\/v2\/comments?post=467839"}],"version-history":[{"count":0,"href":"https:\/\/www.europesays.com\/fr\/wp-json\/wp\/v2\/posts\/467839\/revisions"}],"wp:featuredmedia":[{"embeddable":true,"href":"https:\/\/www.europesays.com\/fr\/wp-json\/wp\/v2\/media\/467840"}],"wp:attachment":[{"href":"https:\/\/www.europesays.com\/fr\/wp-json\/wp\/v2\/media?parent=467839"}],"wp:term":[{"taxonomy":"category","embeddable":true,"href":"https:\/\/www.europesays.com\/fr\/wp-json\/wp\/v2\/categories?post=467839"},{"taxonomy":"post_tag","embeddable":true,"href":"https:\/\/www.europesays.com\/fr\/wp-json\/wp\/v2\/tags?post=467839"}],"curies":[{"name":"wp","href":"https:\/\/api.w.org\/{rel}","templated":true}]}}