{"id":467843,"date":"2025-10-16T16:38:11","date_gmt":"2025-10-16T16:38:11","guid":{"rendered":"https:\/\/www.europesays.com\/fr\/467843\/"},"modified":"2025-10-16T16:38:11","modified_gmt":"2025-10-16T16:38:11","slug":"gros-coup-dur-pour-jean-michel-aphatie-cet-echec-cuisant-qui-fait-le-bonheur-de-cyril-hanouna","status":"publish","type":"post","link":"https:\/\/www.europesays.com\/fr\/467843\/","title":{"rendered":"Gros coup dur pour Jean-Michel Aphatie : cet \u00e9chec cuisant qui fait le bonheur de Cyril Hanouna"},"content":{"rendered":"<p>Sorti le 18 septembre 2025 aux \u00e9ditions <a href=\"https:\/\/www.closermag.fr\/people\/humilie-insulte-menace-jean-michel-aphatie-en-a-plein-la-bouche-sur-cyril-hanouna-3582632\" target=\"_blank\" rel=\"noopener\"><br \/>\nRobert Laffont<\/a>, T\u2019es une merde fr\u00e8re, Sign\u00e9 Hanouna se<br \/>\nvoulait une enqu\u00eate sur \u201ccelui qui a cr\u00e9\u00e9 la Trump t\u00e9l\u00e9<br \/>\nfran\u00e7aise\u201d par <a href=\"https:\/\/www.closermag.fr\/people\/humilie-insulte-menace-jean-michel-aphatie-en-a-plein-la-bouche-sur-cyril-hanouna-3582632\" target=\"_blank\" rel=\"noopener\"><br \/>\nJean-Michel Aphatie<\/a>. Mais selon W9, l\u2019ouvrage se serait tr\u00e8s<br \/>\nmal vendu. Une s\u00e9quence diffus\u00e9e dans Tout Beau Tout N9uf,<br \/>\nla nouvelle \u00e9mission de <a href=\"https:\/\/www.closermag.fr\/people\/humilie-insulte-menace-jean-michel-aphatie-en-a-plein-la-bouche-sur-cyril-hanouna-3582632\" target=\"_blank\" rel=\"noopener\"><br \/>\nCyril Hanouna<\/a>, n\u2019a pas manqu\u00e9 de s\u2019en moquer ouvertement.<\/p>\n<p>Pendant la rubrique \u201cLes Darkas\u201d, l\u2019animateur a lanc\u00e9 : \u201cMon<br \/>\nami <a href=\"https:\/\/www.closermag.fr\/people\/cauet-accuse-de-viol-cyril-hanouna-debarque-dans-les-accusations-3559497\" target=\"_blank\" rel=\"noopener\"><br \/>\nCauet<\/a>, il s\u2019est pay\u00e9 Jean-Michel Apathie en<br \/>\nchansons, parce qu\u2019en fait, vous avez vu que Jean-Michel Apathie a<br \/>\nvendu tr\u00e8s peu de livres.\u201d Une chroniqueuse a aussit\u00f4t pr\u00e9cis\u00e9<br \/>\n: \u201cMoins de 2000.\u201d Sur le plateau, la s\u00e9quence de Cauet a<br \/>\nensuite \u00e9t\u00e9 diffus\u00e9e, o\u00f9 un de ses collaborateurs chantait :<br \/>\n\u201cIl pensait faire une grosse darka, il a fait un livre qui se<br \/>\nvend pas, Apathie, ton livre, c\u2019est de la de-mer.\u201d Une pique<br \/>\nmusicale qui a fait rire Cyril Hanouna. \u201cBravo \u00e0 toute<br \/>\nl\u2019\u00e9quipe. Il est excellent, tr\u00e8s dr\u00f4le toute cette \u00e9quipe.\u201d,<br \/>\na-t-il comment\u00e9.<\/p>\n<p>\u201cIl me fracasse pas\u201d<\/p>\n<p>Quelques jours plus t\u00f4t, Jean-Michel Aphatie avait multipli\u00e9 les<br \/>\ncritiques contre l\u2019acien animateur de <a href=\"https:\/\/www.closermag.fr\/people\/cyril-hanouna-a-quoi-ressemble-sa-magnifique-maison-de-saint-tropez-3460760\" target=\"_blank\" rel=\"noopener\"><br \/>\nTouche Pas \u00c0 Mon Post<\/a>. Invit\u00e9 sur Sud Radio, il avait d\u00e9nonc\u00e9<br \/>\n\u201cun animateur de t\u00e9l\u00e9vision imp\u00e9rialiste\u201d qui, selon lui,<br \/>\n\u201ca pris des positions politiques\u201d. Malgr\u00e9 le ton s\u00e9v\u00e8re de<br \/>\nson livre, il avait toutefois reconnu \u00e0 son sujet : \u201cIl a de<br \/>\nl\u2019instinct, il a une ma\u00eetrise de l\u2019antenne, il a une pr\u00e9sence, un<br \/>\ncertain charisme.\u201d<\/p>\n<p>Cyril Hanouna, fid\u00e8le \u00e0 son sens de la d\u00e9rision, a pr\u00e9f\u00e9r\u00e9 en<br \/>\nrire. \u201cAh, vous avez vu Jean-Michel Apathie comme il a \u00e9t\u00e9<br \/>\nsympa avec moi ? Il a dit que du bien de moi. Je suis \u00e0 deux doigts<br \/>\nd\u2019\u00e9crire un livre sur lui.\u201d, a-t-il lanc\u00e9 dans son \u00e9mission<br \/>\navec humour. Autour de la table, Matthieu Delormeau s\u2019est interrog\u00e9<br \/>\n: \u201cMais pourquoi il \u00e9crit un bouquin, en fait ? Je comprends<br \/>\npas tr\u00e8s bien.\u201d<\/p>\n<p>Un flop qui amuse le PAF<\/p>\n<p>Pour Gilles Verdez, le manque de succ\u00e8s du livre serait<br \/>\npeut-\u00eatre la raison de cette surm\u00e9diatisation. \u201cLe livre n\u2019est<br \/>\npas un succ\u00e8s immense donc [Jean-Michel Aphatie] essaye de capter<br \/>\nmaintenant ceux qui aiment bien Hanouna.\u201d Une analyse qui a<br \/>\nsembl\u00e9 faire sourire l\u2019animateur.<\/p>\n<p>Ce revers litt\u00e9raire pourrait laisser un go\u00fbt amer \u00e0 Jean-Michel<br \/>\nAphatie, connu pour son franc-parler. Mais sur le plateau de W9,<br \/>\nCyril Hanouna s\u2019en est r\u00e9joui sans se retenir. Un nouveau chapitre<br \/>\ndans la relation tumultueuse entre les deux hommes du PAF, qui<br \/>\nn\u2019ont pas fini de se r\u00e9pondre, chacun \u00e0 leur mani\u00e8re.<\/p>\n","protected":false},"excerpt":{"rendered":"Sorti le 18 septembre 2025 aux \u00e9ditions Robert Laffont, T\u2019es une merde fr\u00e8re, Sign\u00e9 Hanouna se voulait une&hellip;\n","protected":false},"author":2,"featured_media":467844,"comment_status":"","ping_status":"","sticky":false,"template":"","format":"standard","meta":{"footnotes":""},"categories":[1359],"tags":[1083,58,59,1011,27,6977,973,2395],"class_list":{"0":"post-467843","1":"post","2":"type-post","3":"status-publish","4":"format-standard","5":"has-post-thumbnail","7":"category-people","8":"tag-cyril-hanouna","9":"tag-divertissement","10":"tag-entertainment","11":"tag-fr","12":"tag-france","13":"tag-jean-michel-apathie","14":"tag-people","15":"tag-w9"},"share_on_mastodon":{"url":"https:\/\/pubeurope.com\/@fr\/115384831441287931","error":""},"_links":{"self":[{"href":"https:\/\/www.europesays.com\/fr\/wp-json\/wp\/v2\/posts\/467843","targetHints":{"allow":["GET"]}}],"collection":[{"href":"https:\/\/www.europesays.com\/fr\/wp-json\/wp\/v2\/posts"}],"about":[{"href":"https:\/\/www.europesays.com\/fr\/wp-json\/wp\/v2\/types\/post"}],"author":[{"embeddable":true,"href":"https:\/\/www.europesays.com\/fr\/wp-json\/wp\/v2\/users\/2"}],"replies":[{"embeddable":true,"href":"https:\/\/www.europesays.com\/fr\/wp-json\/wp\/v2\/comments?post=467843"}],"version-history":[{"count":0,"href":"https:\/\/www.europesays.com\/fr\/wp-json\/wp\/v2\/posts\/467843\/revisions"}],"wp:featuredmedia":[{"embeddable":true,"href":"https:\/\/www.europesays.com\/fr\/wp-json\/wp\/v2\/media\/467844"}],"wp:attachment":[{"href":"https:\/\/www.europesays.com\/fr\/wp-json\/wp\/v2\/media?parent=467843"}],"wp:term":[{"taxonomy":"category","embeddable":true,"href":"https:\/\/www.europesays.com\/fr\/wp-json\/wp\/v2\/categories?post=467843"},{"taxonomy":"post_tag","embeddable":true,"href":"https:\/\/www.europesays.com\/fr\/wp-json\/wp\/v2\/tags?post=467843"}],"curies":[{"name":"wp","href":"https:\/\/api.w.org\/{rel}","templated":true}]}}