{"id":467845,"date":"2025-10-16T16:39:11","date_gmt":"2025-10-16T16:39:11","guid":{"rendered":"https:\/\/www.europesays.com\/fr\/467845\/"},"modified":"2025-10-16T16:39:11","modified_gmt":"2025-10-16T16:39:11","slug":"hyene-brune-dans-une-ville-fantome-caracal-chasseur-rainettes-espiegles-voici-les-laureats-du-wildlife-photographer-of-the-year-2025","status":"publish","type":"post","link":"https:\/\/www.europesays.com\/fr\/467845\/","title":{"rendered":"Hy\u00e8ne brune dans une ville fant\u00f4me, caracal chasseur, rainettes espi\u00e8gles\u2026 voici les laur\u00e9ats du Wildlife Photographer of the Year 2025"},"content":{"rendered":"<p>\n    Le c\u00e9l\u00e8bre concours de photographies, d\u00e9cern\u00e9 par le Mus\u00e9e d\u2019histoire naturelle de Londres, a annonc\u00e9 les vainqueurs. Voici les clich\u00e9s r\u00e9compens\u00e9s dans les diff\u00e9rentes cat\u00e9gories.<\/p>\n<p class=\"fig-paragraph\">Le\u00a0<a href=\"http:\/\/www.lefigaro.fr\/animaux\/loups-arctiques-curieux-guepards-en-plein-repas-les-premiers-cliches-du-wildlife-photographer-of-the-year-2025-ont-ete-reveles-20250827\" data-fig-type=\"Article\" data-gtm-custom-categorie=\"navigation\" data-gtm-custom-action=\"crossclick\" data-gtm-custom-label=\"Contextuel\" data-gtm-event=\"customEventSPE\" data-fig-domain=\"LEFIGARO\" target=\"_blank\" rel=\"noopener\">Wildlife Photographer of the Year<\/a>, organis\u00e9 par le Mus\u00e9e d\u2019histoire naturelle de Londres, a r\u00e9v\u00e9l\u00e9 les vainqueurs de l\u2019\u00e9dition 2025 ce 14 octobre lors d\u2019une c\u00e9r\u00e9monie. Le prestigieux concours photographique a re\u00e7u 60.636 candidatures, en provenance de 113 pays.<\/p>\n<p class=\"fig-paragraph\">Le prix du photographe animalier de l\u2019ann\u00e9e 2025 du 61 e concours a \u00e9t\u00e9 remis \u00e0 Wim van den Heever. Son clich\u00e9 intitul\u00e9 \u00abGhost Town Visitor\u00bb (Visiteur de la ville fant\u00f4me) a \u00e9t\u00e9 pris \u00e0 l\u2019aide des pi\u00e8ges photographiques. Il immortalise une hy\u00e8ne brune dans les vestiges d\u2019une ville mini\u00e8re diamantif\u00e8re abandonn\u00e9e \u00e0 Kolmanskop, en Namibie. Cette esp\u00e8ce animale est la plus rare au monde. Les hy\u00e8nes brunes sont des\u00a0<a href=\"http:\/\/www.lefigaro.fr\/animaux\/ces-animaux-qui-preferent-une-vie-solitaire-20250216\" data-fig-type=\"Article\" data-gtm-custom-categorie=\"navigation\" data-gtm-custom-action=\"crossclick\" data-gtm-custom-label=\"Contextuel\" data-gtm-event=\"customEventSPE\" data-fig-domain=\"LEFIGARO\" target=\"_blank\" rel=\"noopener\">animaux solitaires<\/a>\u00a0et nocturnes. 10 ann\u00e9es ont \u00e9t\u00e9 n\u00e9cessaires au photographe animalier sud-africain pour obtenir cette image unique\u00a0!<\/p>\n<p>                                    <a class=\"fig-a11y-skip a11y-hidden\" href=\"#fig-a11y-skip-main-inarticle\"><br \/>\n        Passer la publicit\u00e9<br \/>\n    <\/a><\/p>\n<p class=\"fig-paragraph\">Selon Akanksha Sood Singh, membre du jury\u00a0: \u00abCette image est une juxtaposition inqui\u00e9tante de la nature sauvage qui reprend ses droits sur la civilisation humaine. Elle est \u00e0 la fois obs\u00e9dante et fascinante, car la hy\u00e8ne solitaire occupe le devant de la sc\u00e8ne, symbole de r\u00e9silience au milieu de la d\u00e9cadence. Cette photo raconte une histoire \u00e0 plusieurs niveaux, celle de la perte, de la r\u00e9silience et du triomphe silencieux du monde naturel, ce qui en fait une \u0153uvre inoubliable de la\u00a0<a href=\"http:\/\/www.lefigaro.fr\/animaux\/7-conseils-pour-photographier-les-animaux-sauvages-20250114\" data-fig-type=\"Article\" data-gtm-custom-categorie=\"navigation\" data-gtm-custom-action=\"crossclick\" data-gtm-custom-label=\"Contextuel\" data-gtm-event=\"customEventSPE\" data-fig-domain=\"LEFIGARO\" target=\"_blank\" rel=\"noopener\">photographie animali\u00e8re<\/a> \u00a0et de conservation.\u00bb<\/p>\n<p>    \u00abGhost Town Visitor\u00bb de Wim van den Heever.<br \/>\n                Wim van den Heever \/ Wildlife Photographer of the Year<\/p>\n<p>Prix du jeune photographe animalier de 2025<\/p>\n<p class=\"fig-paragraph\">Le prix destin\u00e9s aux photographes animaliers \u00e2g\u00e9s de 17 ans et moins a \u00e9t\u00e9 d\u00e9cern\u00e9 au jeune italien Andrea Dominizi, pour sa photo intitul\u00e9e \u00abAfter the Destruction\u00bb (Apr\u00e8s la destruction). Elle met en sc\u00e8ne la perte de la perte d\u2019habitat, avec un longicorne dans les montagnes Lepini, en Italie. Les col\u00e9opt\u00e8res creusent des galeries dans le bois mort mais celui-ci se d\u00e9compose avec l\u2019infiltration des champignons.<\/p>\n<p class=\"fig-paragraph\">\u00abUne image aussi riche en d\u00e9tails qu\u2019en narration et en importance, a d\u00e9clar\u00e9 le jur\u00e9 du concours Andy Parkinson. Cette photographie, \u00e0 la fois captivante et poignante, incite le spectateur \u00e0 r\u00e9fl\u00e9chir \u00e0 la nature de cette relation tendue. J\u2019esp\u00e8re que cette image, si belle et si bien compos\u00e9e, stimulera la conversation, la discussion et l\u2019acceptation du fait que nous devons nous \u00e9carter de notre voie actuelle, car ce n\u2019est pas seulement notre propre avenir que nous mettons en p\u00e9ril.\u00bb<\/p>\n<p>    \u00abAfter the Destruction\u00bb du jeune photographe Andrea Dominizi.<br \/>\n                Andrea Dominizi \/ Wildlife Photographer of the Year<\/p>\n<p>Autres r\u00e9compenses attribu\u00e9es<\/p>\n<ul class=\"fig-list\">\n<li>Jamie Smart (Royaume-Uni) dans la cat\u00e9gorie 10 ans et moins<\/li>\n<li>Lubin Godin (France) dans la cat\u00e9gorie 11-14 ans<\/li>\n<li>Shane Gross (Canada) dans la cat\u00e9gorie \u00abAnimaux dans leur environnement\u00bb<\/li>\n<li>Philipp Egger (Italie) dans la cat\u00e9gorie \u00abPortraits d\u2019animaux\u00bb<\/li>\n<li>Qingrong Yang (Chine) dans la cat\u00e9gorie \u00abComportement\u00a0: oiseaux\u00bb<\/li>\n<li>Dennis Stogsdill (\u00c9tats-Unis) dans la cat\u00e9gorie \u00abComportement\u00a0: mammif\u00e8res\u00bb<\/li>\n<li>Quentin Martinez (France) dans la cat\u00e9gorie \u00abComportement\u00a0: amphibiens et reptiles\u00bb<\/li>\n<li>Georgina Steytler (Australie) dans la cat\u00e9gorie \u00abComportement\u00a0: invert\u00e9br\u00e9s\u00bb<\/li>\n<li>Audun Rickardsen (Norv\u00e8ge) dans la cat\u00e9gorie \u00abOc\u00e9ans\u00a0: vue d\u2019ensemble\u00bb<\/li>\n<li>Chien Lee (Malaisie) dans la cat\u00e9gorie \u00abPlantes et champignons\u00bb<\/li>\n<li>Simone Baumeister (Allemagne) dans la cat\u00e9gorie \u00abArt naturel\u00bb<\/li>\n<li>Ralph Pace (\u00c9tats-Unis) dans la cat\u00e9gorie \u00abSous l\u2019eau\u00bb<\/li>\n<li>Sebastian Fr\u00f6lich (Allemagne) dans la cat\u00e9gorie \u00abZones humides\u00a0: vue d\u2019ensemble\u00bb<\/li>\n<li>Jon A Ju\u00e1rez (Espagne) prix du photojournalisme<\/li>\n<li>Javier Aznar Gonz\u00e1lez de Rueda (Espagne) prix du reportage photojournalistique<\/li>\n<li>Luca Lorenz (Allemagne) pour le prix \u00abRising Star Portfolio\u00bb<\/li>\n<li>Alexey Kharitonov (Isra\u00ebl\/Russie) prix du portfolio<\/li>\n<\/ul>\n<p class=\"fig-paragraph\">Ces photographies prim\u00e9es sont pr\u00e9sent\u00e9es dans l\u2019exposition des photographies du Wildlife Photographer of The Year ( jusqu\u2019au 12 juin 2026) au Mus\u00e9um d\u2019histoire naturelle de Londres. Plus d\u2019informations\u00a0<a href=\"https:\/\/www.nhm.ac.uk\/visit\/exhibitions\/wildlife-photographer-of-the-year.html?utm_source=winners-announcement-20251014-lg&amp;utm_medium=nhm-press&amp;utm_campaign=wpy61\" target=\"_blank\" rel=\"sponsored noopener\" data-gtm-custom-categorie=\"navigation\" data-gtm-custom-action=\"crossclick\" data-gtm-custom-label=\"Contextuel\" data-gtm-event=\"customEventSPE\">ici sur le site officiel.<\/a><\/p>\n","protected":false},"excerpt":{"rendered":"Le c\u00e9l\u00e8bre concours de photographies, d\u00e9cern\u00e9 par le Mus\u00e9e d\u2019histoire naturelle de Londres, a annonc\u00e9 les vainqueurs. Voici&hellip;\n","protected":false},"author":2,"featured_media":467846,"comment_status":"","ping_status":"","sticky":false,"template":"","format":"standard","meta":{"footnotes":""},"categories":[1358],"tags":[20321,1348,1384,1385,1386,58,59,1011,27,1756],"class_list":{"0":"post-467845","1":"post","2":"type-post","3":"status-publish","4":"format-standard","5":"has-post-thumbnail","7":"category-arts-et-design","8":"tag-animaux-sauvages","9":"tag-arts","10":"tag-arts-and-design","11":"tag-arts-et-design","12":"tag-design","13":"tag-divertissement","14":"tag-entertainment","15":"tag-fr","16":"tag-france","17":"tag-photographie"},"share_on_mastodon":{"url":"https:\/\/pubeurope.com\/@fr\/115384835358654216","error":""},"_links":{"self":[{"href":"https:\/\/www.europesays.com\/fr\/wp-json\/wp\/v2\/posts\/467845","targetHints":{"allow":["GET"]}}],"collection":[{"href":"https:\/\/www.europesays.com\/fr\/wp-json\/wp\/v2\/posts"}],"about":[{"href":"https:\/\/www.europesays.com\/fr\/wp-json\/wp\/v2\/types\/post"}],"author":[{"embeddable":true,"href":"https:\/\/www.europesays.com\/fr\/wp-json\/wp\/v2\/users\/2"}],"replies":[{"embeddable":true,"href":"https:\/\/www.europesays.com\/fr\/wp-json\/wp\/v2\/comments?post=467845"}],"version-history":[{"count":0,"href":"https:\/\/www.europesays.com\/fr\/wp-json\/wp\/v2\/posts\/467845\/revisions"}],"wp:featuredmedia":[{"embeddable":true,"href":"https:\/\/www.europesays.com\/fr\/wp-json\/wp\/v2\/media\/467846"}],"wp:attachment":[{"href":"https:\/\/www.europesays.com\/fr\/wp-json\/wp\/v2\/media?parent=467845"}],"wp:term":[{"taxonomy":"category","embeddable":true,"href":"https:\/\/www.europesays.com\/fr\/wp-json\/wp\/v2\/categories?post=467845"},{"taxonomy":"post_tag","embeddable":true,"href":"https:\/\/www.europesays.com\/fr\/wp-json\/wp\/v2\/tags?post=467845"}],"curies":[{"name":"wp","href":"https:\/\/api.w.org\/{rel}","templated":true}]}}