{"id":467847,"date":"2025-10-16T16:40:18","date_gmt":"2025-10-16T16:40:18","guid":{"rendered":"https:\/\/www.europesays.com\/fr\/467847\/"},"modified":"2025-10-16T16:40:18","modified_gmt":"2025-10-16T16:40:18","slug":"livre-en-fete-revient-pour-une-cinquieme-edition-a-lagora","status":"publish","type":"post","link":"https:\/\/www.europesays.com\/fr\/467847\/","title":{"rendered":"Livre en f\u00eate revient pour une cinqui\u00e8me \u00e9dition \u00e0 L\u2019Agora"},"content":{"rendered":"<p>La cinqui\u00e8me \u00e9dition du Livre en f\u00eate se tiendra ce dimanche 19\u00a0octobre \u00e0 L\u2019Agora de 10 \u00e0 18\u00a0heures. Elle r\u00e9unira cette ann\u00e9e encore une cinquantaine d\u2019auteurs, plac\u00e9s sous le signe du partage, de la lecture et de la convivialit\u00e9.<\/p>\n<p>Pour cette nouvelle \u00e9dition, ce sera au tour d\u2019\u00c9velyne Dress, actrice, \u00e9crivaine, r\u00e9alisatrice et productrice fran\u00e7aise, d\u2019\u00eatre la marraine aux c\u00f4t\u00e9s de Dani\u00e8le Gilbert, chanteuse et animatrice de t\u00e9l\u00e9vision fran\u00e7aise. L\u2019invit\u00e9 d\u2019honneur sera, quant \u00e0 lui, l\u2019\u00e9crivain fran\u00e7ais Bruno Amato. Passionn\u00e9 par la litt\u00e9rature depuis son plus jeune \u00e2ge, il r\u00e9alise son r\u00eave en publiant un premier roman en 2000 \u00ab\u00a0Esclave de l\u2019amour\u00a0\u00bb.<\/p>\n<p>Il se dirige vers le polar en 2015 avec \u00ab\u00a0La Morgue dans l\u2019\u00e2me\u00a0\u00bb aux \u00c9ditions Charles Corlet. \u00c0 noter que, parmi les auteurs pr\u00e9sents, l\u2019ancien journaliste de \u00ab\u00a0Sud Ouest\u00a0\u00bb Thomas Brosset pr\u00e9sentera ses romans r\u00e9gionaux et ses guides nature.<\/p>\n<p>Au programme de la journ\u00e9e \u00e9galement\u00a0: d\u00e8s 11\u00a0heures, un yoga litt\u00e9raire\u00a0; \u00e0 12\u00a0heures, la remise du prix des lecteurs\u00a0; et, enfin, \u00e0 15\u00a0heures, rencontres avec Bruno Amato, \u00c9velyne Dress et Dani\u00e8le Gilbert.<\/p>\n","protected":false},"excerpt":{"rendered":"La cinqui\u00e8me \u00e9dition du Livre en f\u00eate se tiendra ce dimanche 19\u00a0octobre \u00e0 L\u2019Agora de 10 \u00e0 18\u00a0heures.&hellip;\n","protected":false},"author":2,"featured_media":467848,"comment_status":"","ping_status":"","sticky":false,"template":"","format":"standard","meta":{"footnotes":""},"categories":[1357],"tags":[1379,58,59,1011,27,1380],"class_list":{"0":"post-467847","1":"post","2":"type-post","3":"status-publish","4":"format-standard","5":"has-post-thumbnail","7":"category-livres","8":"tag-books","9":"tag-divertissement","10":"tag-entertainment","11":"tag-fr","12":"tag-france","13":"tag-livres"},"share_on_mastodon":{"url":"https:\/\/pubeurope.com\/@fr\/115384839346302812","error":""},"_links":{"self":[{"href":"https:\/\/www.europesays.com\/fr\/wp-json\/wp\/v2\/posts\/467847","targetHints":{"allow":["GET"]}}],"collection":[{"href":"https:\/\/www.europesays.com\/fr\/wp-json\/wp\/v2\/posts"}],"about":[{"href":"https:\/\/www.europesays.com\/fr\/wp-json\/wp\/v2\/types\/post"}],"author":[{"embeddable":true,"href":"https:\/\/www.europesays.com\/fr\/wp-json\/wp\/v2\/users\/2"}],"replies":[{"embeddable":true,"href":"https:\/\/www.europesays.com\/fr\/wp-json\/wp\/v2\/comments?post=467847"}],"version-history":[{"count":0,"href":"https:\/\/www.europesays.com\/fr\/wp-json\/wp\/v2\/posts\/467847\/revisions"}],"wp:featuredmedia":[{"embeddable":true,"href":"https:\/\/www.europesays.com\/fr\/wp-json\/wp\/v2\/media\/467848"}],"wp:attachment":[{"href":"https:\/\/www.europesays.com\/fr\/wp-json\/wp\/v2\/media?parent=467847"}],"wp:term":[{"taxonomy":"category","embeddable":true,"href":"https:\/\/www.europesays.com\/fr\/wp-json\/wp\/v2\/categories?post=467847"},{"taxonomy":"post_tag","embeddable":true,"href":"https:\/\/www.europesays.com\/fr\/wp-json\/wp\/v2\/tags?post=467847"}],"curies":[{"name":"wp","href":"https:\/\/api.w.org\/{rel}","templated":true}]}}