{"id":467849,"date":"2025-10-16T16:41:11","date_gmt":"2025-10-16T16:41:11","guid":{"rendered":"https:\/\/www.europesays.com\/fr\/467849\/"},"modified":"2025-10-16T16:41:11","modified_gmt":"2025-10-16T16:41:11","slug":"cela-ne-va-pas-etre-facile-lola-dewaere","status":"publish","type":"post","link":"https:\/\/www.europesays.com\/fr\/467849\/","title":{"rendered":"\u201cCela ne va pas \u00eatre facile\u201d, Lola Dewaere &#8230;"},"content":{"rendered":"<p>EN BREF<\/p>\n<ul class=\"bloc_resume_post_list\">\n<li>Le 13 octobre, Lola Dewaere, interpr\u00e8te de Rapha\u00eblle<br \/>\nCoste, partage des r\u00e9v\u00e9lations sur la saison 5 d\u00a0\u00bbAstrid et<br \/>\nRapha\u00eblle.<\/li>\n<li>Rapha\u00eblle, empoisonn\u00e9e, doit g\u00e9rer les enqu\u00eates depuis<br \/>\nson lit d&rsquo;h\u00f4pital, d\u00e9l\u00e9gant \u00e0 Astrid.<\/li>\n<li>Une dynamique invers\u00e9e entre Astrid et Rapha\u00eblle promet<br \/>\ndes rebondissements captivants et une exploration du lien entre les<br \/>\nh\u00e9ro\u00efnes.<\/li>\n<\/ul>\n<p>Apr\u00e8s une fin de saison 4 <strong>haletante<\/strong>, les fans<br \/>\nd\u2019<a href=\"https:\/\/www.telestar.fr\/serie_tv\/astrid-et-raphaelle-sara-mortensen-fait-une-grande-annonce-qui-va-ravir-les-fans-de-la-serie-1727128\" target=\"_blank\" rel=\"noopener\">Astrid<br \/>\net Rapha\u00eblle<\/a> tr\u00e9pignent <strong>d\u2019impatience<\/strong>. En<br \/>\neffet, la cinqui\u00e8me saison du duo de <strong>choc<\/strong><br \/>\ns\u2019annonce riche en <strong>rebondissements<\/strong> et en<br \/>\n<strong>\u00e9motions<\/strong> fortes. Ce 13 octobre, <a href=\"https:\/\/www.telestar.fr\/serie_tv\/astrid-et-raphaelle-france-2-lola-dewaere-victime-dune-fausse-couche-les-revelations-du-scenariste-1697570\" target=\"_blank\" rel=\"noopener\"><br \/>\nl\u2019actrice Lola Dewaere<\/a>, qui campe <strong>Rapha\u00eblle<br \/>\nCoste,<\/strong> s\u2019est confi\u00e9e \u00e0 T\u00e9l\u00e9 Star et T\u00e9l\u00e9<br \/>\nMagazine sur la suite tant attendue. L\u2019enqu\u00eatrice intr\u00e9pide se<br \/>\nretrouve dans une situation in\u00e9dite. \u2018\u2018<strong>Cela ne va pas<br \/>\n\u00eatre facile<\/strong>.\u2019\u2019 pr\u00e9vient la com\u00e9dienne.<br \/>\n<strong>Empoisonn\u00e9e<\/strong> lors du mariage d\u2019Astrid, Rapha\u00eblle<br \/>\nd\u00e9bute cette nouvelle saison <strong>clou\u00e9e sur un lit<br \/>\nd\u2019h\u00f4pital<\/strong>.<\/p>\n<p>Un <strong>d\u00e9fi<\/strong> autant physique qu\u2019\u00e9motionnel pour<br \/>\ncelle qui doit d\u00e9sormais d\u00e9l\u00e9guer. \u2018\u2018Elle doit <strong>g\u00e9rer<br \/>\nles enqu\u00eates depuis son lit d\u2019h\u00f4pital<\/strong>.\u2019\u2019 explique<br \/>\n<a href=\"https:\/\/www.telestar.fr\/people\/lola-dewaere-astrid-et-raphaelle-fait-une-rare-confidence-sur-son-pere-1696744\" target=\"_blank\" rel=\"noopener\"><br \/>\nLola Dewaere<\/a>. \u2018\u2018Elle doit donc accorder <strong>toute sa<br \/>\nconfiance \u00e0 Astrid<\/strong>.\u2019\u2019 Une \u00e9preuve<br \/>\n<strong>difficile<\/strong> pour son personnage d\u2019action, habitu\u00e9 \u00e0<br \/>\nfoncer sans r\u00e9fl\u00e9chir. \u2018\u2018<strong>Enferm\u00e9e entre quatre<br \/>\nmurs<\/strong>, elle va devoir laisser <strong>les r\u00eanes \u00e0 sa<br \/>\nbin\u00f4me,<\/strong> et c\u2019est <strong>loin d\u2019\u00eatre \u00e9vident<\/strong> pour<br \/>\nelle.\u2019\u2019 confie encore l\u2019actrice, \u00e9mue par cette \u00e9volution du<br \/>\nduo.<\/p>\n<p>Une relation invers\u00e9e entre Astrid et Rapha\u00eblle dans<br \/>\nla saison 5<\/p>\n<p>Cette fois, c\u2019est Astrid (<a href=\"https:\/\/www.telestar.fr\/actu-tv\/sara-mortensen-je-suis-heureuse-de-defendre-la-difference-608188\" target=\"_blank\" rel=\"noopener\">Sara<br \/>\nMortensen<\/a>) qui va devoir <strong>prot\u00e9ger son amie.<\/strong><br \/>\nUne <strong>dynamique nouvelle<\/strong> que la <a href=\"https:\/\/www.telestar.fr\/people\/mademoiselle-holmes-tf1-lola-dewaere-a-t-elle-vraiment-appris-a-jouer-du-violon-pour-la-serie-1667311\" target=\"_blank\" rel=\"noopener\"><br \/>\ncom\u00e9dienne Lola Dewaere<\/a> juge <strong>passionnante<\/strong>.<br \/>\n\u2018\u2018On va vite apprendre que <strong>Rapha\u00eblle a \u00e9t\u00e9 empoisonn\u00e9e<br \/>\n\u00e0 la place d\u2019Astrid.<\/strong> Cette derni\u00e8re, m\u00eame si elle ne<br \/>\nressent <strong>pas la culpabilit\u00e9 de la m\u00eame mani\u00e8re<\/strong>, va<br \/>\nfaire preuve d\u2019une <strong>grande attention<\/strong>. Elle se<br \/>\nr\u00e9v\u00e9lera tr\u00e8s <strong>protectrice<\/strong>.\u2019\u2019 Selon elle,<br \/>\ncette \u00e9volution met en lumi\u00e8re toute la richesse du <strong>lien<br \/>\nentre les deux h\u00e9ro\u00efnes.<\/strong><\/p>\n<p>Fid\u00e8le \u00e0 l\u2019esprit de la s\u00e9rie, la premi\u00e8re intrigue de cette<br \/>\nsaison 5 sera autour d\u2019enqu\u00eate polici\u00e8re et th\u00e9matiques<br \/>\nparanormales. \u2018\u2018La <strong>t\u00e9l\u00e9kin\u00e9sie, j\u2019y crois<br \/>\ncompl\u00e8tement<\/strong>.\u2019\u2019 avoue Lola Dewaere \u00e0 propos de<br \/>\nl\u2019intrigue du premier \u00e9pisode de la saison 5. \u2018\u2018\u00catre<br \/>\n<strong>capable de d\u00e9placer un objet<\/strong>, ce n\u2019est <strong>pas<br \/>\ndu surnaturel<\/strong>, c\u2019est une question<br \/>\n<strong>d\u2019\u00e9nergie<\/strong>.\u2019\u2019<\/p>\n<p>Lola Dewaere, une Rapha\u00eblle pas si<br \/>\n\u00e9loign\u00e9e d\u2019elle-m\u00eame<\/p>\n<p>Si Rapha\u00eblle amuse souvent par sa <strong>franchise<\/strong> et<br \/>\nson temp\u00e9rament <strong>volcanique<\/strong>, Lola Dewaere nuance.<br \/>\n\u2018\u2018On dit que je suis une <strong>grande gueule, mais pas du<br \/>\ntout ! Je me d\u00e9fends, c\u2019est tout<\/strong>.\u2019\u2019 L\u2019actrice<br \/>\nexplique que son personnage, comme elle, \u2018\u2018n\u2019a <strong>pas le<br \/>\ntemps de se d\u00e9guiser.<\/strong>\u2019\u2019<br \/>\n\u00a0<strong>Spontan\u00e9e<\/strong>, parfois<br \/>\n<strong>impulsive<\/strong>, elle pr\u00e9f\u00e8re parler vrai.<br \/>\n\u2018\u2018Certains diront qu\u2019on est impulsives, moi je dis qu\u2019on n\u2019a<br \/>\n<strong>juste pas le temps<\/strong>.\u2019\u2019<\/p>\n<p>En parall\u00e8le, Lola Dewaere multiplie les<br \/>\n<strong>projets<\/strong> : Cat\u2019s Eyes, o\u00f9 elle incarne une<br \/>\n\u2018\u2018<strong>tr\u00e8s vilaine personne<\/strong>\u2019\u2019, et<br \/>\nS\u0153urs, une mini-s\u00e9rie dramatique pour France 2 o\u00f9 elle<br \/>\njoue des <strong>jumelles<\/strong>. Des r\u00f4les<br \/>\n<strong>forts<\/strong> qui contrastent avec sa personnalit\u00e9, bien<br \/>\nplus <strong>r\u00e9serv\u00e9e<\/strong>. \u2018\u2018Dans la vie, je suis<br \/>\n<strong>une vraie trouillarde<\/strong>.\u2019\u2019 confie-t-elle en<br \/>\nriant. \u2018\u2018Je pars <strong>quatre heures \u00e0 l\u2019avance pour prendre<br \/>\nun train !<\/strong>\u2019\u2019<\/p>\n","protected":false},"excerpt":{"rendered":"EN BREF Le 13 octobre, Lola Dewaere, interpr\u00e8te de Rapha\u00eblle Coste, partage des r\u00e9v\u00e9lations sur la saison 5&hellip;\n","protected":false},"author":2,"featured_media":467850,"comment_status":"","ping_status":"","sticky":false,"template":"","format":"standard","meta":{"footnotes":""},"categories":[1356],"tags":[548,58,59,1011,27,22199,252,1364],"class_list":{"0":"post-467849","1":"post","2":"type-post","3":"status-publish","4":"format-standard","5":"has-post-thumbnail","7":"category-television","8":"tag-article-simple","9":"tag-divertissement","10":"tag-entertainment","11":"tag-fr","12":"tag-france","13":"tag-lola-dewaere","14":"tag-television","15":"tag-tv"},"share_on_mastodon":{"url":"https:\/\/pubeurope.com\/@fr\/115384843322646492","error":""},"_links":{"self":[{"href":"https:\/\/www.europesays.com\/fr\/wp-json\/wp\/v2\/posts\/467849","targetHints":{"allow":["GET"]}}],"collection":[{"href":"https:\/\/www.europesays.com\/fr\/wp-json\/wp\/v2\/posts"}],"about":[{"href":"https:\/\/www.europesays.com\/fr\/wp-json\/wp\/v2\/types\/post"}],"author":[{"embeddable":true,"href":"https:\/\/www.europesays.com\/fr\/wp-json\/wp\/v2\/users\/2"}],"replies":[{"embeddable":true,"href":"https:\/\/www.europesays.com\/fr\/wp-json\/wp\/v2\/comments?post=467849"}],"version-history":[{"count":0,"href":"https:\/\/www.europesays.com\/fr\/wp-json\/wp\/v2\/posts\/467849\/revisions"}],"wp:featuredmedia":[{"embeddable":true,"href":"https:\/\/www.europesays.com\/fr\/wp-json\/wp\/v2\/media\/467850"}],"wp:attachment":[{"href":"https:\/\/www.europesays.com\/fr\/wp-json\/wp\/v2\/media?parent=467849"}],"wp:term":[{"taxonomy":"category","embeddable":true,"href":"https:\/\/www.europesays.com\/fr\/wp-json\/wp\/v2\/categories?post=467849"},{"taxonomy":"post_tag","embeddable":true,"href":"https:\/\/www.europesays.com\/fr\/wp-json\/wp\/v2\/tags?post=467849"}],"curies":[{"name":"wp","href":"https:\/\/api.w.org\/{rel}","templated":true}]}}