{"id":467869,"date":"2025-10-16T16:52:17","date_gmt":"2025-10-16T16:52:17","guid":{"rendered":"https:\/\/www.europesays.com\/fr\/467869\/"},"modified":"2025-10-16T16:52:17","modified_gmt":"2025-10-16T16:52:17","slug":"loire-apres-un-vol-a-letalage-a-firminy-le-toxicomane-pique-un-agent-de-securite-avec-une-seringue","status":"publish","type":"post","link":"https:\/\/www.europesays.com\/fr\/467869\/","title":{"rendered":"Loire. Apr\u00e8s un vol \u00e0 l\u2019\u00e9talage \u00e0 Firminy, le toxicomane pique un agent de s\u00e9curit\u00e9 avec une seringue"},"content":{"rendered":"<p>Un homme de 53 ans, bien connu de la justice, a \u00e9t\u00e9 interpell\u00e9 par la police municipale de Firminy et confi\u00e9 \u00e0 la police nationale pour un placement en garde \u00e0 vue mardi matin. Suspect\u00e9 d\u2019un vol \u00e0 l\u2019hypermarch\u00e9 E.Leclerc &#8211; plusieurs bouteilles de whisky -, il a \u00e9t\u00e9 poursuivi par le personnel de s\u00e9curit\u00e9. Intercept\u00e9 sur le parking derri\u00e8re l\u2019espace culturel, l\u2019individu a sorti une seringue usag\u00e9e et a piqu\u00e9 un agent \u00e0 deux reprises.<\/p>\n<p>  L\u2019agent de s\u00e9curit\u00e9 va bien<\/p>\n<p>Le centre de supervision urbain a \u00e9t\u00e9 avis\u00e9 et a envoy\u00e9 des patrouilles sur place, sollicitant aussi un \u00e9quipage de police nationale. Sur place, alors qu\u2019un complice aurait r\u00e9ussi \u00e0 prendre la fuite, le mis en cause a clairement \u00e9t\u00e9 identifi\u00e9 et interpell\u00e9.<\/p>\n<p>Ce St\u00e9phanois aurait reconnu avoir agi avec une seringue neuve avant, durant sa garde \u00e0 vue, de revenir sur ses propos et de confirmer l\u2019avoir utilis\u00e9e la veille. Toxicomane et bien connu de la justice, l\u2019individu devait rapidement compara\u00eetre devant le tribunal correctionnel.<\/p>\n<p>L\u2019agent de s\u00e9curit\u00e9 a \u00e9t\u00e9 conduit \u00e0 l\u2019h\u00f4pital Le Corbusier o\u00f9 de premi\u00e8res analyses ont \u00e9t\u00e9 effectu\u00e9es et se sont r\u00e9v\u00e9l\u00e9es bonnes. Son \u00e9tat ne suscite pour l\u2019heure pas d\u2019inqui\u00e9tude.<\/p>\n","protected":false},"excerpt":{"rendered":"Un homme de 53 ans, bien connu de la justice, a \u00e9t\u00e9 interpell\u00e9 par la police municipale de&hellip;\n","protected":false},"author":2,"featured_media":467870,"comment_status":"","ping_status":"","sticky":false,"template":"","format":"standard","meta":{"footnotes":""},"categories":[9653],"tags":[1111,11,2430,271,272,7539,1777,674,274,107,10282,10283,1011,27,3367,12,25,4001],"class_list":{"0":"post-467869","1":"post","2":"type-post","3":"status-publish","4":"format-standard","5":"has-post-thumbnail","7":"category-saint-etienne","8":"tag-actu","9":"tag-actualites","10":"tag-auvergne-rhone-alpes","11":"tag-crime","12":"tag-delit-et-contravention","13":"tag-edition-loire-sud","14":"tag-eu","15":"tag-europe","16":"tag-faits-divers-justice","17":"tag-fil-info","18":"tag-firminy","19":"tag-firminy-ville","20":"tag-fr","21":"tag-france","22":"tag-loire","23":"tag-news","24":"tag-republique-francaise","25":"tag-saint-etienne"},"share_on_mastodon":{"url":"https:\/\/pubeurope.com\/@fr\/115384886570225182","error":""},"_links":{"self":[{"href":"https:\/\/www.europesays.com\/fr\/wp-json\/wp\/v2\/posts\/467869","targetHints":{"allow":["GET"]}}],"collection":[{"href":"https:\/\/www.europesays.com\/fr\/wp-json\/wp\/v2\/posts"}],"about":[{"href":"https:\/\/www.europesays.com\/fr\/wp-json\/wp\/v2\/types\/post"}],"author":[{"embeddable":true,"href":"https:\/\/www.europesays.com\/fr\/wp-json\/wp\/v2\/users\/2"}],"replies":[{"embeddable":true,"href":"https:\/\/www.europesays.com\/fr\/wp-json\/wp\/v2\/comments?post=467869"}],"version-history":[{"count":0,"href":"https:\/\/www.europesays.com\/fr\/wp-json\/wp\/v2\/posts\/467869\/revisions"}],"wp:featuredmedia":[{"embeddable":true,"href":"https:\/\/www.europesays.com\/fr\/wp-json\/wp\/v2\/media\/467870"}],"wp:attachment":[{"href":"https:\/\/www.europesays.com\/fr\/wp-json\/wp\/v2\/media?parent=467869"}],"wp:term":[{"taxonomy":"category","embeddable":true,"href":"https:\/\/www.europesays.com\/fr\/wp-json\/wp\/v2\/categories?post=467869"},{"taxonomy":"post_tag","embeddable":true,"href":"https:\/\/www.europesays.com\/fr\/wp-json\/wp\/v2\/tags?post=467869"}],"curies":[{"name":"wp","href":"https:\/\/api.w.org\/{rel}","templated":true}]}}