{"id":467873,"date":"2025-10-16T16:54:14","date_gmt":"2025-10-16T16:54:14","guid":{"rendered":"https:\/\/www.europesays.com\/fr\/467873\/"},"modified":"2025-10-16T16:54:14","modified_gmt":"2025-10-16T16:54:14","slug":"nancy-une-salariee-tente-de-se-suicider-en-sautant-par-la-fenetre-fo-denonce-un-management-toxique","status":"publish","type":"post","link":"https:\/\/www.europesays.com\/fr\/467873\/","title":{"rendered":"Nancy. Une salari\u00e9e tente de se suicider en sautant par la fen\u00eatre : FO d\u00e9nonce un \u00ab\u00a0management\u00a0toxique\u00a0\u00bb"},"content":{"rendered":"<p>            Par<br \/>\n        <strong><br \/>\n            <a href=\"https:\/\/actu.fr\/auteur\/pierre-emile-bouchy-actu-fr\" title=\"Consulter tous les articles de Paul-Emile Bouchy\" rel=\"nofollow noopener\" target=\"_blank\">Paul-Emile Bouchy<\/a><br \/>\n        <\/strong><\/p>\n<p>        Publi\u00e9 le<\/p>\n<p>            16 oct. 2025 \u00e0 18h19        <\/p>\n<p>Mercredi apr\u00e8s-midi, vers 16h30, les <a href=\"https:\/\/actu.fr\/tag\/pompiers\" rel=\"nofollow noopener\" target=\"_blank\">pompiers<\/a> et la <a href=\"https:\/\/actu.fr\/tag\/police\" rel=\"nofollow noopener\" target=\"_blank\">police<\/a> sont intervenus <strong>au si\u00e8ge de l\u2019Office m\u00e9tropolitain de l\u2019habitat du Grand Nancy (OMh Grand Nancy)<\/strong>, situ\u00e9 rue Saint-L\u00e9on, pr\u00e8s de la <a href=\"https:\/\/actu.fr\/tag\/gare-de-nancy\" rel=\"nofollow noopener\" target=\"_blank\">gare de Nancy<\/a>.<\/p>\n<p class=\" wall-content\"><strong>Une salari\u00e9e d\u2019une quarantaine d\u2019ann\u00e9es a saut\u00e9 depuis une fen\u00eatre<\/strong> situ\u00e9e au 1er \u00e9tage du b\u00e2timent.<\/p>\n<p>La victime transport\u00e9e \u00e0 l\u2019h\u00f4pital Central<\/p>\n<p class=\" wall-content\">D\u2019apr\u00e8s la police, \u00ab\u2009la salari\u00e9e a volontairement <strong>saut\u00e9 par la fen\u00eatre\u2009\u00bb dans un acte d\u00e9sesp\u00e9r\u00e9<\/strong>.<\/p>\n<p class=\" wall-content\">Elle \u00e9tait <strong>consciente \u00e0 l\u2019arriv\u00e9e des secours<\/strong>. \u00ab\u2009Souffrant de maux de dos\u2009\u00bb, elle a \u00e9t\u00e9 transport\u00e9e vers l\u2019h\u00f4pital Central. D\u2019apr\u00e8s Fr\u00e9d\u00e9ric Nicolas, secr\u00e9taire g\u00e9n\u00e9ral de l\u2019union d\u00e9partementale FO de Meurthe-et-Moselle (FO 54) qui a pu \u00e9changer avec la victime, elle est <strong>\u00ab\u2009polytraumatis\u00e9e\u2009\u00bb avec plusieurs fractures aux chevilles, aux jambes, aux bassins et au niveau des c\u00f4tes<\/strong>.<\/p>\n<p class=\" wall-content\">Choqu\u00e9e, une autre employ\u00e9e qui a assist\u00e9 \u00e0 la sc\u00e8ne a aussi \u00e9t\u00e9 prise en charge.<\/p>\n<p>Un mail de la direction \u00e0 l\u2019origine de ce geste<\/p>\n<p class=\" wall-content\">Dans un communiqu\u00e9 de presse, le syndicat FO 54 indique que la victime est la repr\u00e9sentante de leur section syndicale au sein de l\u2019OMh du Grand Nancy.<\/p>\n<p class=\" wall-content\">\u00ab<strong>\u2009Cette tentative a eu lieu apr\u00e8s un mail du directeur g\u00e9n\u00e9ral, charg\u00e9 de reproches infond\u00e9s et vexatoires<\/strong>\u2009\u00bb, \u00e9crit-il. D\u2019apr\u00e8s M. Nicolas, l\u2019un des reproches concernerait la non-invitation de certaines personnes \u00e0 un pot de d\u00e9part en retraite qu\u2019elle n\u2019avait pourtant pas organis\u00e9.<\/p>\n<p>Votre r\u00e9gion, votre actu !<\/p>\n<p>Recevez chaque jour les infos qui comptent pour vous.<\/p>\n<p>\t<a href=\"https:\/\/actu.fr\/newsletter\" class=\"ac-btn ac-btn--corner ac-btn--medium ac-btn--blue800\" rel=\"nofollow noopener\" target=\"_blank\">S&rsquo;incrire<\/a><\/p>\n<p class=\" wall-content\">\u00ab\u2009Depuis maintenant plusieurs ann\u00e9es, notre camarade subit <strong>un management toxique et sans aucune r\u00e9action positive des ressources humaines.<\/strong> De nombreuses personnes ont d\u2019ailleurs d\u00e9missionn\u00e9 de cet office\u2009\u00bb, ajoute le syndicat FO 54.<\/p>\n<p class=\" wall-content\">Contact\u00e9e, la direction de l\u2019OMh du Grand Nancy ne s\u2019est pas encore exprim\u00e9e.<\/p>\n<p class=\" wall-content\">Personnalisez votre actualit\u00e9 en ajoutant vos villes et m\u00e9dias en favori avec <a href=\"https:\/\/moncompte.actu.fr\" title=\"D\u00e9couvez Mon Actu\" rel=\"nofollow noopener\" data-trk=\"{&quot;cta&quot;:{&quot;action&quot;:&quot;https:\\\/\\\/moncompte.actu.fr&quot;,&quot;category&quot;:&quot;mon compte&quot;,&quot;from&quot;:&quot;article footer&quot;,&quot;name&quot;:&quot;Mon actu&quot;,&quot;type&quot;:&quot;cta&quot;}}\" target=\"_blank\">Mon Actu<\/a>.<\/p>\n","protected":false},"excerpt":{"rendered":"Par Paul-Emile Bouchy Publi\u00e9 le 16 oct. 2025 \u00e0 18h19 Mercredi apr\u00e8s-midi, vers 16h30, les pompiers et la&hellip;\n","protected":false},"author":2,"featured_media":467874,"comment_status":"","ping_status":"","sticky":false,"template":"","format":"standard","meta":{"footnotes":""},"categories":[9635],"tags":[1111,11,1777,674,118,1011,27,775,1702,12,1072,1311,25],"class_list":{"0":"post-467873","1":"post","2":"type-post","3":"status-publish","4":"format-standard","5":"has-post-thumbnail","7":"category-nancy","8":"tag-actu","9":"tag-actualites","10":"tag-eu","11":"tag-europe","12":"tag-faits-divers","13":"tag-fr","14":"tag-france","15":"tag-grand-est","16":"tag-nancy","17":"tag-news","18":"tag-police","19":"tag-pompiers","20":"tag-republique-francaise"},"share_on_mastodon":{"url":"https:\/\/pubeurope.com\/@fr\/115384894423627142","error":""},"_links":{"self":[{"href":"https:\/\/www.europesays.com\/fr\/wp-json\/wp\/v2\/posts\/467873","targetHints":{"allow":["GET"]}}],"collection":[{"href":"https:\/\/www.europesays.com\/fr\/wp-json\/wp\/v2\/posts"}],"about":[{"href":"https:\/\/www.europesays.com\/fr\/wp-json\/wp\/v2\/types\/post"}],"author":[{"embeddable":true,"href":"https:\/\/www.europesays.com\/fr\/wp-json\/wp\/v2\/users\/2"}],"replies":[{"embeddable":true,"href":"https:\/\/www.europesays.com\/fr\/wp-json\/wp\/v2\/comments?post=467873"}],"version-history":[{"count":0,"href":"https:\/\/www.europesays.com\/fr\/wp-json\/wp\/v2\/posts\/467873\/revisions"}],"wp:featuredmedia":[{"embeddable":true,"href":"https:\/\/www.europesays.com\/fr\/wp-json\/wp\/v2\/media\/467874"}],"wp:attachment":[{"href":"https:\/\/www.europesays.com\/fr\/wp-json\/wp\/v2\/media?parent=467873"}],"wp:term":[{"taxonomy":"category","embeddable":true,"href":"https:\/\/www.europesays.com\/fr\/wp-json\/wp\/v2\/categories?post=467873"},{"taxonomy":"post_tag","embeddable":true,"href":"https:\/\/www.europesays.com\/fr\/wp-json\/wp\/v2\/tags?post=467873"}],"curies":[{"name":"wp","href":"https:\/\/api.w.org\/{rel}","templated":true}]}}