{"id":467875,"date":"2025-10-16T16:55:14","date_gmt":"2025-10-16T16:55:14","guid":{"rendered":"https:\/\/www.europesays.com\/fr\/467875\/"},"modified":"2025-10-16T16:55:14","modified_gmt":"2025-10-16T16:55:14","slug":"un-camion-prend-feu-sur-la33-dans-le-sens-nancy-luneville-la-circulation-totalement-perturbee","status":"publish","type":"post","link":"https:\/\/www.europesays.com\/fr\/467875\/","title":{"rendered":"Un camion prend feu sur l&rsquo;A33 dans le sens Nancy Lun\u00e9ville : la circulation totalement perturb\u00e9e"},"content":{"rendered":"<p>            Par<br \/>\n        <strong><br \/>\n            <a href=\"https:\/\/actu.fr\/auteur\/amandine-mehl\" title=\"Consulter tous les articles de Amandine Mehl\" target=\"_blank\" rel=\"noopener\">Amandine Mehl<\/a><br \/>\n        <\/strong><\/p>\n<p>        Publi\u00e9 le<\/p>\n<p>            16 oct. 2025 \u00e0 18h39        <\/p>\n<p>Prudence si vous empruntez l\u2019<a href=\"https:\/\/actu.fr\/tag\/autoroute-33-a33\" target=\"_blank\" rel=\"noopener\">A33<\/a> dans le <strong>sens Nancy Lun\u00e9ville<\/strong> ce jeudi 16 octobre 2025. En raison d\u2019un <strong>feu de camion<\/strong>, survenu peu avant 18h, <strong>l\u2019autoroute a d\u00fb \u00eatre coup\u00e9e<\/strong> \u00e0 hauteur de Ville-en-Vermois. Si la voie de gauche a pu rouvrir depuis, la <a href=\"https:\/\/actu.fr\/tag\/circulation\" target=\"_blank\" rel=\"noopener\">circulation<\/a> reste <strong>particuli\u00e8rement perturb\u00e9e<\/strong> dans le secteur.<\/p>\n<p>Le chauffeur a pu sortir de son camion<\/p>\n<p class=\" wall-content\">D\u2019apr\u00e8s le Service d\u00e9partemental d\u2019incendie et de secours de Meurthe-et-Moselle, le <strong>chauffeur est indemne<\/strong>. Le camion, en revanche, serait totalement embras\u00e9.<\/p>\n<p class=\" wall-content\">Au total, 11 <a href=\"https:\/\/actu.fr\/tag\/pompiers\" target=\"_blank\" rel=\"noopener\">pompiers<\/a> sont mobilis\u00e9s. Une lance \u00e0 mousse avec \u00ab\u00a0un renfort en eau\u00a0\u00bb est utilis\u00e9e pour venir \u00e0 bout du sinistre.<\/p>\n<p class=\" wall-content\">Personnalisez votre actualit\u00e9 en ajoutant vos villes et m\u00e9dias en favori avec <a href=\"https:\/\/moncompte.actu.fr\" title=\"D\u00e9couvez Mon Actu\" rel=\"nofollow noopener\" data-trk=\"{&quot;cta&quot;:{&quot;action&quot;:&quot;https:\\\/\\\/moncompte.actu.fr&quot;,&quot;category&quot;:&quot;mon compte&quot;,&quot;from&quot;:&quot;article footer&quot;,&quot;name&quot;:&quot;Mon actu&quot;,&quot;type&quot;:&quot;cta&quot;}}\" target=\"_blank\">Mon Actu<\/a>.<\/p>\n","protected":false},"excerpt":{"rendered":"Par Amandine Mehl Publi\u00e9 le 16 oct. 2025 \u00e0 18h39 Prudence si vous empruntez l\u2019A33 dans le sens&hellip;\n","protected":false},"author":2,"featured_media":467876,"comment_status":"","ping_status":"","sticky":false,"template":"","format":"standard","meta":{"footnotes":""},"categories":[9635],"tags":[1111,11,9672,3542,1777,674,118,1011,27,775,1702,12,1311,25],"class_list":{"0":"post-467875","1":"post","2":"type-post","3":"status-publish","4":"format-standard","5":"has-post-thumbnail","7":"category-nancy","8":"tag-actu","9":"tag-actualites","10":"tag-autoroute-33-a33","11":"tag-circulation","12":"tag-eu","13":"tag-europe","14":"tag-faits-divers","15":"tag-fr","16":"tag-france","17":"tag-grand-est","18":"tag-nancy","19":"tag-news","20":"tag-pompiers","21":"tag-republique-francaise"},"share_on_mastodon":{"url":"https:\/\/pubeurope.com\/@fr\/115384898282191603","error":""},"_links":{"self":[{"href":"https:\/\/www.europesays.com\/fr\/wp-json\/wp\/v2\/posts\/467875","targetHints":{"allow":["GET"]}}],"collection":[{"href":"https:\/\/www.europesays.com\/fr\/wp-json\/wp\/v2\/posts"}],"about":[{"href":"https:\/\/www.europesays.com\/fr\/wp-json\/wp\/v2\/types\/post"}],"author":[{"embeddable":true,"href":"https:\/\/www.europesays.com\/fr\/wp-json\/wp\/v2\/users\/2"}],"replies":[{"embeddable":true,"href":"https:\/\/www.europesays.com\/fr\/wp-json\/wp\/v2\/comments?post=467875"}],"version-history":[{"count":0,"href":"https:\/\/www.europesays.com\/fr\/wp-json\/wp\/v2\/posts\/467875\/revisions"}],"wp:featuredmedia":[{"embeddable":true,"href":"https:\/\/www.europesays.com\/fr\/wp-json\/wp\/v2\/media\/467876"}],"wp:attachment":[{"href":"https:\/\/www.europesays.com\/fr\/wp-json\/wp\/v2\/media?parent=467875"}],"wp:term":[{"taxonomy":"category","embeddable":true,"href":"https:\/\/www.europesays.com\/fr\/wp-json\/wp\/v2\/categories?post=467875"},{"taxonomy":"post_tag","embeddable":true,"href":"https:\/\/www.europesays.com\/fr\/wp-json\/wp\/v2\/tags?post=467875"}],"curies":[{"name":"wp","href":"https:\/\/api.w.org\/{rel}","templated":true}]}}