{"id":46788,"date":"2025-04-23T14:35:12","date_gmt":"2025-04-23T14:35:12","guid":{"rendered":"https:\/\/www.europesays.com\/fr\/46788\/"},"modified":"2025-04-23T14:35:12","modified_gmt":"2025-04-23T14:35:12","slug":"concurrence-apple-et-meta-sanctionnes-de-lourdes-amendes-par-lunion-europeenne","status":"publish","type":"post","link":"https:\/\/www.europesays.com\/fr\/46788\/","title":{"rendered":"Concurrence : Apple et Meta sanctionn\u00e9s de lourdes amendes par l&rsquo;Union europ\u00e9enne"},"content":{"rendered":"<p>La Commission europ\u00e9enne vient de prononcer d&rsquo;importantes sanctions financi\u00e8res contre Apple et Meta, deux groupes mis en cause pour n&rsquo;avoir pas respect\u00e9 certaines r\u00e8gles sur la concurrence.Les deux firmes devront respectivement verser 500 et 200 millions d&rsquo;euros \u00e0 Bruxelles.Ces annonces interviennent au moment o\u00f9 les relations entre l&rsquo;Europe et les \u00c9tats-Unis sont particuli\u00e8rement tendues \u00e0 cause de la guerre commerciale men\u00e9e par Donald Trump.<\/p>\n<p data-module=\"article-paragraph\" class=\"jsx-362436225 Paragraph\">Apple et Meta sanctionn\u00e9es par Bruxelles. Les deux firmes am\u00e9ricaines devront respectivement payer 500 et 200 millions d&rsquo;euros \u00e0 l&rsquo;UE, a annonc\u00e9 la Commission europ\u00e9enne ce mercredi 23 avril. L&rsquo;initiative fait suite \u00e0 la violation des deux g\u00e9ants du num\u00e9rique de <a href=\"https:\/\/www.tf1info.fr\/high-tech\/facebook-et-instagram-bientot-payants-le-groupe-meta-envisage-un-abonnement-en-europe-sans-publicite-2271893.html\" target=\"_blank\" rel=\"noopener\">certaines r\u00e8gles sur la concurrence<\/a> fix\u00e9es par les 27. \u00ab\u00a0Les d\u00e9cisions prises aujourd\u2019hui envoient un message fort et clair\u00a0\u00bb, a d\u00e9fendu Teresa Ribera, vice-pr\u00e9sidente de la Commission europ\u00e9enne et commissaire \u00e0 la Concurrence, dans un communiqu\u00e9 publi\u00e9 sur le site web de l&rsquo;instance. \u00ab\u00a0La l\u00e9gislation sur les march\u00e9s num\u00e9riques est un instrument essentiel pour lib\u00e9rer le potentiel, la libert\u00e9 de choix et la croissance, en veillant \u00e0 ce que les acteurs num\u00e9riques puissent op\u00e9rer sur des march\u00e9s contestables et \u00e9quitables.\u00a0\u00bb<\/p>\n<p data-module=\"article-paragraph\" class=\"jsx-362436225 Paragraph Paragraph__End\">Dans le d\u00e9tail, il est reproch\u00e9 aux deux entreprises de ne pas avoir respect\u00e9 le cadre du nouveau r\u00e8glement europ\u00e9en sur les march\u00e9s num\u00e9riques (DMA), entr\u00e9 en vigueur l&rsquo;an dernier pour mettre fin <a href=\"https:\/\/www.tf1info.fr\/immobilier\/concurrence-deloyale-les-hoteliers-francais-essuient-un-revers-judiciaire-face-a-airbnb-2329814.html\" target=\"_blank\" rel=\"noopener\">aux abus de position dominante<\/a> des mastodontes de la tech.\u00a0<\/p>\n<p data-module=\"article-paragraph\" class=\"jsx-362436225 Paragraph Paragraph__End\">Pourquoi les deux groupes sanctionn\u00e9s sont-ils particuli\u00e8rement dans le collimateur de Bruxelles ? <a href=\"https:\/\/www.tf1info.fr\/high-tech\/des-milliers-d-iphone-inutilisables-en-russie-a-cause-d-une-mise-a-jour-d-apple-et-faute-de-pieces-de-rechange-2320318.html\" target=\"_blank\" rel=\"noopener\">Apple<\/a> est vis\u00e9 pour avoir mis en place des clauses abusives dans sa boutique d&rsquo;application App Store, au d\u00e9triment des fournisseurs d&rsquo;applications et des utilisateurs. <a href=\"https:\/\/www.tf1info.fr\/high-tech\/internet-meta-annonce-le-deploiement-du-cable-sous-marin-le-plus-long-du-monde-2351601.html\" target=\"_blank\" rel=\"noopener\">Meta<\/a> a pour sa part enfreint une r\u00e8gle encadrant l&rsquo;usage des donn\u00e9es personnelles. Au-del\u00e0 de leur aspect symbolique, le montant des amendes demeure toutefois mod\u00e9r\u00e9 par rapport <a href=\"https:\/\/www.tf1info.fr\/international\/apple-et-google-condamnes-par-la-justice-europeenne-a-verser-plus-de-15-milliards-d-euros-d-amendes-2318867.html\" target=\"_blank\" rel=\"noopener\">\u00e0 celles impos\u00e9es jusqu&rsquo;ici par l&rsquo;Union europ\u00e9enne \u00e0 la \u00ab\u00a0big tech\u00a0\u00bb<\/a>.<\/p>\n<p data-module=\"article-paragraph\" class=\"jsx-362436225 Paragraph Paragraph__End\">Mais cet \u00e9pisode intervient \u00e0 un moment-cl\u00e9 des relations \u00e9conomiques entre l&rsquo;Europe et les \u00c9tats-Unis, marqu\u00e9es par la guerre commerciale men\u00e9e tous azimuts par le pr\u00e9sident am\u00e9ricain, Donald Trump. Le locataire de la Maison Blanche d\u00e9nonce r\u00e9guli\u00e8rement les taxes, amendes et contraintes r\u00e9glementaires impos\u00e9s par l&rsquo;UE aux services num\u00e9riques am\u00e9ricains. Une telle mesure europ\u00e9enne contre les fleurons du secteur outre-Atlantique risque donc d&rsquo;irriter de nouveau le milliardaire. De leur c\u00f4t\u00e9, les deux marques ont chacune contest\u00e9 vigoureusement la d\u00e9cision de la Commission, Apple s&rsquo;estimant \u00ab\u00a0injustement cibl\u00e9\u00a0\u00bb par ces amendes.<\/p>\n<p>T.A. avec AFP<\/p>\n","protected":false},"excerpt":{"rendered":"La Commission europ\u00e9enne vient de prononcer d&rsquo;importantes sanctions financi\u00e8res contre Apple et Meta, deux groupes mis en cause&hellip;\n","protected":false},"author":2,"featured_media":46789,"comment_status":"","ping_status":"","sticky":false,"template":"","format":"standard","meta":{"footnotes":""},"categories":[1586],"tags":[1111,11,733,1921,1777,674,1779,13647,1011,27,1922,12,25,1778,364,133,5642,13648],"class_list":{"0":"post-46788","1":"post","2":"type-post","3":"status-publish","4":"format-standard","5":"has-post-thumbnail","7":"category-europe","8":"tag-actu","9":"tag-actualites","10":"tag-apple","11":"tag-article-video","12":"tag-eu","13":"tag-europe","14":"tag-european-union","15":"tag-facebook-est-mort","16":"tag-fr","17":"tag-france","18":"tag-info","19":"tag-news","20":"tag-republique-francaise","21":"tag-ue","22":"tag-union-europeenne","23":"tag-video","24":"tag-video-economie","25":"tag-vive-meta"},"share_on_mastodon":{"url":"https:\/\/pubeurope.com\/@fr\/114387781252101727","error":""},"_links":{"self":[{"href":"https:\/\/www.europesays.com\/fr\/wp-json\/wp\/v2\/posts\/46788","targetHints":{"allow":["GET"]}}],"collection":[{"href":"https:\/\/www.europesays.com\/fr\/wp-json\/wp\/v2\/posts"}],"about":[{"href":"https:\/\/www.europesays.com\/fr\/wp-json\/wp\/v2\/types\/post"}],"author":[{"embeddable":true,"href":"https:\/\/www.europesays.com\/fr\/wp-json\/wp\/v2\/users\/2"}],"replies":[{"embeddable":true,"href":"https:\/\/www.europesays.com\/fr\/wp-json\/wp\/v2\/comments?post=46788"}],"version-history":[{"count":0,"href":"https:\/\/www.europesays.com\/fr\/wp-json\/wp\/v2\/posts\/46788\/revisions"}],"wp:featuredmedia":[{"embeddable":true,"href":"https:\/\/www.europesays.com\/fr\/wp-json\/wp\/v2\/media\/46789"}],"wp:attachment":[{"href":"https:\/\/www.europesays.com\/fr\/wp-json\/wp\/v2\/media?parent=46788"}],"wp:term":[{"taxonomy":"category","embeddable":true,"href":"https:\/\/www.europesays.com\/fr\/wp-json\/wp\/v2\/categories?post=46788"},{"taxonomy":"post_tag","embeddable":true,"href":"https:\/\/www.europesays.com\/fr\/wp-json\/wp\/v2\/tags?post=46788"}],"curies":[{"name":"wp","href":"https:\/\/api.w.org\/{rel}","templated":true}]}}