{"id":467882,"date":"2025-10-16T16:59:16","date_gmt":"2025-10-16T16:59:16","guid":{"rendered":"https:\/\/www.europesays.com\/fr\/467882\/"},"modified":"2025-10-16T16:59:16","modified_gmt":"2025-10-16T16:59:16","slug":"les-violences-dextreme-droite-du-18-septembre-ont-elles-beneficie-de-la-complaisance-de-la-police-a-montpellier","status":"publish","type":"post","link":"https:\/\/www.europesays.com\/fr\/467882\/","title":{"rendered":"Les violences d\u2019extr\u00eame droite du 18 septembre ont-elles b\u00e9n\u00e9fici\u00e9 de la complaisance de la police \u00e0 Montpellier\u00a0?"},"content":{"rendered":"<p><strong>A l\u2019occasion de la manifestation intersyndicale du 18 septembre \u00e0 Montpellier, une grosse vingtaine d\u2019individus ont commis de multiples agressions plusieurs heures durant. Ce jeudi 16 octobre, l\u2019Observatoire des libert\u00e9s de Montpellier d\u00e9voile son rapport sur cette journ\u00e9e qui questionne l\u2019action des forces de police et \u00e9corne le narratif de la pr\u00e9fecture de l\u2019H\u00e9rault.<\/strong><\/p>\n<p>\u00ab\u00a0Incomp\u00e9tence, inaction ou complaisance \u00bb, s\u2019interroge l\u2019Observatoire des libert\u00e9s de Montpellier (OLM) \u00e0 propos de la gestion des exactions d\u2019un groupe d\u2019extr\u00eame droite le 18 septembre, jour de la manifestation intersyndicale contre le budget Bayrou. L\u2019association, qui surveille les agissements de la police lors des manifestations, afin d\u2019en v\u00e9rifier le caract\u00e8re conforme au droit, \u00e9dite ce jeudi un rapport de 29 pages sur le maintien de l\u2019ordre ce jour-l\u00e0.<\/p>\n<p>Celui-ci ravive les critiques \u00e9mises \u00e0 l\u2019encontre de la pr\u00e9fecture de l\u2019H\u00e9rault, au lendemain des agissements d\u2019un groupuscule d\u2019extr\u00eame droite pendant plusieurs heures dans le centre de la ville. Comme nous le relations dans <a href=\"https:\/\/rapportsdeforce.fr\/classes-en-lutte\/18-septembre-des-agressions-dextreme-droite-a-montpellier-en-toute-impunite-091925468\" target=\"_blank\" rel=\"noopener\">notre premier article<\/a>, un groupe de vingt \u00e0 trente hommes, habill\u00e9s de noir, visage dissimul\u00e9 pour certains, avait d\u2019abord insult\u00e9 des lyc\u00e9ennes participant au blocage de leur \u00e9tablissement. Par la suite, ils \u00e9taient venus provoquer les manifestants du 18 septembre, apr\u00e8s la dissolution du d\u00e9fil\u00e9, avant d\u2019\u00eatre exfiltr\u00e9s de la place de la Com\u00e9die par les forces de l\u2019ordre. Plus tard, certains d\u2019entre eux avaient bouscul\u00e9 des membres d\u2019OLM sur l\u2019Esplanade Charles-de-Gaulle avant que le groupe reform\u00e9 d\u2019une vingtaine de personnes ne tabasse trois clients d\u2019un bar dans le quartier des Beaux-Arts.<\/p>\n<p><strong>Une inaction qui interroge l\u2019OLM<\/strong><\/p>\n<p>\u00abContacts inappropri\u00e9s\u00a0\u00bb entre des membres de la Brigade anticriminalit\u00e9 et des individus d\u2019un groupe apparent\u00e9 \u00e0 l\u2019extr\u00eame droite, \u00ab\u00a0inaction\u00a0\u00bb face \u00e0 des coups de ces m\u00eames personnes au visage masqu\u00e9 en pr\u00e9sence de policiers, \u00ab\u00a0raccompagnement des auteurs de l\u2019infraction\u00a0\u00bb en lieu et place de leur interpellation. Les observatrices et observateurs d\u2019OLM \u00e9voquent \u00ab\u00a0des faits extr\u00eamement grave\u00a0\u00bb, photos et vid\u00e9os \u00e0 l\u2019appui.<\/p>\n<p>La s\u00e9quence film\u00e9e se d\u00e9coupe de la fa\u00e7on suivante. Dans un premier temps, des membres de la BAC discutent avec des individus situ\u00e9s en marge des manifestants rest\u00e9s sur place apr\u00e8s la dissolution des cort\u00e8ges syndicaux. Ils sont rejoints quelques minutes plus tard par un jeune homme qui \u00ab\u00a0porte un drapeau fran\u00e7ais sur l\u2019\u00e9paule gauche\u00a0\u00bb. Celui-ci se dirige vers un des observateurs qui filmait la sc\u00e8ne. Deux coups lui sont port\u00e9s \u00e0 la gorge. Dans les minutes qui suivent, il s\u2019en prend \u00e0 un autre observateur qui filmait. Il lui \u00ab\u00a0met un coup dans son t\u00e9l\u00e9phone qui tombe derri\u00e8re lui, puis le pousse\u00a0\u00bb, explique le rapport. Et ce, alors que les policiers sont pr\u00e9sents.<\/p>\n<p>\u00ab\u00a0Il y a au moins quatre membres de la BAC dans un rayon de 2 m\u00e8tres autour de ces deux agressions et une vingtaine de forces de l\u2019ordre pr\u00e9sents en tout dans un p\u00e9rim\u00e8tre de 10 ou 15 m\u00e8tres autour. Aucun membre de la BAC ne l\u2019interpelle, ne contr\u00f4le son identit\u00e9, ni ne fait de remarque sur son masque\u00a0\u00bb, explique le rapport document\u00e9 par des vid\u00e9os. Pire, \u00ab\u00a0la BAC pr\u00e9sente en nombre prot\u00e8ge l\u2019agresseur en enjoignant aux observateurs de rester \u00e9loign\u00e9set de ne pas s\u2019approcher. Malgr\u00e9 ces trois agressions, ainsi qu\u2019un geste violent envers un membre de la BAC, les quatre individus sont tranquillement escort\u00e9s plus loin par trois agents de la BAC et deux agents de la Police Nationale, tandis que les manifestant.es sont menac\u00e9.es d\u2019\u00eatre gaz\u00e9.es et somm\u00e9.es de se disperser\u00a0\u00bb.<\/p>\n<p><strong>Une pr\u00e9fecture comptable des violences<\/strong> ?<\/p>\n<p>Le rapport d\u2019OLM ne documente qu\u2019une partie de la vir\u00e9e du groupe d\u2019extr\u00eame droite le 18 septembre, celle o\u00f9 ses observateurs \u00e9taient pr\u00e9sents sur l\u2019Esplanade Charles de Gaulle. Mais l\u2019inaction des forces de l\u2019ordre \u00e0 ce moment-l\u00e0 n\u2019est pas la seule surprise de cette journ\u00e9e qui aboutit \u00e0 la violente agression dans le quartier des Beaux-Arts, o\u00f9 une vingtaine d\u2019individus rouent de coups trois personnes \u00e0 la terrasse d\u2019un caf\u00e9.<\/p>\n<p>Deux heures plus t\u00f4t, le m\u00eame groupe d\u2019individus faisait d\u00e9j\u00e0 des siennes aux abords d\u2019un lyc\u00e9e situ\u00e9 \u00e0 200 m\u00e8tres de l\u00e0. Dans une note \u00e0 la communaut\u00e9 \u00e9ducative de l\u2019\u00e9tablissement scolaire, son proviseur explique qu\u2019une \u00ab\u00a0bonne trentaine d\u2019individus scandant des propos r\u00e9pr\u00e9hensibles dans le cadre de la loi, sont arriv\u00e9s aux abords de l\u2019\u00e9tablissement\u00a0\u00bb. Le proviseur a alors fait entrer dans l\u2019enceinte du lyc\u00e9e ses \u00e9l\u00e8ves pour les mettre en s\u00e9curit\u00e9 tout le temps de la pr\u00e9sence du groupe qui cr\u00e9ait \u00ab\u00a0un r\u00e9el climat d\u2019ins\u00e9curit\u00e9\u00a0\u00bb. Et le chef d\u2019\u00e9tablissement de conclure\u00a0: \u00ab\u00a0la hi\u00e9rarchie et la Police Nationale ont \u00e9t\u00e9 tenues au courant en permanence de l\u2019\u00e9volution de la situation\u00a0\u00bb. Une premi\u00e8re occasion manqu\u00e9e de mettre fin \u00e0 la vir\u00e9e de ce groupe et donc d\u2019\u00e9viter l\u2019agression des Beaux-Arts. Mais une occasion dont le pr\u00e9fet se d\u00e9fend par voie de communiqu\u00e9 en expliquant qu\u2019\u00e0 l\u2019arriv\u00e9e des policiers le dit groupe n\u2019\u00e9tait plus pr\u00e9sent.<\/p>\n<p>Pourtant, il n\u2019\u00e9tait pas loin, puisqu\u2019on le retrouve aux abords de la fin de la manifestation intersyndicale. C\u2019est ce groupe qui fera face aux manifestants rest\u00e9s sur la place de la Com\u00e9die et qui sera exfiltr\u00e9 par la police. Selon un communiqu\u00e9 du 26 septembre, la pr\u00e9fecture assure que leurs identit\u00e9s ont \u00e9t\u00e9 v\u00e9rifi\u00e9es \u00e0 cette occasion et que les forces de l\u2019ordre ne pouvaient pas faire plus. Une assertion surprenante dans la mesure o\u00f9 un signalement d\u2019agissements \u00ab\u00a0r\u00e9pr\u00e9hensible dans le cadre de la loi\u00a0\u00bb du groupe avait d\u00e9j\u00e0 \u00e9t\u00e9 effectu\u00e9 par le proviseur d\u2019un lyc\u00e9e et que plusieurs des membres du groupe avaient le visage dissimul\u00e9. Une seconde occasion manqu\u00e9e. Avant une troisi\u00e8me lorsqu\u2019une partie de ceux-ci frappent et bouscules des observatrices et observateurs de l\u2019OLM. Avec le r\u00e9sultat que l\u2019on conna\u00eet\u00a0: trois bless\u00e9s aux Beaux Arts dont deux conduits aux urgences. Pour les membres d\u2019OLM, l\u2019impunit\u00e9 dont ils ont b\u00e9n\u00e9fici\u00e9 au d\u00e9but de leur p\u00e9riple conduit \u00e0 des violences plus importantes par la suite.<\/p>\n<p><strong>Des plaintes et une enqu\u00eate<\/strong><\/p>\n<p>L\u2019agression des Beaux-Arts ayant eu lieu sur une place couverte par des cam\u00e9ras de vid\u00e9osurveillance, le Maire de Montpellier a fait un signalement au procureur de la R\u00e9publique qui a ouvert une enqu\u00eate le 23 septembre. Les trois victimes ont \u00e9galement d\u00e9pos\u00e9 plainte et ont \u00e9t\u00e9 entendues par les enqu\u00eateurs. Mais un mois apr\u00e8s les faits, ni la pr\u00e9fecture ni le procureur n\u2019ont communiqu\u00e9 sur les suites de l\u2019enqu\u00eate. Pourtant, l\u2019identification des auteurs ne devrait pas \u00eatre d\u2019une grande complexit\u00e9. En effet, en plus des images de l\u2019agression fournies par la municipalit\u00e9, d\u2019autres, nombreuses, du lyc\u00e9e Joffre jusqu\u2019\u00e0 l\u2019acte final, ont \u00e9t\u00e9 publi\u00e9es dans la presse et sur les r\u00e9seaux sociaux. Sans compter que selon les dires du pr\u00e9fet, les identit\u00e9s de l\u2019ensemble du groupe ont \u00e9t\u00e9 relev\u00e9es par les forces de police place de la Com\u00e9die.<\/p>\n<p>A moins que la c\u00e9cit\u00e9 dont ont fait preuve les autorit\u00e9s le 18 septembre ne connaisse une prolongation. En tout cas, dans les jours qui viennent la Ligue des droits de l\u2019homme nationale saisira aussi le procureur de la R\u00e9publique \u00e0 propos des violences qu\u2019ont subit les observatrices et observateurs ce jour-l\u00e0.<\/p>\n<p><strong>Faisons face ensemble !<\/strong><\/p>\n<p>Si les 5000 personnes qui nous lisent chaque semaine (400 000\/an) faisaient un don ne serait-ce que de 1\u20ac, 2\u20ac ou 3\u20ac\/mois (0,34\u20ac, 0,68\u20ac ou 1,02\u20ac apr\u00e8s d\u00e9duction d\u2019imp\u00f4ts), la r\u00e9daction de Rapports de force pourrait compter 4 journalistes \u00e0 temps complets (au lieu de trois \u00e0 tiers temps) pour fabriquer le journal. Et ainsi faire beaucoup plus et bien mieux.<\/p>\n<p><strong><a href=\"https:\/\/rapportsdeforce.fr\/je-soutiens\" target=\"_blank\" rel=\"noreferrer noopener\">Renforcez Rapports de force\u00a0! Engagez-vous \u00e0 nos c\u00f4t\u00e9s\u00a0!<\/a><\/strong><\/p>\n","protected":false},"excerpt":{"rendered":"A l\u2019occasion de la manifestation intersyndicale du 18 septembre \u00e0 Montpellier, une grosse vingtaine d\u2019individus ont commis de&hellip;\n","protected":false},"author":2,"featured_media":401895,"comment_status":"","ping_status":"","sticky":false,"template":"","format":"standard","meta":{"footnotes":""},"categories":[9599],"tags":[1111,11,1777,674,1076,1011,27,2208,12,2680,1072,25],"class_list":{"0":"post-467882","1":"post","2":"type-post","3":"status-publish","4":"format-standard","5":"has-post-thumbnail","7":"category-montpellier","8":"tag-actu","9":"tag-actualites","10":"tag-eu","11":"tag-europe","12":"tag-extreme-droite","13":"tag-fr","14":"tag-france","15":"tag-montpellier","16":"tag-news","17":"tag-occitanie","18":"tag-police","19":"tag-republique-francaise"},"share_on_mastodon":{"url":"https:\/\/pubeurope.com\/@fr\/115384914095363435","error":""},"_links":{"self":[{"href":"https:\/\/www.europesays.com\/fr\/wp-json\/wp\/v2\/posts\/467882","targetHints":{"allow":["GET"]}}],"collection":[{"href":"https:\/\/www.europesays.com\/fr\/wp-json\/wp\/v2\/posts"}],"about":[{"href":"https:\/\/www.europesays.com\/fr\/wp-json\/wp\/v2\/types\/post"}],"author":[{"embeddable":true,"href":"https:\/\/www.europesays.com\/fr\/wp-json\/wp\/v2\/users\/2"}],"replies":[{"embeddable":true,"href":"https:\/\/www.europesays.com\/fr\/wp-json\/wp\/v2\/comments?post=467882"}],"version-history":[{"count":0,"href":"https:\/\/www.europesays.com\/fr\/wp-json\/wp\/v2\/posts\/467882\/revisions"}],"wp:featuredmedia":[{"embeddable":true,"href":"https:\/\/www.europesays.com\/fr\/wp-json\/wp\/v2\/media\/401895"}],"wp:attachment":[{"href":"https:\/\/www.europesays.com\/fr\/wp-json\/wp\/v2\/media?parent=467882"}],"wp:term":[{"taxonomy":"category","embeddable":true,"href":"https:\/\/www.europesays.com\/fr\/wp-json\/wp\/v2\/categories?post=467882"},{"taxonomy":"post_tag","embeddable":true,"href":"https:\/\/www.europesays.com\/fr\/wp-json\/wp\/v2\/tags?post=467882"}],"curies":[{"name":"wp","href":"https:\/\/api.w.org\/{rel}","templated":true}]}}