{"id":467887,"date":"2025-10-16T17:03:11","date_gmt":"2025-10-16T17:03:11","guid":{"rendered":"https:\/\/www.europesays.com\/fr\/467887\/"},"modified":"2025-10-16T17:03:11","modified_gmt":"2025-10-16T17:03:11","slug":"grenoble-lecrivain-japonais-akira-mizubayashi-sera-au-square-mardi-21-octobre","status":"publish","type":"post","link":"https:\/\/www.europesays.com\/fr\/467887\/","title":{"rendered":"Grenoble. L\u2019\u00e9crivain japonais Akira Mizubayashi sera au Square mardi 21\u00a0octobre"},"content":{"rendered":"<p>Mardi 21\u00a0octobre, \u00e0 19\u00a0heures, la librairie Le Square (2 place Dr \u00a0L\u00e9on-Martin) recevra Akira Mizubayashi pour son dernier roman La For\u00eat de flammes et d\u2019ombres paru aux \u00e9ditions Gallimard.<\/p>\n<p>Fin 1944, alors que le Japon s\u2019enfonce dans la guerre, trois \u00e9tudiants se lient autour de la musique, de la peinture et des lettres. L\u2019un d\u2019eux revient mutil\u00e9 du front, mais l\u2019amour et l\u2019amiti\u00e9 lui donneront l\u2019\u00e9nergie n\u00e9cessaire pour retrouver la lumi\u00e8re au sein du chaos.<\/p>\n<p>\u00c9crivain japonais d\u2019expression fran\u00e7aise, l\u2019invit\u00e9 vient de recevoir le Grand Prix de la francophonie de l\u2019Acad\u00e9mie fran\u00e7aise. Il a \u00e9galement \u00e9t\u00e9 fait docteur honoris causa de l\u2019Universit\u00e9 de Grenoble.<\/p>\n<p class=\"note\">R\u00e9servation conseill\u00e9e au 04\u00a076\u00a046\u00a061\u00a063 ou par mail\u00a0: reservation@librairielesquare.fr<\/p>\n","protected":false},"excerpt":{"rendered":"Mardi 21\u00a0octobre, \u00e0 19\u00a0heures, la librairie Le Square (2 place Dr \u00a0L\u00e9on-Martin) recevra Akira Mizubayashi pour son dernier&hellip;\n","protected":false},"author":2,"featured_media":467888,"comment_status":"","ping_status":"","sticky":false,"template":"","format":"standard","meta":{"footnotes":""},"categories":[9566],"tags":[1111,11,2430,6211,1687,112,1777,674,1011,27,2731,2732,12,5486,25],"class_list":{"0":"post-467887","1":"post","2":"type-post","3":"status-publish","4":"format-standard","5":"has-post-thumbnail","7":"category-grenoble","8":"tag-actu","9":"tag-actualites","10":"tag-auvergne-rhone-alpes","11":"tag-conference","12":"tag-culture-loisirs","13":"tag-edition-grenoble-agglomeration","14":"tag-eu","15":"tag-europe","16":"tag-fr","17":"tag-france","18":"tag-grenoble","19":"tag-grenoble-bassin","20":"tag-news","21":"tag-rencontre","22":"tag-republique-francaise"},"share_on_mastodon":{"url":"https:\/\/pubeurope.com\/@fr\/115384929718871431","error":""},"_links":{"self":[{"href":"https:\/\/www.europesays.com\/fr\/wp-json\/wp\/v2\/posts\/467887","targetHints":{"allow":["GET"]}}],"collection":[{"href":"https:\/\/www.europesays.com\/fr\/wp-json\/wp\/v2\/posts"}],"about":[{"href":"https:\/\/www.europesays.com\/fr\/wp-json\/wp\/v2\/types\/post"}],"author":[{"embeddable":true,"href":"https:\/\/www.europesays.com\/fr\/wp-json\/wp\/v2\/users\/2"}],"replies":[{"embeddable":true,"href":"https:\/\/www.europesays.com\/fr\/wp-json\/wp\/v2\/comments?post=467887"}],"version-history":[{"count":0,"href":"https:\/\/www.europesays.com\/fr\/wp-json\/wp\/v2\/posts\/467887\/revisions"}],"wp:featuredmedia":[{"embeddable":true,"href":"https:\/\/www.europesays.com\/fr\/wp-json\/wp\/v2\/media\/467888"}],"wp:attachment":[{"href":"https:\/\/www.europesays.com\/fr\/wp-json\/wp\/v2\/media?parent=467887"}],"wp:term":[{"taxonomy":"category","embeddable":true,"href":"https:\/\/www.europesays.com\/fr\/wp-json\/wp\/v2\/categories?post=467887"},{"taxonomy":"post_tag","embeddable":true,"href":"https:\/\/www.europesays.com\/fr\/wp-json\/wp\/v2\/tags?post=467887"}],"curies":[{"name":"wp","href":"https:\/\/api.w.org\/{rel}","templated":true}]}}