{"id":467891,"date":"2025-10-16T17:05:15","date_gmt":"2025-10-16T17:05:15","guid":{"rendered":"https:\/\/www.europesays.com\/fr\/467891\/"},"modified":"2025-10-16T17:05:15","modified_gmt":"2025-10-16T17:05:15","slug":"renovation-de-la-dalle-colombier-a-rennes-le-projet-se-devoile","status":"publish","type":"post","link":"https:\/\/www.europesays.com\/fr\/467891\/","title":{"rendered":"R\u00e9novation de la dalle Colombier \u00e0 Rennes\u00a0: le projet se d\u00e9voile"},"content":{"rendered":"<p>Mois apr\u00e8s mois, le projet de r\u00e9habilitation de la dalle Colombier s\u2019affine. Le 24 juin 2025, la Ville de Rennes a pr\u00e9sent\u00e9 aux riverains et commer\u00e7ants les avanc\u00e9es et le calendrier pr\u00e9visionnel. Outre le centre commercial des 3 Soleils, dont <a href=\"https:\/\/www.letelegramme.fr\/ille-et-vilaine\/rennes-35000\/ca-ne-sera-plus-le-batiment-le-plus-moche-de-rennes-voici-a-quoi-va-ressembler-le-futur-centre-commercial-3-soleils-6837342.php\" target=\"_blank\" rel=\"noopener\">la r\u00e9habilitation a \u00e9t\u00e9 valid\u00e9e par les 53 copropri\u00e9taires<\/a>, la Ville a donn\u00e9 un premier aper\u00e7u de ce que pourrait devenir le b\u00e2timent Le Sully, un immeuble en R + 2 livr\u00e9 en 1970 qui accueille un centre d\u2019affaires dans les \u00e9tages et des cellules commerciales sous des arcades en rez-de-chauss\u00e9e.<\/p>\n<p>Des arcades rabot\u00e9es pour laisser de la place aux commerces ?<\/p>\n<p>Dans un document pr\u00e9sent\u00e9 aux habitants que nous avons pu consulter, la Ville de Rennes a ainsi d\u00e9voil\u00e9 une premi\u00e8re image de ce que pourrait devenir le b\u00e2timent. La grande nouveaut\u00e9 propos\u00e9e par le cabinet d\u2019architectes Artkansas (qui pilote \u00e9galement la r\u00e9novation des 3 Soleils), et la plus impactante pour le public, se situe au rez-de-chauss\u00e9e. Le cabinet d\u2019architecture, \u00e0 la man\u0153uvre \u00e9galement aux 3 Soleils, propose d\u2019agrandir les commerces presque jusqu\u2019aux poteaux des arcades. Selon nos informations, cette proposition n\u2019est pas encore valid\u00e9e par le conseil syndical de l\u2019immeuble. Une r\u00e9union devrait se tenir le 27 novembre pour avancer sur le sujet.<\/p>\n<p>Quel avenir pour l\u2019ancien cin\u00e9ma ?<\/p>\n<p>Quant aux anciens cin\u00e9mas Colombier, ferm\u00e9s depuis 2019, leur reconversion est encore floue. La collectivit\u00e9 envisage de \u00ab cr\u00e9er un lieu de destination \u00bb et de \u00ab tester des usages par une phase d\u2019urbanisme transitoire \u00bb.<\/p>\n<p>Enjeu de d\u00e9veloppement de cette place tr\u00e8s min\u00e9rale, sa v\u00e9g\u00e9talisation a aussi \u00e9t\u00e9 abord\u00e9e lors de cette r\u00e9union. Si aucun projet concret n\u2019a \u00e9t\u00e9 d\u00e9voil\u00e9, l\u2019id\u00e9e est de \u00ab v\u00e9g\u00e9taliser la place pour la raccorder aux trames existantes, notamment les c\u0153urs d\u2019\u00eelots \u00e0 proximit\u00e9 \u00bb. Le document pr\u00e9sent\u00e9 propose trois types d\u2019am\u00e9nagements, qui consistent \u00e0 cr\u00e9er des jardins \u00ab dans l\u2019\u00e9paisseur de la dalle \u00bb, \u00ab sur la dalle \u00bb ou en mixant les deux. Toutefois, ces solutions sont \u00ab \u00e0 consid\u00e9rer au regard des impacts sur les espaces en sous-sol \u00bb.<\/p>\n<p>R\u00e9flexion sur l\u2019\u00e9clairage public<\/p>\n<p>Une r\u00e9flexion est \u00e9galement men\u00e9e sur l\u2019\u00e9clairage public. Des exemples de ce qui existe dans d\u2019autres villes ont \u00e9t\u00e9 pr\u00e9sent\u00e9s, notamment des \u00e9clairages dans le mobilier urbain aux Halles de Paris, ou via des \u00ab potelets \u00bb (petits lampadaires, de faible hauteur), en Su\u00e8de.<\/p>\n<p>Concernant la place du Colombier, lieu de passage tr\u00e8s fr\u00e9quent\u00e9 mais marqu\u00e9e par de nombreuses incivilit\u00e9s et trafics, \u00ab une consultation pour d\u00e9signer d\u00e9but 2026 une \u00e9quipe de ma\u00eetrise d\u2019\u0153uvre urbaine \u00bb a \u00e9t\u00e9 lanc\u00e9e cet \u00e9t\u00e9, indique le document. Les premiers travaux sont esp\u00e9r\u00e9s en 2027.<\/p>\n<p>Parmi les autres travaux programm\u00e9s, la requalification de la place du Mar\u00e9chal Juin, derri\u00e8re le b\u00e2timent Le Sully. Les \u00e9tudes pr\u00e9liminaires et la concertation se tiennent jusqu\u2019\u00e0 d\u00e9but 2026, pour des travaux entre septembre 2026 et l\u2019\u00e9t\u00e9 2027.<\/p>\n","protected":false},"excerpt":{"rendered":"Mois apr\u00e8s mois, le projet de r\u00e9habilitation de la dalle Colombier s\u2019affine. Le 24 juin 2025, la Ville&hellip;\n","protected":false},"author":2,"featured_media":467892,"comment_status":"","ping_status":"","sticky":false,"template":"","format":"standard","meta":{"footnotes":""},"categories":[2821],"tags":[1111,11,829,1777,674,1011,27,848,12,50972,584,25,10810],"class_list":{"0":"post-467891","1":"post","2":"type-post","3":"status-publish","4":"format-standard","5":"has-post-thumbnail","7":"category-rennes","8":"tag-actu","9":"tag-actualites","10":"tag-bretagne","11":"tag-eu","12":"tag-europe","13":"tag-fr","14":"tag-france","15":"tag-ille-et-vilaine","16":"tag-news","17":"tag-newsletter-la-rennes-quotidienne","18":"tag-rennes","19":"tag-republique-francaise","20":"tag-urbanisme-a-rennes"},"share_on_mastodon":{"url":"https:\/\/pubeurope.com\/@fr\/115384937687005616","error":""},"_links":{"self":[{"href":"https:\/\/www.europesays.com\/fr\/wp-json\/wp\/v2\/posts\/467891","targetHints":{"allow":["GET"]}}],"collection":[{"href":"https:\/\/www.europesays.com\/fr\/wp-json\/wp\/v2\/posts"}],"about":[{"href":"https:\/\/www.europesays.com\/fr\/wp-json\/wp\/v2\/types\/post"}],"author":[{"embeddable":true,"href":"https:\/\/www.europesays.com\/fr\/wp-json\/wp\/v2\/users\/2"}],"replies":[{"embeddable":true,"href":"https:\/\/www.europesays.com\/fr\/wp-json\/wp\/v2\/comments?post=467891"}],"version-history":[{"count":0,"href":"https:\/\/www.europesays.com\/fr\/wp-json\/wp\/v2\/posts\/467891\/revisions"}],"wp:featuredmedia":[{"embeddable":true,"href":"https:\/\/www.europesays.com\/fr\/wp-json\/wp\/v2\/media\/467892"}],"wp:attachment":[{"href":"https:\/\/www.europesays.com\/fr\/wp-json\/wp\/v2\/media?parent=467891"}],"wp:term":[{"taxonomy":"category","embeddable":true,"href":"https:\/\/www.europesays.com\/fr\/wp-json\/wp\/v2\/categories?post=467891"},{"taxonomy":"post_tag","embeddable":true,"href":"https:\/\/www.europesays.com\/fr\/wp-json\/wp\/v2\/tags?post=467891"}],"curies":[{"name":"wp","href":"https:\/\/api.w.org\/{rel}","templated":true}]}}