{"id":467895,"date":"2025-10-16T17:07:22","date_gmt":"2025-10-16T17:07:22","guid":{"rendered":"https:\/\/www.europesays.com\/fr\/467895\/"},"modified":"2025-10-16T17:07:22","modified_gmt":"2025-10-16T17:07:22","slug":"strasbourg-un-incendie-dans-un-immeuble-la-piste-criminelle-privilegiee-un-homme-en-garde-a-vue","status":"publish","type":"post","link":"https:\/\/www.europesays.com\/fr\/467895\/","title":{"rendered":"Strasbourg : un incendie dans un immeuble, la piste criminelle privil\u00e9gi\u00e9e, un homme en garde \u00e0 vue"},"content":{"rendered":"<p>Apr\u00e8s l\u2019incendie qui a caus\u00e9 un d\u00e9c\u00e8s dans une r\u00e9sidence situ\u00e9e sur la route des Romains, dans le secteur de Koenigshoffen \u00e0 Strasbourg, l\u2019hypoth\u00e8se d\u2019un acte criminel est privil\u00e9gi\u00e9e. Les secours ont \u00e9t\u00e9 alert\u00e9s samedi 20 septembre au soir, et leur intervention a permis d\u2019\u00e9teindre rapidement les flammes. La justice a ouvert une enqu\u00eate pour d\u00e9gradations volontaires par incendie, ayant entra\u00een\u00e9 la mort d\u2019une personne. Le bilan officiel indique qu\u2019un homme, dont l\u2019identit\u00e9 n\u2019a pas \u00e9t\u00e9 divulgu\u00e9e, a perdu la vie dans cet incendie, tandis que huit autres occupants ont \u00e9t\u00e9 \u00e9vacu\u00e9s dans un \u00e9tat d\u2019urgence relative, parmi eux deux mineurs.<\/p>\n<p>Un individu sous surveillance<\/p>\n<p>Une personne suspect\u00e9e d\u2019\u00eatre responsable de cet incendie intense a \u00e9t\u00e9 plac\u00e9e en garde \u00e0 vue \u00e0 Strasbourg. Il s\u2019agit apparemment d\u2019un locataire r\u00e9sident au rez-de-chauss\u00e9e de l\u2019immeuble endommag\u00e9. Selon les t\u00e9moins, cet homme aurait \u00e9t\u00e9 vu la veille de l\u2019incendie en train de rentrer chez lui avec un chariot rempli de bois. Un voisin, K\u00e9vin, raconte que l\u2019individu est sorti quand tout \u00e9tait en flammes pour s\u2019asseoir simplement devant le b\u00e2timent, adoptant une attitude indiff\u00e9rente face \u00e0 la catastrophe. Sur place, les experts de la police scientifique ont \u0153uvr\u00e9 tout le dimanche, en recueillant des t\u00e9moignages et en r\u00e9alisant des analyses pour d\u00e9terminer le point de d\u00e9part du feu ainsi que pour identifier les personnes pr\u00e9sentes lors de l\u2019incendie.<\/p>\n<p>Une femme retrouv\u00e9e apr\u00e8s \u00eatre recherch\u00e9e<\/p>\n<p>Une femme, qui \u00e9tait activement recherch\u00e9e sans confirmation si elle se trouvait \u00e0 son domicile au moment du sinistre, a \u00e9t\u00e9 localis\u00e9e dans la soir\u00e9e du samedi. Les autorit\u00e9s ont indiqu\u00e9 qu\u2019elle s\u2019\u00e9tait signal\u00e9e pour rassurer qu\u2019elle \u00e9tait en s\u00e9curit\u00e9. La sc\u00e8ne a \u00e9galement \u00e9t\u00e9 marqu\u00e9e par la trag\u00e9die de la d\u00e9couverte de plusieurs corps, dont celui d\u2019un homme d\u2019environ cinquante ans handicap\u00e9, retrouv\u00e9 dans les d\u00e9combres. En fauteuil roulant, il n\u2019a pas pu quitter le b\u00e2timent \u00e0 temps. La m\u00eame soir\u00e9e, le corps d\u2019un chien a \u00e9galement \u00e9t\u00e9 retrouv\u00e9 parmi les d\u00e9tritus.<\/p>\n<p>Les d\u00e9g\u00e2ts et l\u2019\u00e9tat de l\u2019immeuble<\/p>\n<p>Les pompiers sont rest\u00e9s mobilis\u00e9s tout le dimanche matin pour continuer de d\u00e9gager les gravats du b\u00e2timent situ\u00e9 au 36, route des Romains, qui a \u00e9t\u00e9 compl\u00e8tement ravag\u00e9 par le feu. L\u2019immeuble, qui avait \u00e9t\u00e9 en proie aux flammes samedi vers 18h40, a \u00e9t\u00e9 r\u00e9duit en cendres, ne laissant que des d\u00e9bris. Les \u00e9quipes ont d\u00fb utiliser une \u00e9chelle \u00e9l\u00e9vatrice pour \u00e9vacuer les d\u00e9bris, et plusieurs photos t\u00e9moignent de l\u2019ampleur de la destruction. La rapidit\u00e9 de l\u2019intervention des secours a permis d\u2019\u00e9viter que les b\u00e2timents mitoyens soient \u00e9galement gravement endommag\u00e9s.<\/p>\n<p>Un bilan fun\u00e8bre et une pr\u00e9sence polici\u00e8re\u00bb<\/p>\n<p>Le d\u00e9c\u00e8s d\u2019un homme handicap\u00e9 dans les d\u00e9combres a \u00e9t\u00e9 confirm\u00e9 samedi soir, tandis que le corps d\u2019un chien a aussi \u00e9t\u00e9 retrouv\u00e9 dans les d\u00e9bris. Quant aux huit autres victimes hospitalis\u00e9es, la majorit\u00e9 ont inhal\u00e9 des fum\u00e9es toxiques mais leurs jours ne sont pas en danger. Parmi elles, deux mineurs ont \u00e9t\u00e9 pris en charge par les secours. Certains occupants \u00e9taient absents lors de l\u2019incendie, d\u2019autres ont d\u00e9cid\u00e9 de rentrer dans leurs logements pour r\u00e9cup\u00e9rer des affaires, notamment une m\u00e8re avec ses trois enfants. Ces derniers ont \u00e9t\u00e9 h\u00e9berg\u00e9s pour la nuit, et celui-ci a pu acc\u00e9der \u00e0 leur appartement voisin, indemne, pour r\u00e9cup\u00e9rer des m\u00e9dicaments. La ville a \u00e9galement pris en main la gestion de la situation des habitants qui n\u2019ont pas pu repartir imm\u00e9diatement, notamment en leur offrant une h\u00e9bergement temporaire.<\/p>\n<p>Les t\u00e9moins de la solidarit\u00e9<\/p>\n<p>L\u2019intervention rapide de voisins et de personnes pr\u00e9sentes sur place a \u00e9t\u00e9 soulign\u00e9e par Nadia Zourgui, adjointe au maire de Strasbourg. Elle a salu\u00e9 leur d\u00e9vouement, notamment des individuels, peut-\u00eatre des demandeurs d\u2019asile, qui ont agi en premier pour pr\u00e9venir les autres habitants et aider \u00e0 leur \u00e9vacuation face \u00e0 la propagation rapide des flammes et \u00e0 la forte \u00e9mission de fum\u00e9es. Leur solidarit\u00e9 a permis d\u2019\u00e9viter le pire, et la solidarit\u00e9 continue de s\u2019organiser pour soutenir ceux qui ont \u00e9t\u00e9 affect\u00e9s par cette trag\u00e9die.<\/p>\n","protected":false},"excerpt":{"rendered":"Apr\u00e8s l\u2019incendie qui a caus\u00e9 un d\u00e9c\u00e8s dans une r\u00e9sidence situ\u00e9e sur la route des Romains, dans le&hellip;\n","protected":false},"author":2,"featured_media":467896,"comment_status":"","ping_status":"","sticky":false,"template":"","format":"standard","meta":{"footnotes":""},"categories":[2820],"tags":[1111,11,6696,1446,1777,674,1011,27,8712,775,4933,5480,1310,12,8061,11196,25,640,13373],"class_list":{"0":"post-467895","1":"post","2":"type-post","3":"status-publish","4":"format-standard","5":"has-post-thumbnail","7":"category-strasbourg","8":"tag-actu","9":"tag-actualites","10":"tag-criminelle","11":"tag-dans","12":"tag-eu","13":"tag-europe","14":"tag-fr","15":"tag-france","16":"tag-garde","17":"tag-grand-est","18":"tag-homme","19":"tag-immeuble","20":"tag-incendie","21":"tag-news","22":"tag-piste","23":"tag-privilegiee","24":"tag-republique-francaise","25":"tag-strasbourg","26":"tag-vue"},"share_on_mastodon":{"url":"https:\/\/pubeurope.com\/@fr\/115384945418847509","error":""},"_links":{"self":[{"href":"https:\/\/www.europesays.com\/fr\/wp-json\/wp\/v2\/posts\/467895","targetHints":{"allow":["GET"]}}],"collection":[{"href":"https:\/\/www.europesays.com\/fr\/wp-json\/wp\/v2\/posts"}],"about":[{"href":"https:\/\/www.europesays.com\/fr\/wp-json\/wp\/v2\/types\/post"}],"author":[{"embeddable":true,"href":"https:\/\/www.europesays.com\/fr\/wp-json\/wp\/v2\/users\/2"}],"replies":[{"embeddable":true,"href":"https:\/\/www.europesays.com\/fr\/wp-json\/wp\/v2\/comments?post=467895"}],"version-history":[{"count":0,"href":"https:\/\/www.europesays.com\/fr\/wp-json\/wp\/v2\/posts\/467895\/revisions"}],"wp:featuredmedia":[{"embeddable":true,"href":"https:\/\/www.europesays.com\/fr\/wp-json\/wp\/v2\/media\/467896"}],"wp:attachment":[{"href":"https:\/\/www.europesays.com\/fr\/wp-json\/wp\/v2\/media?parent=467895"}],"wp:term":[{"taxonomy":"category","embeddable":true,"href":"https:\/\/www.europesays.com\/fr\/wp-json\/wp\/v2\/categories?post=467895"},{"taxonomy":"post_tag","embeddable":true,"href":"https:\/\/www.europesays.com\/fr\/wp-json\/wp\/v2\/tags?post=467895"}],"curies":[{"name":"wp","href":"https:\/\/api.w.org\/{rel}","templated":true}]}}