{"id":467911,"date":"2025-10-16T17:15:20","date_gmt":"2025-10-16T17:15:20","guid":{"rendered":"https:\/\/www.europesays.com\/fr\/467911\/"},"modified":"2025-10-16T17:15:20","modified_gmt":"2025-10-16T17:15:20","slug":"les-journees-techniques-eau-et-dechets-a-toulouse-fin-octobre","status":"publish","type":"post","link":"https:\/\/www.europesays.com\/fr\/467911\/","title":{"rendered":"Les Journ\u00e9es Techniques Eau et D\u00e9chets \u00e0 Toulouse fin octobre"},"content":{"rendered":"<p>La douzi\u00e8me \u00e9dition des \u00ab\u00a0Journ\u00e9es techniques eau et d\u00e9chets\u00a0\u00bb aura lieu les 22 et 23\u00a0octobre \u00e0 Toulouse.<\/p>\n<p>Le traitement de l\u2019eau et des d\u00e9chets, notamment en milieu urbain, sont des activit\u00e9s historiquement tr\u00e8s centralis\u00e9es. Dans une logique de gestion de proximit\u00e9 et de valorisation optimale des mati\u00e8res ressources, cette douzi\u00e8me \u00e9dition souhaite interroger la place des circuits courts et de la gestion circulaire, en milieu urbain, p\u00e9ri-urbain et rural. Diverses questions li\u00e9es \u00e0 l\u2019\u00e9nergie, au transport et \u00e0 l\u2019acceptabilit\u00e9 seront abord\u00e9es.<\/p>\n<p><a href=\"https:\/\/www.agence-adocc.com\/-evenements-\/journees-techniques-eau-et-dechets-2025-de-la-separation-a-la-valorisation-une-gestion-de-proximite\/\" class=\"spip_out\" rel=\"external noopener\" target=\"_blank\">Plus d\u2019informations<\/a> et <a href=\"https:\/\/forms.office.com\/pages\/responsepage.aspx?id=5hE9daj35UiPieK-rk0yUgy7alRDebRBqiUc9CSBVPJUMTRGMU85MUlJWllPR1o5OEFLSDBBRzNUVC4u&amp;route=shorturl\" class=\"spip_out\" rel=\"external noopener\" target=\"_blank\">inscriptions<\/a>.<\/p>\n<p> Journ\u00e9es techniques eau et d\u00e9chets. Les mercredi 22 et jeudi 23\u00a0octobre 2025, \u00e0 l\u2019Institut national des sciences appliqu\u00e9es (Insa) Toulouse, 135 avenue de Rangueil, \u00e0 Toulouse.<\/p>\n","protected":false},"excerpt":{"rendered":"La douzi\u00e8me \u00e9dition des \u00ab\u00a0Journ\u00e9es techniques eau et d\u00e9chets\u00a0\u00bb aura lieu les 22 et 23\u00a0octobre \u00e0 Toulouse. Le&hellip;\n","protected":false},"author":2,"featured_media":373637,"comment_status":"","ping_status":"","sticky":false,"template":"","format":"standard","meta":{"footnotes":""},"categories":[2816],"tags":[1111,11,3008,4858,1777,674,1011,27,59182,12,2680,25,2312],"class_list":{"0":"post-467911","1":"post","2":"type-post","3":"status-publish","4":"format-standard","5":"has-post-thumbnail","7":"category-toulouse","8":"tag-actu","9":"tag-actualites","10":"tag-dechets","11":"tag-eau","12":"tag-eu","13":"tag-europe","14":"tag-fr","15":"tag-france","16":"tag-institut-national-des-sciences-appliquees-de-toulouse-insa","17":"tag-news","18":"tag-occitanie","19":"tag-republique-francaise","20":"tag-toulouse"},"share_on_mastodon":{"url":"https:\/\/pubeurope.com\/@fr\/115384977071333849","error":""},"_links":{"self":[{"href":"https:\/\/www.europesays.com\/fr\/wp-json\/wp\/v2\/posts\/467911","targetHints":{"allow":["GET"]}}],"collection":[{"href":"https:\/\/www.europesays.com\/fr\/wp-json\/wp\/v2\/posts"}],"about":[{"href":"https:\/\/www.europesays.com\/fr\/wp-json\/wp\/v2\/types\/post"}],"author":[{"embeddable":true,"href":"https:\/\/www.europesays.com\/fr\/wp-json\/wp\/v2\/users\/2"}],"replies":[{"embeddable":true,"href":"https:\/\/www.europesays.com\/fr\/wp-json\/wp\/v2\/comments?post=467911"}],"version-history":[{"count":0,"href":"https:\/\/www.europesays.com\/fr\/wp-json\/wp\/v2\/posts\/467911\/revisions"}],"wp:featuredmedia":[{"embeddable":true,"href":"https:\/\/www.europesays.com\/fr\/wp-json\/wp\/v2\/media\/373637"}],"wp:attachment":[{"href":"https:\/\/www.europesays.com\/fr\/wp-json\/wp\/v2\/media?parent=467911"}],"wp:term":[{"taxonomy":"category","embeddable":true,"href":"https:\/\/www.europesays.com\/fr\/wp-json\/wp\/v2\/categories?post=467911"},{"taxonomy":"post_tag","embeddable":true,"href":"https:\/\/www.europesays.com\/fr\/wp-json\/wp\/v2\/tags?post=467911"}],"curies":[{"name":"wp","href":"https:\/\/api.w.org\/{rel}","templated":true}]}}