{"id":467918,"date":"2025-10-16T17:19:11","date_gmt":"2025-10-16T17:19:11","guid":{"rendered":"https:\/\/www.europesays.com\/fr\/467918\/"},"modified":"2025-10-16T17:19:11","modified_gmt":"2025-10-16T17:19:11","slug":"a-marseille-une-exposition-appelle-a-la-mobilisation-pour-le-don-de-sang","status":"publish","type":"post","link":"https:\/\/www.europesays.com\/fr\/467918\/","title":{"rendered":"\u00c0 Marseille, une exposition appelle \u00e0 la mobilisation pour le don de sang"},"content":{"rendered":"<p>Des petites sc\u00e8nes miniatures englob\u00e9es dans des bulles \u00e0 observer \u00e0 la loupe. C\u2019est la nouvelle exposition \u00ab\u00a0Minuscule, les cancers \u00e0 la loupe\u00a0\u00bb propos\u00e9e par l\u2019<a href=\"https:\/\/www.laprovence.com\/article\/sante\/6504988524706314\/don-du-sang-a-marseille-une-semaine-de-collecte-sur-le-vieux-port-pour-renforcer-les-reserves\" target=\"_blank\" rel=\"noopener\">\u00c9tablissement fran\u00e7ais du sang (EFS)<\/a>. Apr\u00e8s Besan\u00e7on et Brest, l\u2019exposition, n\u00e9e d\u2019une rencontre entre l\u2019EFS, Cap Sciences et l\u2019artiste Pierre Javelle, d\u00e9barque \u00e0 Marseille. Depuis le 14 octobre et jusqu&rsquo;au 5 novembre, l\u2019accrochage a pour but de sensibiliser les Fran\u00e7ais au don et aux recherches des laboratoires.<\/p>\n<p>En Provence, seules 800 personnes chaque jour donnent leur sang<\/p>\n<p>\u00ab\u00a0La r\u00e9gion n\u2019est pas autosuffisante\u00a0\u00bb, regrette Jacques Chiaroni, directeur de l\u2019EFS Provence-Alpes-C\u00f4te d\u2019Azur-Corse. En Provence, seules 800 personnes font don de leur sang chaque jour. Et il faudrait 1 000 dons de plus. Dans la r\u00e9gion, une poche sur quatre est import\u00e9e d\u2019autres territoires. \u00ab\u00a0Dans les territoires urbanis\u00e9s comme Marseille, les collectes sont plus complexes. Et, dans certaines cultures, le don est moins r\u00e9pandu. C\u2019est aussi l\u2019enjeu de cette exposition\u00a0: ouvrir le don \u00e0 tous\u00a0\u00bb, rappelle Jacques Chiaroni. Pour mieux sensibiliser, l\u2019exposition, ouverte au public, pr\u00e9sente cinq miniatures r\u00e9alis\u00e9es par l\u2019artiste Pierre Javelle.<\/p>\n<p>Dans les bulles, les sc\u00e8nes mat\u00e9rialisent les recherches des scientifiques\u00a0: des cellules, des globules et des copies de cancer. L\u2019enjeu est aussi de vulgariser les recherches men\u00e9es par l\u2019EFS. Dans un don, le sang peut \u00eatre utilis\u00e9 pour la transfusion, mais aussi pour la formation des \u00e9tudiants, pour la recherche ou pour cr\u00e9er des r\u00e9actifs en laboratoires. \u00ab\u00a0Chaque don permet de faire avancer la m\u00e9decine et reculer les maladies\u00a0\u00bb, rappelle Jacques Chiaroni.<\/p>\n<p>\u00ab\u00a0Minuscule, les cancers \u00e0 la loupe\u00a0\u00bb&#13;<br \/>\n\u00c9tablissement fran\u00e7ais du sang au 149 Boulevard Baille (5e)&#13;<br \/>\nDu lundi au vendredi de 9h \u00e0 17h<\/p>\n","protected":false},"excerpt":{"rendered":"Des petites sc\u00e8nes miniatures englob\u00e9es dans des bulles \u00e0 observer \u00e0 la loupe. C\u2019est la nouvelle exposition \u00ab\u00a0Minuscule,&hellip;\n","protected":false},"author":2,"featured_media":467919,"comment_status":"","ping_status":"","sticky":false,"template":"","format":"standard","meta":{"footnotes":""},"categories":[2814],"tags":[17,1111,11,18235,13554,1777,674,3293,1011,27,884,10234,12,471,882,16,25,96],"class_list":{"0":"post-467918","1":"post","2":"type-post","3":"status-publish","4":"format-standard","5":"has-post-thumbnail","7":"category-marseille","8":"tag-17","9":"tag-actu","10":"tag-actualites","11":"tag-appelle","12":"tag-don","13":"tag-eu","14":"tag-europe","15":"tag-exposition","16":"tag-fr","17":"tag-france","18":"tag-marseille","19":"tag-mobilisation","20":"tag-news","21":"tag-pour","22":"tag-provence-alpes-cote-dazur","23":"tag-region","24":"tag-republique-francaise","25":"tag-une"},"share_on_mastodon":{"url":"https:\/\/pubeurope.com\/@fr\/115384992666106533","error":""},"_links":{"self":[{"href":"https:\/\/www.europesays.com\/fr\/wp-json\/wp\/v2\/posts\/467918","targetHints":{"allow":["GET"]}}],"collection":[{"href":"https:\/\/www.europesays.com\/fr\/wp-json\/wp\/v2\/posts"}],"about":[{"href":"https:\/\/www.europesays.com\/fr\/wp-json\/wp\/v2\/types\/post"}],"author":[{"embeddable":true,"href":"https:\/\/www.europesays.com\/fr\/wp-json\/wp\/v2\/users\/2"}],"replies":[{"embeddable":true,"href":"https:\/\/www.europesays.com\/fr\/wp-json\/wp\/v2\/comments?post=467918"}],"version-history":[{"count":0,"href":"https:\/\/www.europesays.com\/fr\/wp-json\/wp\/v2\/posts\/467918\/revisions"}],"wp:featuredmedia":[{"embeddable":true,"href":"https:\/\/www.europesays.com\/fr\/wp-json\/wp\/v2\/media\/467919"}],"wp:attachment":[{"href":"https:\/\/www.europesays.com\/fr\/wp-json\/wp\/v2\/media?parent=467918"}],"wp:term":[{"taxonomy":"category","embeddable":true,"href":"https:\/\/www.europesays.com\/fr\/wp-json\/wp\/v2\/categories?post=467918"},{"taxonomy":"post_tag","embeddable":true,"href":"https:\/\/www.europesays.com\/fr\/wp-json\/wp\/v2\/tags?post=467918"}],"curies":[{"name":"wp","href":"https:\/\/api.w.org\/{rel}","templated":true}]}}