{"id":467922,"date":"2025-10-16T17:22:18","date_gmt":"2025-10-16T17:22:18","guid":{"rendered":"https:\/\/www.europesays.com\/fr\/467922\/"},"modified":"2025-10-16T17:22:18","modified_gmt":"2025-10-16T17:22:18","slug":"lyon-claire-batt-publie-un-livre-pour-enfants-sur-les-liens-qui-font-du-bien","status":"publish","type":"post","link":"https:\/\/www.europesays.com\/fr\/467922\/","title":{"rendered":"Lyon. Claire Batt publie un livre pour enfants sur les liens qui font du bien"},"content":{"rendered":"<p>C ette Lyonnaise dynamique, m\u00e8re de quatre enfants s\u2019est engag\u00e9e en 2017 en faveur du lien social, apr\u00e8s avoir travers\u00e9 un \u00e9pisode de solitude. Elle a aussi pris conscience durant sa 4 e ann\u00e9e de m\u00e9decine au Cameroun, lors d\u2019un stage, que sa vie devait s\u2019orienter vers l\u2019humain, plut\u00f4t que vers l\u2019aspect strictement m\u00e9dical. <\/p>\n<p>Un s\u00e9jour \u00e0 l\u2019\u00e9tranger et ses choix de vie l\u2019ont amen\u00e9e \u00e0 d\u00e9couvrir les&#8230;<\/p>\n","protected":false},"excerpt":{"rendered":"C ette Lyonnaise dynamique, m\u00e8re de quatre enfants s\u2019est engag\u00e9e en 2017 en faveur du lien social, apr\u00e8s&hellip;\n","protected":false},"author":2,"featured_media":467923,"comment_status":"","ping_status":"","sticky":false,"template":"","format":"standard","meta":{"footnotes":""},"categories":[1889],"tags":[1111,11,2430,2757,1057,1777,674,1011,27,2428,2756,12,25],"class_list":{"0":"post-467922","1":"post","2":"type-post","3":"status-publish","4":"format-standard","5":"has-post-thumbnail","7":"category-lyon","8":"tag-actu","9":"tag-actualites","10":"tag-auvergne-rhone-alpes","11":"tag-edition-lyon-villeurbanne","12":"tag-education","13":"tag-eu","14":"tag-europe","15":"tag-fr","16":"tag-france","17":"tag-lyon","18":"tag-lyon-bassin","19":"tag-news","20":"tag-republique-francaise"},"share_on_mastodon":{"url":"https:\/\/pubeurope.com\/@fr\/115385005205918973","error":""},"_links":{"self":[{"href":"https:\/\/www.europesays.com\/fr\/wp-json\/wp\/v2\/posts\/467922","targetHints":{"allow":["GET"]}}],"collection":[{"href":"https:\/\/www.europesays.com\/fr\/wp-json\/wp\/v2\/posts"}],"about":[{"href":"https:\/\/www.europesays.com\/fr\/wp-json\/wp\/v2\/types\/post"}],"author":[{"embeddable":true,"href":"https:\/\/www.europesays.com\/fr\/wp-json\/wp\/v2\/users\/2"}],"replies":[{"embeddable":true,"href":"https:\/\/www.europesays.com\/fr\/wp-json\/wp\/v2\/comments?post=467922"}],"version-history":[{"count":0,"href":"https:\/\/www.europesays.com\/fr\/wp-json\/wp\/v2\/posts\/467922\/revisions"}],"wp:featuredmedia":[{"embeddable":true,"href":"https:\/\/www.europesays.com\/fr\/wp-json\/wp\/v2\/media\/467923"}],"wp:attachment":[{"href":"https:\/\/www.europesays.com\/fr\/wp-json\/wp\/v2\/media?parent=467922"}],"wp:term":[{"taxonomy":"category","embeddable":true,"href":"https:\/\/www.europesays.com\/fr\/wp-json\/wp\/v2\/categories?post=467922"},{"taxonomy":"post_tag","embeddable":true,"href":"https:\/\/www.europesays.com\/fr\/wp-json\/wp\/v2\/tags?post=467922"}],"curies":[{"name":"wp","href":"https:\/\/api.w.org\/{rel}","templated":true}]}}