{"id":467926,"date":"2025-10-16T17:24:10","date_gmt":"2025-10-16T17:24:10","guid":{"rendered":"https:\/\/www.europesays.com\/fr\/467926\/"},"modified":"2025-10-16T17:24:10","modified_gmt":"2025-10-16T17:24:10","slug":"vacances-de-la-toussaint-lile-de-france-et-lest-en-orange-pour-les-departs-nos-conseils-pour-eviter-les-bouchons-ici-francebleu-fr","status":"publish","type":"post","link":"https:\/\/www.europesays.com\/fr\/467926\/","title":{"rendered":"Vacances de la Toussaint : l&#039;\u00cele-de-France et l&#039;Est en orange pour les d\u00e9parts, nos conseils pour \u00e9viter les bouchons &#8211; ici &#8211; francebleu.fr"},"content":{"rendered":"<ol>\n<li><a href=\"https:\/\/news.google.com\/rss\/articles\/CBMi-AFBVV95cUxPRDI5ekVsUURidUIzT0dPQ3VZUHNrTFVKV1lvZlBoYjhqTmJvT1Mxa3JWUnIxN1dpeEVhUVJsSG1TdGtHaS1wd29MMTNwOEV2YkJqS2FqZHhEdWRpZ1cxb3gwX3FDM2tFZ3VGbjRVaUtwcDM5TjA0aGVwdDJHWHEzbnh6alFCT0dwUW03ekt0aUQxM2dCS1RwV3F3aUp4WjVaTm9YNjNEbWdLUjFnWm51MG9GZGxJQ01wblpORWNqN2RDWEpadm8xNWtSblktWjRoN0dkblNfNUVSYjBCVU1nXzJsdmtJanhTSHJwMjRNNVhJTENIR0p6Tw?oc=5\" target=\"_blank\" rel=\"nofollow noopener\">Vacances de la Toussaint : l&rsquo;\u00cele-de-France et l&rsquo;Est en orange pour les d\u00e9parts, nos conseils pour \u00e9viter les bouchons &#8211; ici<\/a>&nbsp;&nbsp;francebleu.fr<\/li>\n<li><a href=\"https:\/\/news.google.com\/rss\/articles\/CBMisgJBVV95cUxNeVAyemhDakJubmc2eU1rWmpMVU9FSk8yZ0VwdU1RaGx0TEhnd2h6NXdzbU9HdXRNSTV4aVFlaHNMSnNrYjB3alpuV2pIbXQyZUw2VXp5NFQxWWlCNVZ5U1FmWnFZbzNIR1hOa1RZaXVBb3FoOHE2YnA1NlB5MWFwT3hiWDE5RXFIZXVIUE90TnJ3bURPYVJrUURXNEoyWTJFV0tqcFdNc0ZjNENxa0ZmTGtIUGhzY3pzUmNyTVVpRHBsRlZIU014SkJscHlSTjFLcUg2UGtfN0YzQjUzQlRyT3pid0YzUVN4ZTNSUXYySFhFa3Y0amtlTFA1OUwwMnNyTzhWUG04SlJ5RFZCSzFIbGNBSWxFclpfaUJ1MGZ6bzctSmFwZFdpQWIzbEV2UFRyR1E?oc=5\" target=\"_blank\" rel=\"nofollow noopener\">Quelles sont les pr\u00e9visions Bison fut\u00e9 pour le premier week-end des vacances de la Toussaint 2025 ?<\/a>&nbsp;&nbsp;Ouest-France<\/li>\n<li><a href=\"https:\/\/news.google.com\/rss\/articles\/CBMirwFBVV95cUxQZ3pTLW92dkdvZEh5SzdXZkNQLTFkUU1UTHNEVzFhNjI3dDhfVjJ4anFCMWpPa2NMQWZGM2xHWXc4dkJDU0hqcnV3blBWVXkwVV9sZmpud1F0MW56UFhQX1dqUzJyNTljNi1BODI4RmRDWmJzZDNCcUl5T3JlODBqandnUFNBek9xd0xWckZ6Vl90RVZBZTROcVVNQnl6QjRtN0JlaEtTUF9vMnQzb1NN?oc=5\" target=\"_blank\" rel=\"nofollow noopener\">Vacances de la Toussaint : nos Gilets bleus \u00e0 vos c\u00f4t\u00e9s pour vous aider \u00e0 \u00ab recharger \u00bb !<\/a>&nbsp;&nbsp;VINCI Autoroutes<\/li>\n<li><a href=\"https:\/\/news.google.com\/rss\/articles\/CBMi2gFBVV95cUxQM2lGSUlSM0dqOHItVzZ3R094MUhua1R2clhhMV8tXzc4d0VDQ09WYWs5M0UzQnloRkhtamVZTmdGeUVPd2k5ZzM4WkRJbmFPaVE5OGFLNjc0b2xqQ1hfcDZGV281dmw1R2ZXRzRIbEE4UWdNODFRS2w1SVN5QXJNcjd0SGtWQ0plVjRHMjZvNU1sWUhUVmFadWphTHFQQW9oNlg3VmRyQUcweE1IYVFvM2VIajg2M1l1czdLOWFlRGNXZWpncm51dnFobjRidF9DME9ENmk4dHZEZw?oc=5\" target=\"_blank\" rel=\"nofollow noopener\">Bison Fut\u00e9 : \u00e0 quoi s\u2019attendre sur les routes pour ce premier week-end des vacances de la Toussaint ?<\/a>&nbsp;&nbsp;Le Figaro<\/li>\n<li><a href=\"https:\/\/news.google.com\/rss\/articles\/CBMi9AFBVV95cUxPc2VvZTF1Z1NEbkV0OENoczBxNW5nTlNxd3J6TW1OSEhNazIwbnZtNjcydm91RnFJVWM4Vy1IMTlmOUlYa3NCY1R3RDQwb2MtTXhBQ2k4TUItQk5CX1dSbmgxNGdtMTBOYTlRb2dIUEJCLThzUW1RX2duVlM4RHdrUnpFaTRwdHNSbEFLV1hQTlo4ZjJ4SGxLZGFFNWY4Qi1zcFNzeFFmLWVCZzRYR05uTU5HMEF4bW91Ul84UkpVWVg5NUdybW9YSWM4dnBxRHJjSU41WU9MMW5jSDdldHR6NXJ5NnZXSnVNZlJYMzlpR0NyWHZq?oc=5\" target=\"_blank\" rel=\"nofollow noopener\">BISON FUT\u00c9 : Le d\u00e9but des vacances d\u2019automne pour la Bourgogne-Franche-Comt\u00e9<\/a>&nbsp;&nbsp;Creusot Infos<\/li>\n<\/ol>\n","protected":false},"excerpt":{"rendered":"Vacances de la Toussaint : l&rsquo;\u00cele-de-France et l&rsquo;Est en orange pour les d\u00e9parts, nos conseils pour \u00e9viter les&hellip;\n","protected":false},"author":2,"featured_media":395849,"comment_status":"","ping_status":"","sticky":false,"template":"","format":"standard","meta":{"footnotes":""},"categories":[1592],"tags":[1111,11,1777,674,1011,27,662,12,626,25],"class_list":{"0":"post-467926","1":"post","2":"type-post","3":"status-publish","4":"format-standard","5":"has-post-thumbnail","7":"category-ile-de-france","8":"tag-actu","9":"tag-actualites","10":"tag-eu","11":"tag-europe","12":"tag-fr","13":"tag-france","14":"tag-ile-de-france","15":"tag-news","16":"tag-paris","17":"tag-republique-francaise"},"share_on_mastodon":{"url":"","error":""},"_links":{"self":[{"href":"https:\/\/www.europesays.com\/fr\/wp-json\/wp\/v2\/posts\/467926","targetHints":{"allow":["GET"]}}],"collection":[{"href":"https:\/\/www.europesays.com\/fr\/wp-json\/wp\/v2\/posts"}],"about":[{"href":"https:\/\/www.europesays.com\/fr\/wp-json\/wp\/v2\/types\/post"}],"author":[{"embeddable":true,"href":"https:\/\/www.europesays.com\/fr\/wp-json\/wp\/v2\/users\/2"}],"replies":[{"embeddable":true,"href":"https:\/\/www.europesays.com\/fr\/wp-json\/wp\/v2\/comments?post=467926"}],"version-history":[{"count":0,"href":"https:\/\/www.europesays.com\/fr\/wp-json\/wp\/v2\/posts\/467926\/revisions"}],"wp:featuredmedia":[{"embeddable":true,"href":"https:\/\/www.europesays.com\/fr\/wp-json\/wp\/v2\/media\/395849"}],"wp:attachment":[{"href":"https:\/\/www.europesays.com\/fr\/wp-json\/wp\/v2\/media?parent=467926"}],"wp:term":[{"taxonomy":"category","embeddable":true,"href":"https:\/\/www.europesays.com\/fr\/wp-json\/wp\/v2\/categories?post=467926"},{"taxonomy":"post_tag","embeddable":true,"href":"https:\/\/www.europesays.com\/fr\/wp-json\/wp\/v2\/tags?post=467926"}],"curies":[{"name":"wp","href":"https:\/\/api.w.org\/{rel}","templated":true}]}}