{"id":467927,"date":"2025-10-16T17:25:31","date_gmt":"2025-10-16T17:25:31","guid":{"rendered":"https:\/\/www.europesays.com\/fr\/467927\/"},"modified":"2025-10-16T17:25:31","modified_gmt":"2025-10-16T17:25:31","slug":"mauvaise-nouvelle-pour-les-usagers-du-metro-le-prix-du-passe-navigo-va-encore-augmenter-en-2026","status":"publish","type":"post","link":"https:\/\/www.europesays.com\/fr\/467927\/","title":{"rendered":"Mauvaise nouvelle pour les usagers du m\u00e9tro ! Le prix du passe Navigo va encore augmenter en 2026"},"content":{"rendered":"<p>Mauvaise nouvelle pour les d\u00e9tenteurs du passe <a href=\"https:\/\/www.femmeactuelle.fr\/actu\/news-actu\/ca-commencait-a-chauffer-son-pass-navigo-et-sa-carte-bancaire-brulent-dans-sa-poche-de-facon-inexpliquee-2198261\" rel=\"nofollow noopener\" target=\"_blank\">Navigo<\/a> : son prix va encore augmenter. Selon les projections d\u2019\u00cele-de-France Mobilit\u00e9s (IDFM), l<strong>e forfait toutes zones devrait atteindre 90,80 euros par mois \u00e0 compter du 1er janvier 2026<\/strong>. Le Conseil d\u2019administration du groupe doit valider cette nouvelle hausse de +2,3 % lors de sa r\u00e9union du <strong>vendredi 17 octobre 2025<\/strong>. En clair, il s\u2019agit d\u2019une augmentation mensuelle de 1,20 euro. Cette revalorisation concernerait \u00e9galement le forfait Imagine R, destin\u00e9 aux <a href=\"https:\/\/www.femmeactuelle.fr\/actu\/news-actu\/hot-chip-challenge-des-collegiens-de-l-oise-victimes-de-graves-brulures-apres-ce-defi-tiktok-la-direction-tire-la-sonnette-dalarme-2199480\" rel=\"nofollow noopener\" target=\"_blank\">coll\u00e9giens<\/a>, lyc\u00e9ens, \u00e9tudiants et apprentis de moins de 26 ans r\u00e9sidant en \u00cele-de-France. <strong>Celui-ci passerait de 392,30 euros actuellement \u00e0 401 euros<\/strong> pour l\u2019ann\u00e9e scolaire 2026-2027.<\/p>\n<p><strong>IDFM justifie cette hausse par l\u2019inflation.<\/strong> Le document strat\u00e9gique pr\u00e9sent\u00e9 vendredi au vote du Conseil pr\u00e9voit une \u00e9volution tarifaire \u201climit\u00e9e \u00e0 l\u2019<a href=\"https:\/\/www.femmeactuelle.fr\/actu\/news-actu\/pourquoi-les-prix-du-beurre-du-sucre-ou-du-cafe-continuent-de-flamber-alors-que-linflation-baisse-2182248\" rel=\"nofollow noopener\" target=\"_blank\">inflation<\/a> major\u00e9e d\u2019un point\u201d, conform\u00e9ment aux orientations du protocole financier. Le d\u00e9tail complet de la nouvelle grille tarifaire sera d\u00e9voil\u00e9 au mois de d\u00e9cembre.<\/p>\n<p>Nouvelle hausse du passe Navigo d&rsquo;ici 2026, l&rsquo;opposition d\u00e9nonce une d\u00e9cision injuste<\/p>\n<p>L\u2019an dernier d\u00e9j\u00e0, <strong>le forfait Navigo toutes zones avait connu une augmentation de 2,40 euros<\/strong>. Elle \u00e9tait en partie li\u00e9e \u00e0 la modernisation du r\u00e9seau et aux investissements n\u00e9cessaires \u00e0 son am\u00e9lioration. Pour le groupe d\u2019opposition de gauche au Conseil r\u00e9gional d\u2019\u00cele-de-France, <strong>ces hausses r\u00e9p\u00e9t\u00e9es p\u00e8sent sur le pouvoir d\u2019achat des Franciliens<\/strong>. Dans un communiqu\u00e9 relay\u00e9 par France Info, le groupe d\u00e9nonce \u00ab\u00a0un manque de volontarisme dans la recherche de nouvelles recettes pour \u00cele-de-France Mobilit\u00e9s et des choix de gestion n\u00e9fastes pour les finances publiques, notamment la privatisation du r\u00e9seau\u00a0\u00bb. \u00ab\u00a0Ces hausses tarifaires permettront de faire face aux co\u00fbts consid\u00e9rables li\u00e9s \u00e0 la mise en concurrence du r\u00e9seau de bus de grande couronne et \u00e0 la privatisation du r\u00e9seau, qui gr\u00e8vent le budget 2026 d\u2019\u00cele-de-France Mobilit\u00e9s. Des d\u00e9penses bien \u00e9loign\u00e9es des attentes des Franciliens, qui subissent d\u00e9j\u00e0 la d\u00e9gradation du service et les augmentations r\u00e9p\u00e9t\u00e9es\u00a0\u00bb, d\u00e9plore C\u00e9line Malais\u00e9, \u00e9lue du groupe de la Gauche Communiste, \u00c9cologiste et Citoyenne.<\/p>\n<p>De son c\u00f4t\u00e9, \u00cele-de-France Mobilit\u00e9s d\u00e9fend sa d\u00e9cision. <strong>L\u2019\u00e9tablissement affirme que ces ajustements tarifaires permettront de financer l\u2019extension et la modernisation du r\u00e9seau de <\/strong><a href=\"https:\/\/www.femmeactuelle.fr\/sante\/sante-pratique\/mal-des-transports-des-lectrices-partagent-les-solutions-qui-les-ont-soulagees-l-avis-du-medecin-2196572\" rel=\"nofollow noopener\" target=\"_blank\"><strong>transports<\/strong><\/a> : \u00ab\u00a0Nous serons en mesure de doubler le r\u00e9seau de m\u00e9tro francilien d\u2019ici 2031, avec plus de 200 km de nouvelles lignes (15, 16, 17 et 18), le prolongement du RER E jusqu\u2019\u00e0 Mantes, celui du T13, ainsi que le renouvellement complet des bus, cars, m\u00e9tros, trains et RER\u00a0\u00bb, explique-t-il. D\u2019autres pr\u00e9cisions devraient \u00eatre apport\u00e9es vendredi 17 octobre, \u00e0 l\u2019issue du Conseil d\u2019administration.<\/p>\n<p><strong>Sources : <\/strong><\/p>\n<ul>\n<li><a href=\"https:\/\/www.leparisien.fr\/info-paris-ile-de-france-oise\/transports\/le-passe-navigo-va-encore-augmenter-en-2026-a-plus-de-90-euros-le-mois-16-10-2025-YZK6W7K56ZH6RFCRW6JTO2FJAI.php\" rel=\"nofollow noopener\" target=\"_blank\">Le Parisien<\/a> &#8211; 16\/10\/2025 : \u00ab\u00a0Passe Navigo : son prix va encore augmenter l\u2019ann\u00e9e prochaine, voici combien il devrait co\u00fbter\u00a0\u00bb<\/li>\n<li><a href=\"https:\/\/france3-regions.franceinfo.fr\/paris-ile-de-france\/le-passe-navigo-coutera-90-euros-au-1er-janvier-2026-3234215.html\" rel=\"nofollow noopener\" target=\"_blank\"> France info<\/a> -16\/10\/2025 : \u00ab\u00a0Le passe Navigo co\u00fbtera 90 euros au 1er janvier 2026\u00a0\u00bb<\/li>\n<\/ul>\n","protected":false},"excerpt":{"rendered":"Mauvaise nouvelle pour les d\u00e9tenteurs du passe Navigo : son prix va encore augmenter. Selon les projections d\u2019\u00cele-de-France&hellip;\n","protected":false},"author":2,"featured_media":467928,"comment_status":"","ping_status":"","sticky":false,"template":"","format":"standard","meta":{"footnotes":""},"categories":[1592],"tags":[1111,11,1777,674,1011,27,662,9345,12,626,14377,25,2803],"class_list":{"0":"post-467927","1":"post","2":"type-post","3":"status-publish","4":"format-standard","5":"has-post-thumbnail","7":"category-ile-de-france","8":"tag-actu","9":"tag-actualites","10":"tag-eu","11":"tag-europe","12":"tag-fr","13":"tag-france","14":"tag-ile-de-france","15":"tag-inflation","16":"tag-news","17":"tag-paris","18":"tag-pass-navigo","19":"tag-republique-francaise","20":"tag-transport"},"share_on_mastodon":{"url":"https:\/\/pubeurope.com\/@fr\/115385016293461084","error":""},"_links":{"self":[{"href":"https:\/\/www.europesays.com\/fr\/wp-json\/wp\/v2\/posts\/467927","targetHints":{"allow":["GET"]}}],"collection":[{"href":"https:\/\/www.europesays.com\/fr\/wp-json\/wp\/v2\/posts"}],"about":[{"href":"https:\/\/www.europesays.com\/fr\/wp-json\/wp\/v2\/types\/post"}],"author":[{"embeddable":true,"href":"https:\/\/www.europesays.com\/fr\/wp-json\/wp\/v2\/users\/2"}],"replies":[{"embeddable":true,"href":"https:\/\/www.europesays.com\/fr\/wp-json\/wp\/v2\/comments?post=467927"}],"version-history":[{"count":0,"href":"https:\/\/www.europesays.com\/fr\/wp-json\/wp\/v2\/posts\/467927\/revisions"}],"wp:featuredmedia":[{"embeddable":true,"href":"https:\/\/www.europesays.com\/fr\/wp-json\/wp\/v2\/media\/467928"}],"wp:attachment":[{"href":"https:\/\/www.europesays.com\/fr\/wp-json\/wp\/v2\/media?parent=467927"}],"wp:term":[{"taxonomy":"category","embeddable":true,"href":"https:\/\/www.europesays.com\/fr\/wp-json\/wp\/v2\/categories?post=467927"},{"taxonomy":"post_tag","embeddable":true,"href":"https:\/\/www.europesays.com\/fr\/wp-json\/wp\/v2\/tags?post=467927"}],"curies":[{"name":"wp","href":"https:\/\/api.w.org\/{rel}","templated":true}]}}